{"id":83192,"date":"2024-09-26T08:40:53","date_gmt":"2024-09-26T11:40:53","guid":{"rendered":"https:\/\/blogdoeloiltoncajuhy.com.br\/site\/?p=83192"},"modified":"2024-09-26T08:43:27","modified_gmt":"2024-09-26T11:43:27","slug":"idoso-e-morto-a-golpes-de-garrafa-em-campo-formoso","status":"publish","type":"post","link":"https:\/\/blogdoeloiltoncajuhy.com.br\/site\/idoso-e-morto-a-golpes-de-garrafa-em-campo-formoso\/","title":{"rendered":"Idoso \u00e9 morto a golpes de garrafa em Campo Formoso"},"content":{"rendered":"\n<p class=\"has-medium-font-size\"><strong>Crime foi registrado pela PM na madrugada desta quinta-feira<\/strong><\/p>\n\n\n\n<p><strong>Por Blog do Eloilton Cajuhy<\/strong><\/p>\n\n\n\n<figure class=\"wp-block-image aligncenter size-full\"><a href=\"https:\/\/i0.wp.com\/blogdoeloiltoncajuhy.com.br\/site\/wp-content\/uploads\/2024\/09\/Carlos-Pereira.png?ssl=1\"><img data-recalc-dims=\"1\" fetchpriority=\"high\" decoding=\"async\" width=\"291\" height=\"501\" src=\"https:\/\/i0.wp.com\/blogdoeloiltoncajuhy.com.br\/site\/wp-content\/uploads\/2024\/09\/Carlos-Pereira.png?resize=291%2C501&#038;ssl=1\" alt=\"\" class=\"wp-image-83193\" srcset=\"https:\/\/i0.wp.com\/blogdoeloiltoncajuhy.com.br\/site\/wp-content\/uploads\/2024\/09\/Carlos-Pereira.png?w=291&amp;ssl=1 291w, https:\/\/i0.wp.com\/blogdoeloiltoncajuhy.com.br\/site\/wp-content\/uploads\/2024\/09\/Carlos-Pereira.png?resize=174%2C300&amp;ssl=1 174w\" sizes=\"(max-width: 291px) 100vw, 291px\" \/><\/a><figcaption class=\"wp-element-caption\"><sub>Carlos Pereira, a v\u00edtima<\/sub><\/figcaption><\/figure>\n\n\n\n<p>Um idoso de 64 anos foi morto a golpes de garrafa em Campo Formoso. De acordo com informa\u00e7\u00f5es da 54\u00aa Companhia Independente da Pol\u00edcia Militar (54\u00aa CIPM), o crime aconteceu na Rua Erivelton Palha, bairro Campo de Avi\u00e3o, por volta das 3h da madrugada desta quinta-feira (26).<\/p>\n\n\n\n<ul class=\"wp-block-list\">\n<li><a href=\"https:\/\/whatsapp.com\/channel\/0029VaAT7tDLI8Yfj5y9Z50Z\"><strong><mark style=\"background-color:rgba(0, 0, 0, 0)\" class=\"has-inline-color has-vivid-red-color\">Seja membro do nosso canal no WhatsApp e veja mais not\u00edcias<\/mark><\/strong><\/a><\/li>\n<\/ul>\n\n\n\n<p><\/p>\n\n\n\n<p>A PM informou ainda que uma guarni\u00e7\u00e3o fazia rondas ostensivas na cidade quando foi acionada para atender a ocorr\u00eancia. Ao chegar ao local, os PMs constataram o homic\u00eddio contra o idoso que foi identificado como <strong><mark style=\"background-color:rgba(0, 0, 0, 0)\" class=\"has-inline-color has-black-color\">Carlos Pereira<\/mark><\/strong>.<\/p>\n\n\n\n<p>Ainda segundo a PM, ele foi v\u00edtima de agress\u00f5es m\u00faltiplas de garrafas quebradas. Ap\u00f3s informa\u00e7\u00f5es de testemunhas, a guarni\u00e7\u00e3o prendeu em flagrante o acusado, que foi conduzido para a delegacia de pol\u00edcia.<\/p>\n\n\n\n<p>O caso ser\u00e1 investigado pela pol\u00edcia de Campo Formoso.<\/p>\n","protected":false},"excerpt":{"rendered":"<p>Crime foi registrado pela PM na madrugada desta quinta-feira Por Blog do Eloilton Cajuhy Um idoso de 64 anos foi morto a golpes de garrafa em Campo Formoso. De acordo com informa\u00e7\u00f5es da 54\u00aa Companhia Independente da Pol\u00edcia Militar (54\u00aa CIPM), o crime aconteceu na Rua Erivelton Palha, bairro Campo de Avi\u00e3o, por volta das [&hellip;]<\/p>\n","protected":false},"author":2,"featured_media":83193,"comment_status":"open","ping_status":"open","sticky":false,"template":"","format":"standard","meta":{"_acf_changed":false,"_monsterinsights_skip_tracking":false,"_monsterinsights_sitenote_active":false,"_monsterinsights_sitenote_note":"","_monsterinsights_sitenote_category":0,"_jetpack_memberships_contains_paid_content":false,"footnotes":"","jetpack_publicize_message":"","jetpack_publicize_feature_enabled":true,"jetpack_social_post_already_shared":true,"jetpack_social_options":{"image_generator_settings":{"template":"highway","default_image_id":0,"font":"","enabled":false},"version":2}},"categories":[11],"tags":[],"class_list":["post-83192","post","type-post","status-publish","format-standard","has-post-thumbnail","hentry","category-regional"],"acf":[],"jetpack_publicize_connections":[],"jetpack_featured_media_url":"https:\/\/i0.wp.com\/blogdoeloiltoncajuhy.com.br\/site\/wp-content\/uploads\/2024\/09\/Carlos-Pereira.png?fit=291%2C501&ssl=1","jetpack_sharing_enabled":true,"publishpress_future_workflow_manual_trigger":{"enabledWorkflows":[]},"_links":{"self":[{"href":"https:\/\/blogdoeloiltoncajuhy.com.br\/site\/wp-json\/wp\/v2\/posts\/83192","targetHints":{"allow":["GET"]}}],"collection":[{"href":"https:\/\/blogdoeloiltoncajuhy.com.br\/site\/wp-json\/wp\/v2\/posts"}],"about":[{"href":"https:\/\/blogdoeloiltoncajuhy.com.br\/site\/wp-json\/wp\/v2\/types\/post"}],"author":[{"embeddable":true,"href":"https:\/\/blogdoeloiltoncajuhy.com.br\/site\/wp-json\/wp\/v2\/users\/2"}],"replies":[{"embeddable":true,"href":"https:\/\/blogdoeloiltoncajuhy.com.br\/site\/wp-json\/wp\/v2\/comments?post=83192"}],"version-history":[{"count":2,"href":"https:\/\/blogdoeloiltoncajuhy.com.br\/site\/wp-json\/wp\/v2\/posts\/83192\/revisions"}],"predecessor-version":[{"id":83196,"href":"https:\/\/blogdoeloiltoncajuhy.com.br\/site\/wp-json\/wp\/v2\/posts\/83192\/revisions\/83196"}],"wp:featuredmedia":[{"embeddable":true,"href":"https:\/\/blogdoeloiltoncajuhy.com.br\/site\/wp-json\/wp\/v2\/media\/83193"}],"wp:attachment":[{"href":"https:\/\/blogdoeloiltoncajuhy.com.br\/site\/wp-json\/wp\/v2\/media?parent=83192"}],"wp:term":[{"taxonomy":"category","embeddable":true,"href":"https:\/\/blogdoeloiltoncajuhy.com.br\/site\/wp-json\/wp\/v2\/categories?post=83192"},{"taxonomy":"post_tag","embeddable":true,"href":"https:\/\/blogdoeloiltoncajuhy.com.br\/site\/wp-json\/wp\/v2\/tags?post=83192"}],"curies":[{"name":"wp","href":"https:\/\/api.w.org\/{rel}","templated":true}]}}