{"id":83189,"date":"2024-09-26T08:09:44","date_gmt":"2024-09-26T11:09:44","guid":{"rendered":"https:\/\/blogdoeloiltoncajuhy.com.br\/site\/?p=83189"},"modified":"2024-09-26T08:09:45","modified_gmt":"2024-09-26T11:09:45","slug":"oab-em-itiuba-ganha-nova-sala","status":"publish","type":"post","link":"https:\/\/blogdoeloiltoncajuhy.com.br\/site\/oab-em-itiuba-ganha-nova-sala\/","title":{"rendered":"OAB em Iti\u00faba ganha nova sala"},"content":{"rendered":"\n<p class=\"has-medium-font-size\"><strong>Espa\u00e7o foi aparelhado pela seccional para atender advocacia da regi\u00e3o<\/strong><\/p>\n\n\n\n<p><strong>Por Blog do Eloilton Cajuhy<\/strong><\/p>\n\n\n\n<figure class=\"wp-block-image aligncenter size-full\"><a href=\"https:\/\/i0.wp.com\/blogdoeloiltoncajuhy.com.br\/site\/wp-content\/uploads\/2024\/09\/OAB-Itiuba_divulgacao.jpg?ssl=1\"><img data-recalc-dims=\"1\" fetchpriority=\"high\" decoding=\"async\" width=\"760\" height=\"506\" src=\"https:\/\/i0.wp.com\/blogdoeloiltoncajuhy.com.br\/site\/wp-content\/uploads\/2024\/09\/OAB-Itiuba_divulgacao.jpg?resize=760%2C506&#038;ssl=1\" alt=\"\" class=\"wp-image-83190\" srcset=\"https:\/\/i0.wp.com\/blogdoeloiltoncajuhy.com.br\/site\/wp-content\/uploads\/2024\/09\/OAB-Itiuba_divulgacao.jpg?w=760&amp;ssl=1 760w, https:\/\/i0.wp.com\/blogdoeloiltoncajuhy.com.br\/site\/wp-content\/uploads\/2024\/09\/OAB-Itiuba_divulgacao.jpg?resize=300%2C200&amp;ssl=1 300w\" sizes=\"(max-width: 760px) 100vw, 760px\" \/><\/a><figcaption class=\"wp-element-caption\"><sub>Foto: Divulga\u00e7\u00e3o<\/sub><\/figcaption><\/figure>\n\n\n\n<p>A OAB da Bahia entrega, nesta quinta (26), uma nova sala \u00e0 advocacia de Iti\u00faba. Com espa\u00e7o para reuni\u00e3o e mobili\u00e1rios novos, o espa\u00e7o foi aparelhado pela seccional para atender \u00e0s demandas da advocacia da regi\u00e3o. A inaugura\u00e7\u00e3o acontece \u00e0s 9h, no f\u00f3rum do munic\u00edpio, na Rua Quinze de Novembro, com a presen\u00e7a da diretoria e de conselheiros da seccional, al\u00e9m da advocacia local.<\/p>\n\n\n\n<p>Segundo o diretor tesoureiro da OAB-BA, Hermes Hilari\u00e3o, que conduzir\u00e1 a solenidade, a nova sala representa mais um passo em busca do fortalecimento da classe. &#8220;Esse ser\u00e1 um marco importante, que fortalecer\u00e1, ainda mais, a advocacia de Iti\u00faba. \u00c9 um marco importante para todas as advogadas e advogados que trabalham diuturnamente no exerc\u00edcio de uma profiss\u00e3o fundamental para o sistema de Justi\u00e7a&#8221;, disse.<\/p>\n\n\n\n<p><strong><em>Com informa\u00e7\u00f5es da OAB-BA<\/em><\/strong><\/p>\n","protected":false},"excerpt":{"rendered":"<p>Espa\u00e7o foi aparelhado pela seccional para atender advocacia da regi\u00e3o Por Blog do Eloilton Cajuhy A OAB da Bahia entrega, nesta quinta (26), uma nova sala \u00e0 advocacia de Iti\u00faba. Com espa\u00e7o para reuni\u00e3o e mobili\u00e1rios novos, o espa\u00e7o foi aparelhado pela seccional para atender \u00e0s demandas da advocacia da regi\u00e3o. A inaugura\u00e7\u00e3o acontece \u00e0s [&hellip;]<\/p>\n","protected":false},"author":2,"featured_media":83190,"comment_status":"open","ping_status":"open","sticky":false,"template":"","format":"standard","meta":{"_acf_changed":false,"_monsterinsights_skip_tracking":false,"_monsterinsights_sitenote_active":false,"_monsterinsights_sitenote_note":"","_monsterinsights_sitenote_category":0,"_jetpack_memberships_contains_paid_content":false,"footnotes":"","jetpack_publicize_message":"","jetpack_publicize_feature_enabled":true,"jetpack_social_post_already_shared":true,"jetpack_social_options":{"image_generator_settings":{"template":"highway","default_image_id":0,"font":"","enabled":false},"version":2}},"categories":[11],"tags":[],"class_list":["post-83189","post","type-post","status-publish","format-standard","has-post-thumbnail","hentry","category-regional"],"acf":[],"jetpack_publicize_connections":[],"jetpack_featured_media_url":"https:\/\/i0.wp.com\/blogdoeloiltoncajuhy.com.br\/site\/wp-content\/uploads\/2024\/09\/OAB-Itiuba_divulgacao.jpg?fit=760%2C506&ssl=1","jetpack_sharing_enabled":true,"publishpress_future_workflow_manual_trigger":{"enabledWorkflows":[]},"_links":{"self":[{"href":"https:\/\/blogdoeloiltoncajuhy.com.br\/site\/wp-json\/wp\/v2\/posts\/83189","targetHints":{"allow":["GET"]}}],"collection":[{"href":"https:\/\/blogdoeloiltoncajuhy.com.br\/site\/wp-json\/wp\/v2\/posts"}],"about":[{"href":"https:\/\/blogdoeloiltoncajuhy.com.br\/site\/wp-json\/wp\/v2\/types\/post"}],"author":[{"embeddable":true,"href":"https:\/\/blogdoeloiltoncajuhy.com.br\/site\/wp-json\/wp\/v2\/users\/2"}],"replies":[{"embeddable":true,"href":"https:\/\/blogdoeloiltoncajuhy.com.br\/site\/wp-json\/wp\/v2\/comments?post=83189"}],"version-history":[{"count":1,"href":"https:\/\/blogdoeloiltoncajuhy.com.br\/site\/wp-json\/wp\/v2\/posts\/83189\/revisions"}],"predecessor-version":[{"id":83191,"href":"https:\/\/blogdoeloiltoncajuhy.com.br\/site\/wp-json\/wp\/v2\/posts\/83189\/revisions\/83191"}],"wp:featuredmedia":[{"embeddable":true,"href":"https:\/\/blogdoeloiltoncajuhy.com.br\/site\/wp-json\/wp\/v2\/media\/83190"}],"wp:attachment":[{"href":"https:\/\/blogdoeloiltoncajuhy.com.br\/site\/wp-json\/wp\/v2\/media?parent=83189"}],"wp:term":[{"taxonomy":"category","embeddable":true,"href":"https:\/\/blogdoeloiltoncajuhy.com.br\/site\/wp-json\/wp\/v2\/categories?post=83189"},{"taxonomy":"post_tag","embeddable":true,"href":"https:\/\/blogdoeloiltoncajuhy.com.br\/site\/wp-json\/wp\/v2\/tags?post=83189"}],"curies":[{"name":"wp","href":"https:\/\/api.w.org\/{rel}","templated":true}]}}