{"id":82878,"date":"2024-09-09T19:13:48","date_gmt":"2024-09-09T22:13:48","guid":{"rendered":"https:\/\/blogdoeloiltoncajuhy.com.br\/site\/?p=82878"},"modified":"2024-09-09T19:13:50","modified_gmt":"2024-09-09T22:13:50","slug":"sac-oferece-servico-da-nova-carteira-de-identidade-em-senhor-do-bonfim-a-partir-de-quinta-feira-12","status":"publish","type":"post","link":"https:\/\/blogdoeloiltoncajuhy.com.br\/site\/sac-oferece-servico-da-nova-carteira-de-identidade-em-senhor-do-bonfim-a-partir-de-quinta-feira-12\/","title":{"rendered":"SAC oferece servi\u00e7o da nova carteira de identidade em Senhor do Bonfim a partir de quinta-feira (12)"},"content":{"rendered":"\n<p class=\"has-medium-font-size\"><strong>Procedimento implica na suspens\u00e3o da emiss\u00e3o do antigo RG nas unidades no per\u00edodo de 9 a 11 de setembro<\/strong><\/p>\n\n\n\n<p><strong>Blog do Eloilton Cajuhy<\/strong><\/p>\n\n\n\n<figure class=\"wp-block-image aligncenter size-full\"><a href=\"https:\/\/i0.wp.com\/blogdoeloiltoncajuhy.com.br\/site\/wp-content\/uploads\/2023\/09\/BONFIM_CENTRAL-SHOPPING-E-Foto_Willamas-Correia.jpg\"><img data-recalc-dims=\"1\" fetchpriority=\"high\" decoding=\"async\" width=\"700\" height=\"700\" src=\"https:\/\/i0.wp.com\/blogdoeloiltoncajuhy.com.br\/site\/wp-content\/uploads\/2023\/09\/BONFIM_CENTRAL-SHOPPING-E-Foto_Willamas-Correia.jpg?resize=700%2C700\" alt=\"\" class=\"wp-image-76696\" srcset=\"https:\/\/i0.wp.com\/blogdoeloiltoncajuhy.com.br\/site\/wp-content\/uploads\/2023\/09\/BONFIM_CENTRAL-SHOPPING-E-Foto_Willamas-Correia.jpg?w=700&amp;ssl=1 700w, https:\/\/i0.wp.com\/blogdoeloiltoncajuhy.com.br\/site\/wp-content\/uploads\/2023\/09\/BONFIM_CENTRAL-SHOPPING-E-Foto_Willamas-Correia.jpg?resize=300%2C300&amp;ssl=1 300w, https:\/\/i0.wp.com\/blogdoeloiltoncajuhy.com.br\/site\/wp-content\/uploads\/2023\/09\/BONFIM_CENTRAL-SHOPPING-E-Foto_Willamas-Correia.jpg?resize=150%2C150&amp;ssl=1 150w\" sizes=\"(max-width: 700px) 100vw, 700px\" \/><\/a><figcaption class=\"wp-element-caption\"><sub>O SAC de Bonfim funciona no primeiro andar do Central Shopping no Centro da cidade &#8211; Foto: Willamas Correia<\/sub><\/figcaption><\/figure>\n\n\n\n<p>Uma boa not\u00edcia para os moradores de Senhor do Bonfim que pretendem ter a nova Carteira de Identidade Nacional (CIN). O novo documento chega a nossa cidade e mais cinco postos SAC no interior do Estado a partir desta quinta-feira (12). A amplia\u00e7\u00e3o no interior segue para os postos SAC Alagoinhas, Brumado, Guanambi, Jacobina, Paulo Afonso, al\u00e9m de Bonfim. O atendimento da CIN \u00e9 realizado somente atrav\u00e9s de agendamento pr\u00e9vio, que deve ser feito atrav\u00e9s do aplicativo ou portal <a href=\"http:\/\/ba.gov.br\"><strong><mark style=\"background-color:rgba(0, 0, 0, 0)\" class=\"has-inline-color has-vivid-cyan-blue-color\">ba.gov.br<\/mark><\/strong><\/a>, ou pelo call center: (71) 4020-5353 (liga\u00e7\u00e3o de celular) ou 0800 071 5353 (liga\u00e7\u00e3o de fixo).<\/p>\n\n\n\n<p>\u00c9 importante destacar que, para realizar a implanta\u00e7\u00e3o da CIN, a emiss\u00e3o do antigo RG est\u00e1 suspensa no per\u00edodo de 9 a 11 de setembro nestes seis postos. Por\u00e9m, o cidad\u00e3o que j\u00e1 havia solicitado o documento pode ir busc\u00e1-lo na unidade, sem necessidade de agendamento. Basta apresentar o protocolo em m\u00e3os. A implanta\u00e7\u00e3o da CIN na Bahia \u00e9 realizada pelo Departamento de Pol\u00edcia T\u00e9cnica (DPT), \u00f3rg\u00e3o ligado \u00e0 Secretaria de Seguran\u00e7a P\u00fablica (SSP), e respons\u00e1vel pelo Instituto de Identifica\u00e7\u00e3o Pedro Mello (IIPM), em parceria com a Secretaria da Administra\u00e7\u00e3o (Saeb), atrav\u00e9s do SAC.<\/p>\n\n\n\n<ul class=\"wp-block-list\">\n<li><a href=\"https:\/\/whatsapp.com\/channel\/0029VaAT7tDLI8Yfj5y9Z50Z\"><strong><mark style=\"background-color:rgba(0, 0, 0, 0)\" class=\"has-inline-color has-vivid-red-color\">Seja membro do nosso canal no WhatsApp e veja mais not\u00edcias<\/mark><\/strong><\/a><\/li>\n<\/ul>\n\n\n\n<p><\/p>\n\n\n\n<figure class=\"wp-block-image aligncenter size-full is-resized\"><a href=\"https:\/\/i0.wp.com\/blogdoeloiltoncajuhy.com.br\/site\/wp-content\/uploads\/2024\/01\/Modelo-da-nova-carteira-nacional-de-identidade-%E2%80%94-Foto-Itep-Divulgacao.png\"><img data-recalc-dims=\"1\" decoding=\"async\" width=\"800\" height=\"569\" src=\"https:\/\/i0.wp.com\/blogdoeloiltoncajuhy.com.br\/site\/wp-content\/uploads\/2024\/01\/Modelo-da-nova-carteira-nacional-de-identidade-%E2%80%94-Foto-Itep-Divulgacao.png?resize=800%2C569\" alt=\"\" class=\"wp-image-78640\" style=\"width:617px;height:auto\" srcset=\"https:\/\/i0.wp.com\/blogdoeloiltoncajuhy.com.br\/site\/wp-content\/uploads\/2024\/01\/Modelo-da-nova-carteira-nacional-de-identidade-%E2%80%94-Foto-Itep-Divulgacao.png?w=819&amp;ssl=1 819w, https:\/\/i0.wp.com\/blogdoeloiltoncajuhy.com.br\/site\/wp-content\/uploads\/2024\/01\/Modelo-da-nova-carteira-nacional-de-identidade-%E2%80%94-Foto-Itep-Divulgacao.png?resize=300%2C214&amp;ssl=1 300w, https:\/\/i0.wp.com\/blogdoeloiltoncajuhy.com.br\/site\/wp-content\/uploads\/2024\/01\/Modelo-da-nova-carteira-nacional-de-identidade-%E2%80%94-Foto-Itep-Divulgacao.png?resize=768%2C547&amp;ssl=1 768w\" sizes=\"(max-width: 800px) 100vw, 800px\" \/><\/a><figcaption class=\"wp-element-caption\"><sub>Modelo da nova Carteira de Identidade Nacional \u2014 Foto: Itep\/Divulga\u00e7\u00e3o<\/sub><\/figcaption><\/figure>\n\n\n\n<p>A primeira via da CIN \u00e9 gratuita e ter\u00e1 o Cadastro de Pessoa F\u00edsica (CPF) como n\u00famero \u00fanico de identifica\u00e7\u00e3o. Para fazer o documento \u00e9 necess\u00e1rio apresentar a certid\u00e3o de nascimento ou de estado civil (original). Caso a certid\u00e3o original esteja plastificada \u00e9 preciso levar tamb\u00e9m uma c\u00f3pia. Vale destacar que a CIN permite incluir outros n\u00fameros de documentos como CNH, carteira de trabalho, t\u00edtulo de eleitor e certificado militar. Al\u00e9m disso, podem ser adicionadas tamb\u00e9m condi\u00e7\u00f5es de sa\u00fade, como o Transtorno do Espectro Autista (TEA) e defici\u00eancias auditiva, visual, f\u00edsica e intelectual; e at\u00e9 informa\u00e7\u00f5es como tipo sangu\u00edneo, fator RH e op\u00e7\u00e3o por ser doador de \u00f3rg\u00e3o.<\/p>\n\n\n\n<p>Outra novidade \u00e9 a inclus\u00e3o do nome social a pedido do pr\u00f3prio cidad\u00e3o. Caso haja mudan\u00e7a de nome na certid\u00e3o de nascimento fica valendo apenas este novo registro. A CIN tamb\u00e9m possui uma vers\u00e3o digital que estar\u00e1 dispon\u00edvel no GOV.BR tr\u00eas dias ap\u00f3s a impress\u00e3o. No documento ainda consta um QR Code para verifica\u00e7\u00e3o da autenticidade e verifica\u00e7\u00e3o de dados. \u00c9 importante ressaltar que os cidad\u00e3os n\u00e3o s\u00e3o obrigados a se dirigir imediatamente aos postos SAC para trocar de documento. O padr\u00e3o antigo, o RG, tem validade at\u00e9 o dia 28 de fevereiro de 2032.<\/p>\n\n\n\n<p>A CIN tem validade de acordo com a faixa et\u00e1ria do cidad\u00e3o: de 0 a 12 anos incompletos, validade de 5 anos; 12 a 60 anos incompletos, validade de 10 anos; acima de 60 anos, validade indeterminada. Para outras informa\u00e7\u00f5es, a Saeb disponibiliza o site oficial (<a href=\"http:\/\/www.saeb.ba.gov.br\"><strong><mark style=\"background-color:rgba(0, 0, 0, 0)\" class=\"has-inline-color has-vivid-cyan-blue-color\">www.saeb.ba.gov.br<\/mark><\/strong><\/a>) e o site institucional do SAC (<a href=\"http:\/\/www.sac.ba.gov.br\"><strong><mark style=\"background-color:rgba(0, 0, 0, 0)\" class=\"has-inline-color has-vivid-cyan-blue-color\">www.sac.ba.gov.br<\/mark><\/strong><\/a>), al\u00e9m do call center: (71) 4020-5353 (liga\u00e7\u00e3o de celular) ou 0800 071 5353 (liga\u00e7\u00e3o de fixo).<\/p>\n\n\n\n<p>O atendimento da CIN j\u00e1 acontece nos 11 postos SAC da capital: (Barra, Bela Vista, Cajazeiras, Com\u00e9rcio, Liberdade, Pau da Lima, Periperi, Pitua\u00e7u, Shopping da Bahia, Salvador Shopping e Uruguai); nos quatro da Regi\u00e3o Metropolitana de Salvador (RMS): (Cama\u00e7ari, Candeias, Lauro de Freitas e Sim\u00f5es Filho); e em 15 postos do interior: (Barreiras, Conquista I e II, Eun\u00e1polis, Feira I e II, Ilh\u00e9us, Irec\u00ea, Itabuna, Jequi\u00e9, Juazeiro, Porto Seguro, Santo Ant\u00f4nio de Jesus, Teixeira de Freitas e Valen\u00e7a).<\/p>\n\n\n\n<p><strong><em>Com informa\u00e7\u00f5es da Secom-BA<\/em><\/strong><\/p>\n","protected":false},"excerpt":{"rendered":"<p>Procedimento implica na suspens\u00e3o da emiss\u00e3o do antigo RG nas unidades no per\u00edodo de 9 a 11 de setembro Blog do Eloilton Cajuhy Uma boa not\u00edcia para os moradores de Senhor do Bonfim que pretendem ter a nova Carteira de Identidade Nacional (CIN). O novo documento chega a nossa cidade e mais cinco postos SAC [&hellip;]<\/p>\n","protected":false},"author":2,"featured_media":81184,"comment_status":"open","ping_status":"open","sticky":false,"template":"","format":"standard","meta":{"_acf_changed":false,"_monsterinsights_skip_tracking":false,"_monsterinsights_sitenote_active":false,"_monsterinsights_sitenote_note":"","_monsterinsights_sitenote_category":0,"_jetpack_memberships_contains_paid_content":false,"footnotes":"","jetpack_publicize_message":"","jetpack_publicize_feature_enabled":true,"jetpack_social_post_already_shared":true,"jetpack_social_options":{"image_generator_settings":{"template":"highway","default_image_id":0,"font":"","enabled":false},"version":2}},"categories":[4],"tags":[],"class_list":["post-82878","post","type-post","status-publish","format-standard","has-post-thumbnail","hentry","category-local"],"acf":[],"jetpack_publicize_connections":[],"jetpack_featured_media_url":"https:\/\/i0.wp.com\/blogdoeloiltoncajuhy.com.br\/site\/wp-content\/uploads\/2024\/06\/Nova-Carteira-de-Identidade-Divulgacao.jpg?fit=780%2C519&ssl=1","jetpack_sharing_enabled":true,"publishpress_future_workflow_manual_trigger":{"enabledWorkflows":[]},"_links":{"self":[{"href":"https:\/\/blogdoeloiltoncajuhy.com.br\/site\/wp-json\/wp\/v2\/posts\/82878","targetHints":{"allow":["GET"]}}],"collection":[{"href":"https:\/\/blogdoeloiltoncajuhy.com.br\/site\/wp-json\/wp\/v2\/posts"}],"about":[{"href":"https:\/\/blogdoeloiltoncajuhy.com.br\/site\/wp-json\/wp\/v2\/types\/post"}],"author":[{"embeddable":true,"href":"https:\/\/blogdoeloiltoncajuhy.com.br\/site\/wp-json\/wp\/v2\/users\/2"}],"replies":[{"embeddable":true,"href":"https:\/\/blogdoeloiltoncajuhy.com.br\/site\/wp-json\/wp\/v2\/comments?post=82878"}],"version-history":[{"count":1,"href":"https:\/\/blogdoeloiltoncajuhy.com.br\/site\/wp-json\/wp\/v2\/posts\/82878\/revisions"}],"predecessor-version":[{"id":82879,"href":"https:\/\/blogdoeloiltoncajuhy.com.br\/site\/wp-json\/wp\/v2\/posts\/82878\/revisions\/82879"}],"wp:featuredmedia":[{"embeddable":true,"href":"https:\/\/blogdoeloiltoncajuhy.com.br\/site\/wp-json\/wp\/v2\/media\/81184"}],"wp:attachment":[{"href":"https:\/\/blogdoeloiltoncajuhy.com.br\/site\/wp-json\/wp\/v2\/media?parent=82878"}],"wp:term":[{"taxonomy":"category","embeddable":true,"href":"https:\/\/blogdoeloiltoncajuhy.com.br\/site\/wp-json\/wp\/v2\/categories?post=82878"},{"taxonomy":"post_tag","embeddable":true,"href":"https:\/\/blogdoeloiltoncajuhy.com.br\/site\/wp-json\/wp\/v2\/tags?post=82878"}],"curies":[{"name":"wp","href":"https:\/\/api.w.org\/{rel}","templated":true}]}}