{"id":82875,"date":"2024-09-09T16:23:59","date_gmt":"2024-09-09T19:23:59","guid":{"rendered":"https:\/\/blogdoeloiltoncajuhy.com.br\/site\/?p=82875"},"modified":"2024-09-09T16:24:01","modified_gmt":"2024-09-09T19:24:01","slug":"no-aniversario-de-ana-carolina-veja-suas-musicas-mais-tocadas-no-brasil","status":"publish","type":"post","link":"https:\/\/blogdoeloiltoncajuhy.com.br\/site\/no-aniversario-de-ana-carolina-veja-suas-musicas-mais-tocadas-no-brasil\/","title":{"rendered":"No anivers\u00e1rio de Ana Carolina, veja suas m\u00fasicas mais tocadas no Brasil"},"content":{"rendered":"\n<p class=\"has-medium-font-size\"><strong>Ecad fez estudo sobre a artista e a can\u00e7\u00e3o \u201cQuem de n\u00f3s dois\u201d liderou os rankings musicais<\/strong><\/p>\n\n\n\n<p><strong>Por Imprensa Ecad<\/strong><\/p>\n\n\n\n<figure class=\"wp-block-image aligncenter size-full is-resized\"><a href=\"https:\/\/i0.wp.com\/blogdoeloiltoncajuhy.com.br\/site\/wp-content\/uploads\/2024\/09\/Ana-Carolina-Reproducao.jpeg\"><img data-recalc-dims=\"1\" fetchpriority=\"high\" decoding=\"async\" width=\"610\" height=\"407\" src=\"https:\/\/i0.wp.com\/blogdoeloiltoncajuhy.com.br\/site\/wp-content\/uploads\/2024\/09\/Ana-Carolina-Reproducao.jpeg?resize=610%2C407\" alt=\"\" class=\"wp-image-82876\" style=\"width:760px;height:auto\" srcset=\"https:\/\/i0.wp.com\/blogdoeloiltoncajuhy.com.br\/site\/wp-content\/uploads\/2024\/09\/Ana-Carolina-Reproducao.jpeg?w=610&amp;ssl=1 610w, https:\/\/i0.wp.com\/blogdoeloiltoncajuhy.com.br\/site\/wp-content\/uploads\/2024\/09\/Ana-Carolina-Reproducao.jpeg?resize=300%2C200&amp;ssl=1 300w\" sizes=\"(max-width: 610px) 100vw, 610px\" \/><\/a><figcaption class=\"wp-element-caption\"><sub>Imagem da Internet<\/sub><\/figcaption><\/figure>\n\n\n\n<ul class=\"wp-block-list\">\n<li><a href=\"https:\/\/whatsapp.com\/channel\/0029VaAT7tDLI8Yfj5y9Z50Z\"><strong><mark style=\"background-color:rgba(0, 0, 0, 0)\" class=\"has-inline-color has-vivid-red-color\">Seja membro do nosso canal no WhatsApp e veja mais not\u00edcias<\/mark><\/strong><\/a><\/li>\n<\/ul>\n\n\n\n<p><\/p>\n\n\n\n<p>Os 50 anos da cantora e compositora Ana Carolina s\u00e3o nesta segunda, 9. Para festejar o anivers\u00e1rio da artista, que tem uma voz \u00fanica e marcante, o Escrit\u00f3rio Central de Arrecada\u00e7\u00e3o e Distribui\u00e7\u00e3o (Ecad) produziu um levantamento de suas m\u00fasicas para compartilhar com os f\u00e3s as can\u00e7\u00f5es que os brasileiros mais ouviram nos \u00faltimos anos.<\/p>\n\n\n\n<p>Das obras de autoria de Ana Carolina, uma fez sucesso no estudo: \u201cQuem de n\u00f3s dois\u201d, que ficou na lideran\u00e7a do ranking das mais tocadas da cantora no pa\u00eds nos \u00faltimos cinco anos e do ranking das suas mais regravadas at\u00e9 o momento. A m\u00fasica \u00e9 uma vers\u00e3o de Ana Carolina e Dudu Falc\u00e3o para \u201cLa mia storia tra le dita\u201d, dos italianos Gean Luca Grignani e Massimo Luca.<\/p>\n\n\n\n<p>A mineira de Juiz de Fora, nascida no ano de 1974, tem 178 obras musicais e 582 grava\u00e7\u00f5es cadastradas no banco de dados da gest\u00e3o coletiva da m\u00fasica no Brasil. Isso garante que ela seja representada pelo Ecad na cobran\u00e7a de seus direitos autorais de execu\u00e7\u00e3o p\u00fablica quando as suas m\u00fasicas tocam nos locais de frequ\u00eancia coletiva.<\/p>\n\n\n\n<p><strong><mark style=\"background-color:rgba(0, 0, 0, 0)\" class=\"has-inline-color has-black-color\">Ranking das m\u00fasicas de autoria de Ana Carolina mais tocadas no Brasil nos \u00faltimos cinco anos nos principais segmentos de execu\u00e7\u00e3o p\u00fablica<\/mark><\/strong> <em>(R\u00e1dio, Sonoriza\u00e7\u00e3o Ambiental, M\u00fasica ao vivo, Casas de Festas e Divers\u00e3o, Carnaval, Festa Junina e Shows)<\/em><\/p>\n\n\n\n<figure class=\"wp-block-table\"><table class=\"has-fixed-layout\"><tbody><tr><td><strong><mark style=\"background-color:rgba(0, 0, 0, 0)\" class=\"has-inline-color has-black-color\">Posi\u00e7\u00e3o<\/mark><\/strong><\/td><td><strong><mark style=\"background-color:rgba(0, 0, 0, 0)\" class=\"has-inline-color has-black-color\">M\u00fasica<\/mark><\/strong><\/td><td><strong><mark style=\"background-color:rgba(0, 0, 0, 0)\" class=\"has-inline-color has-black-color\">Autores<\/mark><\/strong><\/td><\/tr><tr><td>1<\/td><td>Quem de n\u00f3s dois<\/td><td>Ana Carolina \/ Dudu Falc\u00e3o \/ Massimo Luca \/ Gianluca Grignani<\/td><\/tr><tr><td>2<\/td><td>\u00c9 isso a\u00ed<\/td><td>Ana Carolina \/ Juniper (Ie)<\/td><\/tr><tr><td>3<\/td><td>Cabide<\/td><td>Ana Carolina<\/td><\/tr><tr><td>4<\/td><td>Encostar na tua<\/td><td>Ana Carolina<\/td><\/tr><tr><td>5<\/td><td>Pra rua me levar<\/td><td>Ana Carolina \/ Ant\u00f4nio Villeroy<\/td><\/tr><tr><td>6<\/td><td>Sinais de fogo<\/td><td>Ana Carolina \/ Ant\u00f4nio Villeroy<\/td><\/tr><tr><td>7<\/td><td>Entreolhares (the way you&#8217;re looking at me)<\/td><td>Ana Carolina \/ John Legend \/ Ant\u00f4nio Villeroy<\/td><\/tr><tr><td>8<\/td><td>Problemas<\/td><td>Dudu Falc\u00e3o \/ Ana Carolina \/ Chiara Civello<\/td><\/tr><tr><td>9<\/td><td>Nua<\/td><td>Vitor Ramil \/ Ana Carolina<\/td><\/tr><tr><td>10<\/td><td>Combust\u00edvel<\/td><td>Ana Carolina \/ Eduardo Krieger<\/td><\/tr><\/tbody><\/table><\/figure>\n\n\n\n<p class=\"has-black-color has-text-color has-link-color wp-elements-b986396909abec4c381c8b6db51a5ab8\"><strong>Ranking das m\u00fasicas de autoria de Ana Carolina mais regravadas<\/strong><\/p>\n\n\n\n<figure class=\"wp-block-table\"><table class=\"has-fixed-layout\"><tbody><tr><td><strong><mark style=\"background-color:rgba(0, 0, 0, 0)\" class=\"has-inline-color has-black-color\">Posi\u00e7\u00e3o<\/mark><\/strong><\/td><td><strong><mark style=\"background-color:rgba(0, 0, 0, 0)\" class=\"has-inline-color has-black-color\">M\u00fasica<\/mark><\/strong><\/td><td><strong><mark style=\"background-color:rgba(0, 0, 0, 0)\" class=\"has-inline-color has-black-color\">Autores<\/mark><\/strong><\/td><\/tr><tr><td>1<\/td><td>Quem de n\u00f3s dois<\/td><td>Ana Carolina \/ Dudu Falc\u00e3o \/ Massimo Luca \/ Gianluca Grignani<\/td><\/tr><tr><td>2<\/td><td>Sinais de fogo<\/td><td>Ana Carolina \/ Ant\u00f4nio Villeroy<\/td><\/tr><tr><td>3<\/td><td>Cabide<\/td><td>Ana Carolina<\/td><\/tr><tr><td>4<\/td><td>\u00c9 isso a\u00ed<\/td><td>Ana Carolina \/ Juniper (Ie)<\/td><\/tr><tr><td>5<\/td><td>Pra rua me levar<\/td><td>Ana Carolina \/ Ant\u00f4nio Villeroy<\/td><\/tr><tr><td>6<\/td><td>Elevador<\/td><td>Ana Carolina<\/td><\/tr><tr><td>7<\/td><td>Carv\u00e3o<\/td><td>Ana Carolina<\/td><\/tr><tr><td>8<\/td><td>Stereo<\/td><td>Ana Carolina \/ Ant\u00f4nio Villeroy<\/td><\/tr><tr><td>9<\/td><td>Eu que n\u00e3o sei quase nada do mar<\/td><td>Ana Carolina \/ Jorge Vercillo<\/td><\/tr><tr><td>9<\/td><td>Combust\u00edvel<\/td><td>Ana Carolina \/ Eduardo Krieger<\/td><\/tr><tr><td>10<\/td><td>Ruas de outono<\/td><td>Ana Carolina \/ Ant\u00f4nio Villeroy<\/td><\/tr><\/tbody><\/table><\/figure>\n","protected":false},"excerpt":{"rendered":"<p>Ecad fez estudo sobre a artista e a can\u00e7\u00e3o \u201cQuem de n\u00f3s dois\u201d liderou os rankings musicais Por Imprensa Ecad Os 50 anos da cantora e compositora Ana Carolina s\u00e3o nesta segunda, 9. Para festejar o anivers\u00e1rio da artista, que tem uma voz \u00fanica e marcante, o Escrit\u00f3rio Central de Arrecada\u00e7\u00e3o e Distribui\u00e7\u00e3o (Ecad) produziu [&hellip;]<\/p>\n","protected":false},"author":2,"featured_media":82876,"comment_status":"open","ping_status":"open","sticky":false,"template":"","format":"standard","meta":{"_acf_changed":false,"_monsterinsights_skip_tracking":false,"_monsterinsights_sitenote_active":false,"_monsterinsights_sitenote_note":"","_monsterinsights_sitenote_category":0,"_jetpack_memberships_contains_paid_content":false,"footnotes":"","jetpack_publicize_message":"","jetpack_publicize_feature_enabled":true,"jetpack_social_post_already_shared":true,"jetpack_social_options":{"image_generator_settings":{"template":"highway","default_image_id":0,"font":"","enabled":false},"version":2}},"categories":[12],"tags":[],"class_list":["post-82875","post","type-post","status-publish","format-standard","has-post-thumbnail","hentry","category-gente-que-faz-a-nossa-historia"],"acf":[],"jetpack_publicize_connections":[],"jetpack_featured_media_url":"https:\/\/i0.wp.com\/blogdoeloiltoncajuhy.com.br\/site\/wp-content\/uploads\/2024\/09\/Ana-Carolina-Reproducao.jpeg?fit=610%2C407&ssl=1","jetpack_sharing_enabled":true,"publishpress_future_workflow_manual_trigger":{"enabledWorkflows":[]},"_links":{"self":[{"href":"https:\/\/blogdoeloiltoncajuhy.com.br\/site\/wp-json\/wp\/v2\/posts\/82875","targetHints":{"allow":["GET"]}}],"collection":[{"href":"https:\/\/blogdoeloiltoncajuhy.com.br\/site\/wp-json\/wp\/v2\/posts"}],"about":[{"href":"https:\/\/blogdoeloiltoncajuhy.com.br\/site\/wp-json\/wp\/v2\/types\/post"}],"author":[{"embeddable":true,"href":"https:\/\/blogdoeloiltoncajuhy.com.br\/site\/wp-json\/wp\/v2\/users\/2"}],"replies":[{"embeddable":true,"href":"https:\/\/blogdoeloiltoncajuhy.com.br\/site\/wp-json\/wp\/v2\/comments?post=82875"}],"version-history":[{"count":1,"href":"https:\/\/blogdoeloiltoncajuhy.com.br\/site\/wp-json\/wp\/v2\/posts\/82875\/revisions"}],"predecessor-version":[{"id":82877,"href":"https:\/\/blogdoeloiltoncajuhy.com.br\/site\/wp-json\/wp\/v2\/posts\/82875\/revisions\/82877"}],"wp:featuredmedia":[{"embeddable":true,"href":"https:\/\/blogdoeloiltoncajuhy.com.br\/site\/wp-json\/wp\/v2\/media\/82876"}],"wp:attachment":[{"href":"https:\/\/blogdoeloiltoncajuhy.com.br\/site\/wp-json\/wp\/v2\/media?parent=82875"}],"wp:term":[{"taxonomy":"category","embeddable":true,"href":"https:\/\/blogdoeloiltoncajuhy.com.br\/site\/wp-json\/wp\/v2\/categories?post=82875"},{"taxonomy":"post_tag","embeddable":true,"href":"https:\/\/blogdoeloiltoncajuhy.com.br\/site\/wp-json\/wp\/v2\/tags?post=82875"}],"curies":[{"name":"wp","href":"https:\/\/api.w.org\/{rel}","templated":true}]}}