{"id":82798,"date":"2024-09-04T15:57:50","date_gmt":"2024-09-04T18:57:50","guid":{"rendered":"https:\/\/blogdoeloiltoncajuhy.com.br\/site\/?p=82798"},"modified":"2024-09-04T15:59:26","modified_gmt":"2024-09-04T18:59:26","slug":"parceria-entre-os-governos-estaduais-e-federais-amplia-mercados-para-produtos-da-agricultura-familiar-baiana","status":"publish","type":"post","link":"https:\/\/blogdoeloiltoncajuhy.com.br\/site\/parceria-entre-os-governos-estaduais-e-federais-amplia-mercados-para-produtos-da-agricultura-familiar-baiana\/","title":{"rendered":"Parceria entre os governos estaduais e federais amplia mercados para produtos da agricultura familiar baiana"},"content":{"rendered":"\n<p><strong>Ascom CAR<\/strong><\/p>\n\n\n\n<figure class=\"wp-block-image aligncenter size-full\"><a href=\"https:\/\/i0.wp.com\/blogdoeloiltoncajuhy.com.br\/site\/wp-content\/uploads\/2024\/09\/GOVBA_Agricultura-Familiar-Foto-Rafael-Barreto-Ascom-CAR.jpeg?ssl=1\"><img data-recalc-dims=\"1\" fetchpriority=\"high\" decoding=\"async\" width=\"760\" height=\"570\" src=\"https:\/\/i0.wp.com\/blogdoeloiltoncajuhy.com.br\/site\/wp-content\/uploads\/2024\/09\/GOVBA_Agricultura-Familiar-Foto-Rafael-Barreto-Ascom-CAR.jpeg?resize=760%2C570&#038;ssl=1\" alt=\"\" class=\"wp-image-82799\" srcset=\"https:\/\/i0.wp.com\/blogdoeloiltoncajuhy.com.br\/site\/wp-content\/uploads\/2024\/09\/GOVBA_Agricultura-Familiar-Foto-Rafael-Barreto-Ascom-CAR.jpeg?w=760&amp;ssl=1 760w, https:\/\/i0.wp.com\/blogdoeloiltoncajuhy.com.br\/site\/wp-content\/uploads\/2024\/09\/GOVBA_Agricultura-Familiar-Foto-Rafael-Barreto-Ascom-CAR.jpeg?resize=300%2C225&amp;ssl=1 300w\" sizes=\"(max-width: 760px) 100vw, 760px\" \/><\/a><figcaption class=\"wp-element-caption\"><sub>Foto: Rafael Barreto\/Ascom CAR<\/sub><\/figcaption><\/figure>\n\n\n\n<p>A agricultura familiar deu mais um passo importante para ampliar o acesso mercados nacionais. Nesta ter\u00e7a-feira (03), foi lan\u00e7ada, em Salvador, a 3\u00aa edi\u00e7\u00e3o do Projeto Amplia\u00e7\u00e3o de Mercados de Produtos de Origem Animal para Cons\u00f3rcio P\u00fablicos de Munic\u00edpios (Projeto ConSIM 3), do Minist\u00e9rio da Agricultura e Pecu\u00e1ria (Mapa).<\/p>\n\n\n\n<p>O projeto visa orientar tecnicamente e capacitar os cons\u00f3rcios p\u00fablicos intermunicipais que buscam desenvolver seus servi\u00e7os de inspe\u00e7\u00e3o de produtos de origem animal, para a integra\u00e7\u00e3o ao Sistema Brasileiro de Inspe\u00e7\u00e3o de Produtos de Origem Animal, o SISBI-POA.<\/p>\n\n\n\n<p>Na Bahia, cons\u00f3rcios p\u00fablicos assinaram o protocolo de inten\u00e7\u00f5es com o objetivo de desenvolver seus servi\u00e7os de inspe\u00e7\u00e3o para produtos de origem animal de agricultores e agricultoras familiares, com intuito de garantir o selo e ampliar a comercializa\u00e7\u00e3o para todo o Brasil, s\u00e3o eles: Cons\u00f3rcio de Desenvolvimento Sustent\u00e1vel do Alto Sert\u00e3o (CDS Alto Sert\u00e3o), de Desenvolvimento Sustent\u00e1vel do Territ\u00f3rio Piemonte Norte do Itapicuru (CDS Itapicuru), Intermunicipal Bacia do Rio Corrente, de Desenvolvimento Sustent\u00e1vel do Territ\u00f3rio Bacia do Paramirim (CDS Bacia do Paramirim); de Desenvolvimento Sustent\u00e1vel do Territ\u00f3rio Portal do Sert\u00e3o (CDS Portal do Sert\u00e3o), do Territ\u00f3rio Rec\u00f4ncavo (CTR), de Desenvolvimento Sustent\u00e1vel do Vale do Jiquiri\u00e7\u00e1 (Cons\u00f3rcio Convale) e Cons\u00f3rcio Intermunicipal do Vale do Rio Gavi\u00e3o (Civalerg).<\/p>\n\n\n\n<figure class=\"wp-block-image aligncenter size-full\"><a href=\"https:\/\/i0.wp.com\/blogdoeloiltoncajuhy.com.br\/site\/wp-content\/uploads\/2024\/09\/GOVBA_Agricultura-Familiar-Foto-Rafael-Barreto-Ascom-CAR-02.jpeg?ssl=1\"><img data-recalc-dims=\"1\" decoding=\"async\" width=\"760\" height=\"506\" src=\"https:\/\/i0.wp.com\/blogdoeloiltoncajuhy.com.br\/site\/wp-content\/uploads\/2024\/09\/GOVBA_Agricultura-Familiar-Foto-Rafael-Barreto-Ascom-CAR-02.jpeg?resize=760%2C506&#038;ssl=1\" alt=\"\" class=\"wp-image-82800\" srcset=\"https:\/\/i0.wp.com\/blogdoeloiltoncajuhy.com.br\/site\/wp-content\/uploads\/2024\/09\/GOVBA_Agricultura-Familiar-Foto-Rafael-Barreto-Ascom-CAR-02.jpeg?w=760&amp;ssl=1 760w, https:\/\/i0.wp.com\/blogdoeloiltoncajuhy.com.br\/site\/wp-content\/uploads\/2024\/09\/GOVBA_Agricultura-Familiar-Foto-Rafael-Barreto-Ascom-CAR-02.jpeg?resize=300%2C200&amp;ssl=1 300w\" sizes=\"(max-width: 760px) 100vw, 760px\" \/><\/a><figcaption class=\"wp-element-caption\"><sub>Foto: Rafael Barreto\/Ascom CAR<\/sub><\/figcaption><\/figure>\n\n\n\n<p>O diretor-presidente da Companhia de Desenvolvimento e A\u00e7\u00e3o Regional (CAR), Jeandro Ribeiro, comentou sobre essa uni\u00e3o com o Governo Federal. \u201cHoje, fortalecemos essa parceria que tem dado certo com os cons\u00f3rcios intermunicipais porque ampliamos as possibilidades desses cons\u00f3rcios com o Servi\u00e7o de Inspe\u00e7\u00e3o Municipal (SIM). N\u00f3s j\u00e1 temos o SIM, o Susaf e agora o Sisbi, atrav\u00e9s do ConSim. Isso quer dizer que o agricultor e a agricultora familiar v\u00e3o poder vender a sua produ\u00e7\u00e3o no munic\u00edpio, no territ\u00f3rio, no estado e, agora, no Brasil\u201d, detalhou.<\/p>\n\n\n\n<ul class=\"wp-block-list\">\n<li><a href=\"https:\/\/whatsapp.com\/channel\/0029VaAT7tDLI8Yfj5y9Z50Z\"><strong><mark style=\"background-color:rgba(0, 0, 0, 0)\" class=\"has-inline-color has-vivid-purple-color\">Seja membro do nosso canal no WhatsApp e veja mais not\u00edcias<\/mark><\/strong><\/a><\/li>\n<\/ul>\n\n\n\n<p><\/p>\n\n\n\n<p>O secret\u00e1rio-executivo do Cons\u00f3rcio Alto Sert\u00e3o, Andeson P\u00fablio, afirmou que esse passo \u00e9 fruto da parceria com o Governo do Estado, por meio do SIM. \u201cA Bahia hoje \u00e9 refer\u00eancia no Brasil, por conta do apoio que o Governo do Estado, por meio da CAR, d\u00e1 aos cons\u00f3rcios p\u00fablicos. Hoje, n\u00f3s estamos organizados com o SIM, o Susaf e, agora, teremos a integra\u00e7\u00e3o ao Sisbi. Isso vai significar mais oportunidade de comercializa\u00e7\u00e3o dos produtos da agricultura familiar para todo o Brasil\u201d, analisou.<\/p>\n","protected":false},"excerpt":{"rendered":"<p>Ascom CAR A agricultura familiar deu mais um passo importante para ampliar o acesso mercados nacionais. Nesta ter\u00e7a-feira (03), foi lan\u00e7ada, em Salvador, a 3\u00aa edi\u00e7\u00e3o do Projeto Amplia\u00e7\u00e3o de Mercados de Produtos de Origem Animal para Cons\u00f3rcio P\u00fablicos de Munic\u00edpios (Projeto ConSIM 3), do Minist\u00e9rio da Agricultura e Pecu\u00e1ria (Mapa). O projeto visa orientar [&hellip;]<\/p>\n","protected":false},"author":2,"featured_media":82799,"comment_status":"open","ping_status":"open","sticky":false,"template":"","format":"standard","meta":{"_acf_changed":false,"_monsterinsights_skip_tracking":false,"_monsterinsights_sitenote_active":false,"_monsterinsights_sitenote_note":"","_monsterinsights_sitenote_category":0,"_jetpack_memberships_contains_paid_content":false,"footnotes":"","jetpack_publicize_message":"","jetpack_publicize_feature_enabled":true,"jetpack_social_post_already_shared":true,"jetpack_social_options":{"image_generator_settings":{"template":"highway","default_image_id":0,"font":"","enabled":false},"version":2}},"categories":[31],"tags":[],"class_list":["post-82798","post","type-post","status-publish","format-standard","has-post-thumbnail","hentry","category-economia"],"acf":[],"jetpack_publicize_connections":[],"jetpack_featured_media_url":"https:\/\/i0.wp.com\/blogdoeloiltoncajuhy.com.br\/site\/wp-content\/uploads\/2024\/09\/GOVBA_Agricultura-Familiar-Foto-Rafael-Barreto-Ascom-CAR.jpeg?fit=760%2C570&ssl=1","jetpack_sharing_enabled":true,"publishpress_future_workflow_manual_trigger":{"enabledWorkflows":[]},"_links":{"self":[{"href":"https:\/\/blogdoeloiltoncajuhy.com.br\/site\/wp-json\/wp\/v2\/posts\/82798","targetHints":{"allow":["GET"]}}],"collection":[{"href":"https:\/\/blogdoeloiltoncajuhy.com.br\/site\/wp-json\/wp\/v2\/posts"}],"about":[{"href":"https:\/\/blogdoeloiltoncajuhy.com.br\/site\/wp-json\/wp\/v2\/types\/post"}],"author":[{"embeddable":true,"href":"https:\/\/blogdoeloiltoncajuhy.com.br\/site\/wp-json\/wp\/v2\/users\/2"}],"replies":[{"embeddable":true,"href":"https:\/\/blogdoeloiltoncajuhy.com.br\/site\/wp-json\/wp\/v2\/comments?post=82798"}],"version-history":[{"count":2,"href":"https:\/\/blogdoeloiltoncajuhy.com.br\/site\/wp-json\/wp\/v2\/posts\/82798\/revisions"}],"predecessor-version":[{"id":82803,"href":"https:\/\/blogdoeloiltoncajuhy.com.br\/site\/wp-json\/wp\/v2\/posts\/82798\/revisions\/82803"}],"wp:featuredmedia":[{"embeddable":true,"href":"https:\/\/blogdoeloiltoncajuhy.com.br\/site\/wp-json\/wp\/v2\/media\/82799"}],"wp:attachment":[{"href":"https:\/\/blogdoeloiltoncajuhy.com.br\/site\/wp-json\/wp\/v2\/media?parent=82798"}],"wp:term":[{"taxonomy":"category","embeddable":true,"href":"https:\/\/blogdoeloiltoncajuhy.com.br\/site\/wp-json\/wp\/v2\/categories?post=82798"},{"taxonomy":"post_tag","embeddable":true,"href":"https:\/\/blogdoeloiltoncajuhy.com.br\/site\/wp-json\/wp\/v2\/tags?post=82798"}],"curies":[{"name":"wp","href":"https:\/\/api.w.org\/{rel}","templated":true}]}}