{"id":82127,"date":"2024-08-01T16:25:30","date_gmt":"2024-08-01T19:25:30","guid":{"rendered":"https:\/\/blogdoeloiltoncajuhy.com.br\/site\/?p=82127"},"modified":"2024-08-01T16:32:25","modified_gmt":"2024-08-01T19:32:25","slug":"luto-morre-formiga-do-pastel-cia","status":"publish","type":"post","link":"https:\/\/blogdoeloiltoncajuhy.com.br\/site\/luto-morre-formiga-do-pastel-cia\/","title":{"rendered":"Luto: Morre &#8216;Formiga&#8217; do Pastel &amp; Cia"},"content":{"rendered":"\n<p class=\"has-medium-font-size\"><strong>Dono de tradicional lanchonete da cidade enfrentava problemas de sa\u00fade.<\/strong><\/p>\n\n\n\n<p><strong>Blog do Eloilton Cajuhy<\/strong><\/p>\n\n\n\n<figure class=\"wp-block-image aligncenter size-full is-resized\"><a href=\"https:\/\/i0.wp.com\/blogdoeloiltoncajuhy.com.br\/site\/wp-content\/uploads\/2024\/08\/Formiga-Foto-Mauro-Coelho.png?ssl=1\"><img data-recalc-dims=\"1\" fetchpriority=\"high\" decoding=\"async\" width=\"683\" height=\"738\" src=\"https:\/\/i0.wp.com\/blogdoeloiltoncajuhy.com.br\/site\/wp-content\/uploads\/2024\/08\/Formiga-Foto-Mauro-Coelho.png?resize=683%2C738&#038;ssl=1\" alt=\"\" class=\"wp-image-82128\" style=\"width:574px;height:auto\" srcset=\"https:\/\/i0.wp.com\/blogdoeloiltoncajuhy.com.br\/site\/wp-content\/uploads\/2024\/08\/Formiga-Foto-Mauro-Coelho.png?w=683&amp;ssl=1 683w, https:\/\/i0.wp.com\/blogdoeloiltoncajuhy.com.br\/site\/wp-content\/uploads\/2024\/08\/Formiga-Foto-Mauro-Coelho.png?resize=278%2C300&amp;ssl=1 278w\" sizes=\"(max-width: 683px) 100vw, 683px\" \/><\/a><figcaption class=\"wp-element-caption\"><sub>Morre &#8216;Formiga&#8217; do Pastel &amp; Cia &#8211; Foto: Mauro Coelho<\/sub><\/figcaption><\/figure>\n\n\n\n<p>Jos\u00e9 Antonio de Santana, mais conhecido como &#8220;Formiga&#8221;, faleceu nesta quinta-feira, 1\u00ba de agosto, em Senhor do Bonfim. Fundador da Lanchonete Pastel &amp; Cia e do Bar Mistura Tropical, ambos localizados na Avenida 2 de julho, nesta cidade, Formiga vinha enfrentando graves problemas de sa\u00fade h\u00e1 alguns meses.<\/p>\n\n\n\n<ul class=\"wp-block-list\">\n<li><a href=\"https:\/\/whatsapp.com\/channel\/0029VaAT7tDLI8Yfj5y9Z50Z\"><strong><mark style=\"background-color:rgba(0, 0, 0, 0)\" class=\"has-inline-color has-vivid-red-color\">Clique aqui, seja membro do nosso canal no WhatsApp e veja mais not\u00edcias<\/mark><\/strong><\/a><\/li>\n<\/ul>\n\n\n\n<p><\/p>\n\n\n\n<p>Ao lado do &#8220;Senadinho&#8221;, posto telef\u00f4nico vizinho \u00e0 sua lanchonete, o Pastel &amp; Cia se tornou um ponto de encontro dos bonfinenses, que diariamente frequentavam o estabelecimento para saborear seus deliciosos past\u00e9is e falar de diversos assuntos, principalmente ligados ao cen\u00e1rio pol\u00edtico de Bonfim.<\/p>\n\n\n\n<p>Nas redes sociais, v\u00e1rias pessoas se manifestam com pesar pelo falecimento de Formiga.<\/p>\n","protected":false},"excerpt":{"rendered":"<p>Dono de tradicional lanchonete da cidade enfrentava problemas de sa\u00fade. Blog do Eloilton Cajuhy Jos\u00e9 Antonio de Santana, mais conhecido como &#8220;Formiga&#8221;, faleceu nesta quinta-feira, 1\u00ba de agosto, em Senhor do Bonfim. Fundador da Lanchonete Pastel &amp; Cia e do Bar Mistura Tropical, ambos localizados na Avenida 2 de julho, nesta cidade, Formiga vinha enfrentando [&hellip;]<\/p>\n","protected":false},"author":2,"featured_media":82128,"comment_status":"open","ping_status":"open","sticky":false,"template":"","format":"standard","meta":{"_acf_changed":false,"_monsterinsights_skip_tracking":false,"_monsterinsights_sitenote_active":false,"_monsterinsights_sitenote_note":"","_monsterinsights_sitenote_category":0,"_jetpack_memberships_contains_paid_content":false,"footnotes":"","jetpack_publicize_message":"","jetpack_publicize_feature_enabled":true,"jetpack_social_post_already_shared":true,"jetpack_social_options":{"image_generator_settings":{"template":"highway","default_image_id":0,"font":"","enabled":false},"version":2}},"categories":[4],"tags":[],"class_list":["post-82127","post","type-post","status-publish","format-standard","has-post-thumbnail","hentry","category-local"],"acf":[],"jetpack_publicize_connections":[],"jetpack_featured_media_url":"https:\/\/i0.wp.com\/blogdoeloiltoncajuhy.com.br\/site\/wp-content\/uploads\/2024\/08\/Formiga-Foto-Mauro-Coelho.png?fit=683%2C738&ssl=1","jetpack_sharing_enabled":true,"publishpress_future_workflow_manual_trigger":{"enabledWorkflows":[]},"_links":{"self":[{"href":"https:\/\/blogdoeloiltoncajuhy.com.br\/site\/wp-json\/wp\/v2\/posts\/82127","targetHints":{"allow":["GET"]}}],"collection":[{"href":"https:\/\/blogdoeloiltoncajuhy.com.br\/site\/wp-json\/wp\/v2\/posts"}],"about":[{"href":"https:\/\/blogdoeloiltoncajuhy.com.br\/site\/wp-json\/wp\/v2\/types\/post"}],"author":[{"embeddable":true,"href":"https:\/\/blogdoeloiltoncajuhy.com.br\/site\/wp-json\/wp\/v2\/users\/2"}],"replies":[{"embeddable":true,"href":"https:\/\/blogdoeloiltoncajuhy.com.br\/site\/wp-json\/wp\/v2\/comments?post=82127"}],"version-history":[{"count":3,"href":"https:\/\/blogdoeloiltoncajuhy.com.br\/site\/wp-json\/wp\/v2\/posts\/82127\/revisions"}],"predecessor-version":[{"id":82132,"href":"https:\/\/blogdoeloiltoncajuhy.com.br\/site\/wp-json\/wp\/v2\/posts\/82127\/revisions\/82132"}],"wp:featuredmedia":[{"embeddable":true,"href":"https:\/\/blogdoeloiltoncajuhy.com.br\/site\/wp-json\/wp\/v2\/media\/82128"}],"wp:attachment":[{"href":"https:\/\/blogdoeloiltoncajuhy.com.br\/site\/wp-json\/wp\/v2\/media?parent=82127"}],"wp:term":[{"taxonomy":"category","embeddable":true,"href":"https:\/\/blogdoeloiltoncajuhy.com.br\/site\/wp-json\/wp\/v2\/categories?post=82127"},{"taxonomy":"post_tag","embeddable":true,"href":"https:\/\/blogdoeloiltoncajuhy.com.br\/site\/wp-json\/wp\/v2\/tags?post=82127"}],"curies":[{"name":"wp","href":"https:\/\/api.w.org\/{rel}","templated":true}]}}