{"id":81718,"date":"2024-07-08T16:00:00","date_gmt":"2024-07-08T19:00:00","guid":{"rendered":"https:\/\/blogdoeloiltoncajuhy.com.br\/site\/?p=81718"},"modified":"2024-07-08T16:00:01","modified_gmt":"2024-07-08T19:00:01","slug":"bolsonaro-desviou-r-25-milhoes-em-joias-e-presentes-diz-pf","status":"publish","type":"post","link":"https:\/\/blogdoeloiltoncajuhy.com.br\/site\/bolsonaro-desviou-r-25-milhoes-em-joias-e-presentes-diz-pf\/","title":{"rendered":"Bolsonaro desviou R$ 25 milh\u00f5es em joias e presentes, diz PF"},"content":{"rendered":"\n<p class=\"has-medium-font-size\"><strong>Pol\u00edcia concluiu que ex-presidente atuou em uma associa\u00e7\u00e3o criminosa para desviar presentes de alto valor.<\/strong><\/p>\n\n\n\n<p><strong>Por Folha de S.Paulo<\/strong><\/p>\n\n\n\n<figure class=\"wp-block-image aligncenter size-full is-resized\"><a href=\"https:\/\/i0.wp.com\/blogdoeloiltoncajuhy.com.br\/site\/wp-content\/uploads\/2024\/07\/Jair-Bolsonaro-Foto-Evaristo-Sa-AFP.jpg?ssl=1\"><img data-recalc-dims=\"1\" fetchpriority=\"high\" decoding=\"async\" width=\"760\" height=\"507\" src=\"https:\/\/i0.wp.com\/blogdoeloiltoncajuhy.com.br\/site\/wp-content\/uploads\/2024\/07\/Jair-Bolsonaro-Foto-Evaristo-Sa-AFP.jpg?resize=760%2C507&#038;ssl=1\" alt=\"\" class=\"wp-image-81719\" style=\"width:682px;height:auto\" srcset=\"https:\/\/i0.wp.com\/blogdoeloiltoncajuhy.com.br\/site\/wp-content\/uploads\/2024\/07\/Jair-Bolsonaro-Foto-Evaristo-Sa-AFP.jpg?w=760&amp;ssl=1 760w, https:\/\/i0.wp.com\/blogdoeloiltoncajuhy.com.br\/site\/wp-content\/uploads\/2024\/07\/Jair-Bolsonaro-Foto-Evaristo-Sa-AFP.jpg?resize=300%2C200&amp;ssl=1 300w\" sizes=\"(max-width: 760px) 100vw, 760px\" \/><\/a><figcaption class=\"wp-element-caption\"><sub>O ex-presidente Jair Bolsonaro &#8211; Evaristo S\u00e1\/AFP<\/sub><\/figcaption><\/figure>\n\n\n\n<p>A Pol\u00edcia Federal afirmou, em relat\u00f3rio que fundamentou o indiciamento do ex-presidente Jair Bolsonaro (PL) no caso da negocia\u00e7\u00e3o de joias, que houve desvio de itens cujo valor de mercado chega a R$ 25 milh\u00f5es.<\/p>\n\n\n\n<p>De acordo com a PF, os elementos de provas da investiga\u00e7\u00e3o apontam que houve &#8220;uma associa\u00e7\u00e3o criminosa voltada para a pr\u00e1tica de desvio de presentes de alto valor recebidos em raz\u00e3o do cargo pelo ex-presidente da Rep\u00fablica Jair Bolsonaro e\/ou por comitivas do governo brasileiro, que estavam atuando em seu nome, em viagens internacionais&#8221;.<\/p>\n\n\n\n<p>Esses presentes eram entregues por autoridades estrangeiras e, depois, vendidos no exterior. Segundo a pol\u00edcia, os valores dessas vendas foram convertidos em dinheiro em esp\u00e9cie e ingressaram no patrim\u00f4nio pessoal do ex-presidente, sem utiliza\u00e7\u00e3o do sistema banc\u00e1rio formal, &#8220;com o objetivo de ocultar a origem, localiza\u00e7\u00e3o e propriedade dos valores&#8221;.<\/p>\n\n\n\n<p>Na \u00faltima semana, Bolsonaro e mais 11 pessoas foram indiciados na investiga\u00e7\u00e3o sobre a venda de joias recebidas de presente pelo governo brasileiro<\/p>\n\n\n\n<p>De acordo com a pol\u00edcia, as investiga\u00e7\u00f5es trouxeram ind\u00edcios de que &#8220;os proventos obtidos por meio da venda il\u00edcita das joias desviadas do acervo p\u00fablico brasileiro&#8221; retornaram para o patrim\u00f4nio de Bolsonaro e de sua fam\u00edlia, por meio de lavagem de dinheiro, enquanto ele estava nos Estados Unidos, depois de ser derrotado nas elei\u00e7\u00f5es presidenciais para Lula (PT).<\/p>\n\n\n\n<p>&#8220;A utiliza\u00e7\u00e3o de dinheiro em esp\u00e9cie para pagamento de despesas cotidianas \u00e9 uma das formas mais usuais para reintegrar o &#8216;dinheiro sujo&#8217; \u00e0 economia formal, com apar\u00eancia l\u00edcita&#8221;, disse a PF.<\/p>\n\n\n\n<figure class=\"wp-block-image aligncenter size-full is-resized\"><a href=\"https:\/\/i0.wp.com\/blogdoeloiltoncajuhy.com.br\/site\/wp-content\/uploads\/2024\/07\/Joias-apreendidas-com-a-comitiva-de-Bolsonaro-Foto-Danilo-Verpa-Folhapress.jpeg?ssl=1\"><img data-recalc-dims=\"1\" decoding=\"async\" width=\"767\" height=\"503\" src=\"https:\/\/i0.wp.com\/blogdoeloiltoncajuhy.com.br\/site\/wp-content\/uploads\/2024\/07\/Joias-apreendidas-com-a-comitiva-de-Bolsonaro-Foto-Danilo-Verpa-Folhapress.jpeg?resize=767%2C503&#038;ssl=1\" alt=\"\" class=\"wp-image-81720\" style=\"width:657px;height:auto\" srcset=\"https:\/\/i0.wp.com\/blogdoeloiltoncajuhy.com.br\/site\/wp-content\/uploads\/2024\/07\/Joias-apreendidas-com-a-comitiva-de-Bolsonaro-Foto-Danilo-Verpa-Folhapress.jpeg?w=767&amp;ssl=1 767w, https:\/\/i0.wp.com\/blogdoeloiltoncajuhy.com.br\/site\/wp-content\/uploads\/2024\/07\/Joias-apreendidas-com-a-comitiva-de-Bolsonaro-Foto-Danilo-Verpa-Folhapress.jpeg?resize=300%2C197&amp;ssl=1 300w\" sizes=\"(max-width: 767px) 100vw, 767px\" \/><\/a><figcaption class=\"wp-element-caption\"><sub>Joias apreendidas com a comitiva de Bolsonaro &#8211; Foto: Danilo Verpa\/Folhapress<\/sub><\/figcaption><\/figure>\n\n\n\n<p>A PF protocolou na sexta-feira (5) no STF os documentos do indiciamento do ex-presidente e de mais 11 pessoas na investiga\u00e7\u00e3o sobre a venda de joias recebidas de presente pelo governo brasileiro.<\/p>\n\n\n\n<p>O ex-presidente \u00e9 suspeito dos crimes de associa\u00e7\u00e3o criminosa (com previs\u00e3o de pena de reclus\u00e3o de 1 a 3 anos), lavagem de dinheiro (3 a 10 anos) e peculato\/apropria\u00e7\u00e3o de bem p\u00fablico (2 a 12 anos).<\/p>\n\n\n\n<p>A PGR analisa agora se denuncia o ex-presidente. Se isso ocorrer, caber\u00e1 depois \u00e0 Justi\u00e7a decidir se ele vira r\u00e9u. Bolsonaro foi indiciado sob suspeita dos crimes de associa\u00e7\u00e3o criminosa, lavagem de dinheiro e peculato\/apropria\u00e7\u00e3o de bem p\u00fablico.<\/p>\n\n\n\n<figure class=\"wp-block-image aligncenter size-full is-resized\"><a href=\"https:\/\/i0.wp.com\/blogdoeloiltoncajuhy.com.br\/site\/wp-content\/uploads\/2024\/07\/PF_busca-e-apreensao-joias-de-Bolsonaro_Pedro-Ladeira-Folhapress.jpeg?ssl=1\"><img data-recalc-dims=\"1\" decoding=\"async\" width=\"747\" height=\"496\" src=\"https:\/\/i0.wp.com\/blogdoeloiltoncajuhy.com.br\/site\/wp-content\/uploads\/2024\/07\/PF_busca-e-apreensao-joias-de-Bolsonaro_Pedro-Ladeira-Folhapress.jpeg?resize=747%2C496&#038;ssl=1\" alt=\"\" class=\"wp-image-81721\" style=\"width:660px;height:auto\" srcset=\"https:\/\/i0.wp.com\/blogdoeloiltoncajuhy.com.br\/site\/wp-content\/uploads\/2024\/07\/PF_busca-e-apreensao-joias-de-Bolsonaro_Pedro-Ladeira-Folhapress.jpeg?w=747&amp;ssl=1 747w, https:\/\/i0.wp.com\/blogdoeloiltoncajuhy.com.br\/site\/wp-content\/uploads\/2024\/07\/PF_busca-e-apreensao-joias-de-Bolsonaro_Pedro-Ladeira-Folhapress.jpeg?resize=300%2C199&amp;ssl=1 300w\" sizes=\"(max-width: 747px) 100vw, 747px\" \/><\/a><figcaption class=\"wp-element-caption\"><sub>Busca e apreens\u00e3o de joias pela Pol\u00edcia Federal &#8211; Foto: Pedro Ladeira\/Folhapress<\/sub><\/figcaption><\/figure>\n\n\n\n<p>Al\u00e9m de Bolsonaro, outras dez pessoas tamb\u00e9m foram indiciadas pela PF sob suspeita de associa\u00e7\u00e3o criminosa.<\/p>\n\n\n\n<p>Ex-ajudante de ordens do ex-presidente, Mauro Cid foi apontado como suspeito dos tr\u00eas crimes. Fabio Wajngarten e Frederick Wassef, advogados de Bolsonaro, foram citados por lavagem e associa\u00e7\u00e3o criminosa, assim como o general da reserva Mauro Cesar Lourena Cid, pai de Mauro Cid, que teria ajudado na venda das joias, e o ex-assessor de Bolsonaro Osmar Crivelatti.<\/p>\n\n\n\n<p>Os demais indiciados pela PF foram Bento Costa Lima Leite de Albuquerque J\u00fanior, Marcelo da Silva Silveira e Marcos Andr\u00e9 dos Santos Soeira (apropria\u00e7\u00e3o e associa\u00e7\u00e3o criminosa), Julio Cesar Vieira Gomes (pelos tr\u00eas crimes e por advocacia administrativa perante a administra\u00e7\u00e3o fazend\u00e1ria) e o militar Jos\u00e9 Roberto Bueno Junior (pelos tr\u00eas crimes).<\/p>\n\n\n\n<p>Somente Marcelo Costa C\u00e2mara, ex-assessor de Bolsonaro, foi indiciado por um crime (lavagem).<\/p>\n\n\n\n<p>Albuquerque era ministro de Minas e Energia na \u00e9poca e seu ex-assessor Marcos Soeira tentou desembarcar no Brasil com um pacote de joias que havia sido dado em viagem \u00e0 Ar\u00e1bia Saudita na mochila. Os artigos foram apreendidos por n\u00e3o terem sido declarados \u00e0 Receita Federal.<\/p>\n\n\n\n<p>Julio Cesar Vieira Gomes era o chefe da Receita Federal na ocasi\u00e3o e, como mostrou a <strong>Folha<\/strong>, conversou com o ex-presidente posteriormente sobre a possibilidade de liberar as joias.<\/p>\n\n\n\n<p>Wajngarten teria sido o respons\u00e1vel por articular a recompra dos itens vendidos no exterior para o regresso ao Brasil. E Wassef recomprou um dos itens, um rel\u00f3gio Rolex, nos Estados Unidos.<\/p>\n","protected":false},"excerpt":{"rendered":"<p>Pol\u00edcia concluiu que ex-presidente atuou em uma associa\u00e7\u00e3o criminosa para desviar presentes de alto valor. Por Folha de S.Paulo A Pol\u00edcia Federal afirmou, em relat\u00f3rio que fundamentou o indiciamento do ex-presidente Jair Bolsonaro (PL) no caso da negocia\u00e7\u00e3o de joias, que houve desvio de itens cujo valor de mercado chega a R$ 25 milh\u00f5es. De [&hellip;]<\/p>\n","protected":false},"author":2,"featured_media":81720,"comment_status":"open","ping_status":"open","sticky":false,"template":"","format":"standard","meta":{"_acf_changed":false,"_monsterinsights_skip_tracking":false,"_monsterinsights_sitenote_active":false,"_monsterinsights_sitenote_note":"","_monsterinsights_sitenote_category":0,"_jetpack_memberships_contains_paid_content":false,"footnotes":"","jetpack_publicize_message":"","jetpack_publicize_feature_enabled":true,"jetpack_social_post_already_shared":true,"jetpack_social_options":{"image_generator_settings":{"template":"highway","default_image_id":0,"font":"","enabled":false},"version":2}},"categories":[3],"tags":[],"class_list":["post-81718","post","type-post","status-publish","format-standard","has-post-thumbnail","hentry","category-politica"],"acf":[],"jetpack_publicize_connections":[],"jetpack_featured_media_url":"https:\/\/i0.wp.com\/blogdoeloiltoncajuhy.com.br\/site\/wp-content\/uploads\/2024\/07\/Joias-apreendidas-com-a-comitiva-de-Bolsonaro-Foto-Danilo-Verpa-Folhapress.jpeg?fit=767%2C503&ssl=1","jetpack_sharing_enabled":true,"publishpress_future_workflow_manual_trigger":{"enabledWorkflows":[]},"_links":{"self":[{"href":"https:\/\/blogdoeloiltoncajuhy.com.br\/site\/wp-json\/wp\/v2\/posts\/81718","targetHints":{"allow":["GET"]}}],"collection":[{"href":"https:\/\/blogdoeloiltoncajuhy.com.br\/site\/wp-json\/wp\/v2\/posts"}],"about":[{"href":"https:\/\/blogdoeloiltoncajuhy.com.br\/site\/wp-json\/wp\/v2\/types\/post"}],"author":[{"embeddable":true,"href":"https:\/\/blogdoeloiltoncajuhy.com.br\/site\/wp-json\/wp\/v2\/users\/2"}],"replies":[{"embeddable":true,"href":"https:\/\/blogdoeloiltoncajuhy.com.br\/site\/wp-json\/wp\/v2\/comments?post=81718"}],"version-history":[{"count":1,"href":"https:\/\/blogdoeloiltoncajuhy.com.br\/site\/wp-json\/wp\/v2\/posts\/81718\/revisions"}],"predecessor-version":[{"id":81722,"href":"https:\/\/blogdoeloiltoncajuhy.com.br\/site\/wp-json\/wp\/v2\/posts\/81718\/revisions\/81722"}],"wp:featuredmedia":[{"embeddable":true,"href":"https:\/\/blogdoeloiltoncajuhy.com.br\/site\/wp-json\/wp\/v2\/media\/81720"}],"wp:attachment":[{"href":"https:\/\/blogdoeloiltoncajuhy.com.br\/site\/wp-json\/wp\/v2\/media?parent=81718"}],"wp:term":[{"taxonomy":"category","embeddable":true,"href":"https:\/\/blogdoeloiltoncajuhy.com.br\/site\/wp-json\/wp\/v2\/categories?post=81718"},{"taxonomy":"post_tag","embeddable":true,"href":"https:\/\/blogdoeloiltoncajuhy.com.br\/site\/wp-json\/wp\/v2\/tags?post=81718"}],"curies":[{"name":"wp","href":"https:\/\/api.w.org\/{rel}","templated":true}]}}