{"id":81715,"date":"2024-07-08T20:00:00","date_gmt":"2024-07-08T23:00:00","guid":{"rendered":"https:\/\/blogdoeloiltoncajuhy.com.br\/site\/?p=81715"},"modified":"2024-07-08T15:32:21","modified_gmt":"2024-07-08T18:32:21","slug":"o-significado-da-dor","status":"publish","type":"post","link":"https:\/\/blogdoeloiltoncajuhy.com.br\/site\/o-significado-da-dor\/","title":{"rendered":"O significado da dor"},"content":{"rendered":"\n<p><strong>Blog do Eloilton Cajuhy<\/strong><\/p>\n\n\n\n<figure class=\"wp-block-image aligncenter size-full is-resized\"><a href=\"https:\/\/i0.wp.com\/blogdoeloiltoncajuhy.com.br\/site\/wp-content\/uploads\/2024\/07\/Imagem_Facebook-080724.png?ssl=1\"><img data-recalc-dims=\"1\" fetchpriority=\"high\" decoding=\"async\" width=\"500\" height=\"732\" src=\"https:\/\/i0.wp.com\/blogdoeloiltoncajuhy.com.br\/site\/wp-content\/uploads\/2024\/07\/Imagem_Facebook-080724.png?resize=500%2C732&#038;ssl=1\" alt=\"\" class=\"wp-image-81716\" style=\"width:376px;height:auto\" srcset=\"https:\/\/i0.wp.com\/blogdoeloiltoncajuhy.com.br\/site\/wp-content\/uploads\/2024\/07\/Imagem_Facebook-080724.png?w=500&amp;ssl=1 500w, https:\/\/i0.wp.com\/blogdoeloiltoncajuhy.com.br\/site\/wp-content\/uploads\/2024\/07\/Imagem_Facebook-080724.png?resize=205%2C300&amp;ssl=1 205w\" sizes=\"(max-width: 500px) 100vw, 500px\" \/><\/a><figcaption class=\"wp-element-caption\"><sub>Reprodu\u00e7\u00e3o \/ Facebook<\/sub><\/figcaption><\/figure>\n\n\n\n<p>Quando d\u00f3i em mim, eu deixo. Deixo doer at\u00e9 a \u00faltima gota de \u00e1gua salgada. Depois ela se vai. A dor n\u00e3o quer outra coisa que n\u00e3o seja exercer sua fun\u00e7\u00e3o: doer. E n\u00e3o \u00e9 banalizando, embotando as emo\u00e7\u00f5es que ela vai deixar de surgir de tempos em tempos. N\u00e3o sei como d\u00f3i em voc\u00ea, mas por saber como d\u00f3i a minha dor eu tento imaginar a sua: de t\u00e3o abstrata incomoda fisicamente porque se humaniza em n\u00f3s. E nos humaniza. Deixe doer o que for honesto. Deixe alagar seus olhos de chuva, escorrer pelo seu rosto e tra\u00e7ar caminhos sinuosos ou retas perfeitas como fazem os rios. A dor s\u00f3 quer te lembrar que h\u00e1 vida naquilo que voc\u00ea rejeitou porque compunha o outro extremo do que imagin\u00e1vamos ser a felicidade. A dor quer que voc\u00ea adquira sabedoria experimentando a totalidade.<\/p>\n\n\n\n<p class=\"has-black-color has-text-color has-link-color wp-elements-42315ed4402c30fd6e87f3ecdf4cb65d\"><strong>Marla de Queiroz<\/strong><\/p>\n","protected":false},"excerpt":{"rendered":"<p>Blog do Eloilton Cajuhy Quando d\u00f3i em mim, eu deixo. Deixo doer at\u00e9 a \u00faltima gota de \u00e1gua salgada. Depois ela se vai. A dor n\u00e3o quer outra coisa que n\u00e3o seja exercer sua fun\u00e7\u00e3o: doer. E n\u00e3o \u00e9 banalizando, embotando as emo\u00e7\u00f5es que ela vai deixar de surgir de tempos em tempos. N\u00e3o sei [&hellip;]<\/p>\n","protected":false},"author":2,"featured_media":81716,"comment_status":"open","ping_status":"open","sticky":false,"template":"","format":"standard","meta":{"_acf_changed":false,"_monsterinsights_skip_tracking":false,"_monsterinsights_sitenote_active":false,"_monsterinsights_sitenote_note":"","_monsterinsights_sitenote_category":0,"_jetpack_memberships_contains_paid_content":false,"footnotes":"","jetpack_publicize_message":"","jetpack_publicize_feature_enabled":true,"jetpack_social_post_already_shared":true,"jetpack_social_options":{"image_generator_settings":{"template":"highway","default_image_id":0,"font":"","enabled":false},"version":2}},"categories":[9],"tags":[],"class_list":["post-81715","post","type-post","status-publish","format-standard","has-post-thumbnail","hentry","category-reflexao"],"acf":[],"jetpack_publicize_connections":[],"jetpack_featured_media_url":"https:\/\/i0.wp.com\/blogdoeloiltoncajuhy.com.br\/site\/wp-content\/uploads\/2024\/07\/Imagem_Facebook-080724.png?fit=500%2C732&ssl=1","jetpack_sharing_enabled":true,"publishpress_future_workflow_manual_trigger":{"enabledWorkflows":[]},"_links":{"self":[{"href":"https:\/\/blogdoeloiltoncajuhy.com.br\/site\/wp-json\/wp\/v2\/posts\/81715","targetHints":{"allow":["GET"]}}],"collection":[{"href":"https:\/\/blogdoeloiltoncajuhy.com.br\/site\/wp-json\/wp\/v2\/posts"}],"about":[{"href":"https:\/\/blogdoeloiltoncajuhy.com.br\/site\/wp-json\/wp\/v2\/types\/post"}],"author":[{"embeddable":true,"href":"https:\/\/blogdoeloiltoncajuhy.com.br\/site\/wp-json\/wp\/v2\/users\/2"}],"replies":[{"embeddable":true,"href":"https:\/\/blogdoeloiltoncajuhy.com.br\/site\/wp-json\/wp\/v2\/comments?post=81715"}],"version-history":[{"count":1,"href":"https:\/\/blogdoeloiltoncajuhy.com.br\/site\/wp-json\/wp\/v2\/posts\/81715\/revisions"}],"predecessor-version":[{"id":81717,"href":"https:\/\/blogdoeloiltoncajuhy.com.br\/site\/wp-json\/wp\/v2\/posts\/81715\/revisions\/81717"}],"wp:featuredmedia":[{"embeddable":true,"href":"https:\/\/blogdoeloiltoncajuhy.com.br\/site\/wp-json\/wp\/v2\/media\/81716"}],"wp:attachment":[{"href":"https:\/\/blogdoeloiltoncajuhy.com.br\/site\/wp-json\/wp\/v2\/media?parent=81715"}],"wp:term":[{"taxonomy":"category","embeddable":true,"href":"https:\/\/blogdoeloiltoncajuhy.com.br\/site\/wp-json\/wp\/v2\/categories?post=81715"},{"taxonomy":"post_tag","embeddable":true,"href":"https:\/\/blogdoeloiltoncajuhy.com.br\/site\/wp-json\/wp\/v2\/tags?post=81715"}],"curies":[{"name":"wp","href":"https:\/\/api.w.org\/{rel}","templated":true}]}}