{"id":81706,"date":"2024-07-08T14:34:12","date_gmt":"2024-07-08T17:34:12","guid":{"rendered":"https:\/\/blogdoeloiltoncajuhy.com.br\/site\/?p=81706"},"modified":"2024-07-08T14:34:14","modified_gmt":"2024-07-08T17:34:14","slug":"bahia-recebe-novas-ambulancias-da-renovacao-de-frotas-do-samu-192","status":"publish","type":"post","link":"https:\/\/blogdoeloiltoncajuhy.com.br\/site\/bahia-recebe-novas-ambulancias-da-renovacao-de-frotas-do-samu-192\/","title":{"rendered":"Bahia recebe novas ambul\u00e2ncias da renova\u00e7\u00e3o de frotas do SAMU 192"},"content":{"rendered":"\n<p class=\"has-medium-font-size\"><strong>Em todo o Brasil, a medida beneficiar\u00e1 247 munic\u00edpios com investimento do Novo PAC.<\/strong><\/p>\n\n\n\n<p><strong>Blog do Eloilton Cajuhy<\/strong><\/p>\n\n\n\n<figure class=\"wp-block-image aligncenter size-full is-resized\"><a href=\"https:\/\/i0.wp.com\/blogdoeloiltoncajuhy.com.br\/site\/wp-content\/uploads\/2024\/07\/GOVFED_Ambulancias-Samu-192_Foto-Julia-Prado-MS.jpeg?ssl=1\"><img data-recalc-dims=\"1\" fetchpriority=\"high\" decoding=\"async\" width=\"768\" height=\"354\" src=\"https:\/\/i0.wp.com\/blogdoeloiltoncajuhy.com.br\/site\/wp-content\/uploads\/2024\/07\/GOVFED_Ambulancias-Samu-192_Foto-Julia-Prado-MS.jpeg?resize=768%2C354&#038;ssl=1\" alt=\"\" class=\"wp-image-81707\" style=\"width:881px;height:auto\" srcset=\"https:\/\/i0.wp.com\/blogdoeloiltoncajuhy.com.br\/site\/wp-content\/uploads\/2024\/07\/GOVFED_Ambulancias-Samu-192_Foto-Julia-Prado-MS.jpeg?w=768&amp;ssl=1 768w, https:\/\/i0.wp.com\/blogdoeloiltoncajuhy.com.br\/site\/wp-content\/uploads\/2024\/07\/GOVFED_Ambulancias-Samu-192_Foto-Julia-Prado-MS.jpeg?resize=300%2C138&amp;ssl=1 300w\" sizes=\"(max-width: 768px) 100vw, 768px\" \/><\/a><figcaption class=\"wp-element-caption\"><sub>Foto: Julia Prado\/MS<\/sub><\/figcaption><\/figure>\n\n\n\n<p>Vinte e seis munic\u00edpios baianos receber\u00e3o a renova\u00e7\u00e3o da frota do Servi\u00e7o de Atendimento M\u00f3vel de Urg\u00eancia (SAMU 192). No total, 29 ambul\u00e2ncias, que est\u00e3o em uso h\u00e1 sete anos, ser\u00e3o substitu\u00eddas por ve\u00edculos novos. A informa\u00e7\u00e3o \u00e9 do Minist\u00e9rio da Sa\u00fade.<\/p>\n\n\n\n<p>Na quinta-feira (4), o presidente da Rep\u00fablica, Luiz In\u00e1cio Lula da Silva, e a ministra da Sa\u00fade, N\u00edsia Trindade, entregaram 280 novas ambul\u00e2ncias para 247 munic\u00edpios em 24 estados do Brasil, incluindo estas unidades para a Bahia. A renova\u00e7\u00e3o da frota, de acordo com o Minist\u00e9rio, \u00e9 viabilizada pelo investimento do Novo PAC, que para esta entrega espec\u00edfica totaliza R$ 89 milh\u00f5es. Al\u00e9m disso, nos pr\u00f3ximos dias, outras 25 Unidades de Suporte B\u00e1sico ser\u00e3o entregues.<\/p>\n\n\n\n<p>Segundo o Governo Federal, o Novo PAC na sa\u00fade vai possibilitar a universaliza\u00e7\u00e3o de servi\u00e7os essenciais na rede p\u00fablica, como \u00e9 o caso do SAMU. O Minist\u00e9rio da Sa\u00fade estima que mais 6,6 milh\u00f5es de pessoas passem a receber cobertura de emerg\u00eancia. Em quatro anos, a cobertura vai passar de 87,3% para 90,4% da popula\u00e7\u00e3o brasileira, ampliando o acesso a esse servi\u00e7o que estava estagnado desde 2017.<\/p>\n\n\n\n<p>O Servi\u00e7o de Atendimento M\u00f3vel de Urg\u00eancia \u00e9 um dos componentes da Pol\u00edtica Nacional de Aten\u00e7\u00e3o \u00e0s Urg\u00eancias do Minist\u00e9rio da Sa\u00fade. O servi\u00e7o pode ser acessado pelo n\u00famero &#8220;192&#8221;, que oferece orienta\u00e7\u00f5es \u00e0 popula\u00e7\u00e3o e envia ve\u00edculos tripulados por equipes especializadas.<\/p>\n\n\n\n<p>Em 2023, o Minist\u00e9rio da Sa\u00fade ampliou em 30% os valores repassados para custeio do SAMU 192, o que representa um incremento de R$ 396 milh\u00f5es por ano. Com o reajuste, o total destinado ao servi\u00e7o passou de R$1,3 bilh\u00e3o para R$1,7 bilh\u00e3o. O aumento minimizou a sobrecarga nos munic\u00edpios, uma forma de incentivar a universaliza\u00e7\u00e3o do servi\u00e7o, que desde 2013 n\u00e3o recebiam atualiza\u00e7\u00e3o nos valores de custeio.<\/p>\n\n\n\n<p>O governo federal, na gest\u00e3o do presidente Lula, est\u00e1 investindo um total R$ 30,5 bilh\u00f5es na sa\u00fade por meio do Novo PAC, sendo R$ 11,6 bilh\u00f5es na etapa atual de formaliza\u00e7\u00e3o. A maior parcela dos recursos est\u00e1 voltada ao enfrentamento de gargalos hist\u00f3ricos na aten\u00e7\u00e3o prim\u00e1ria e especializada, como o aumento de Unidades B\u00e1sicas de Sa\u00fade, maternidades, policl\u00ednicas e Centros de Aten\u00e7\u00e3o Psicossocial.<\/p>\n\n\n\n<p>Somente no SAMU, R$ 770 milh\u00f5es ser\u00e3o investidos at\u00e9 2026, com prioridade para as regi\u00f5es de maior vulnerabilidade social. Ser\u00e3o 850 novos ve\u00edculos para expandir o servi\u00e7o em todo o Brasil, al\u00e9m de 14 novas Centrais de Regula\u00e7\u00e3o.<\/p>\n\n\n\n<p>A solenidade de entrega das novas ambul\u00e2ncias ocorreu em Salto (SP), 104 quil\u00f4metros distante da capital paulista, na sede da empresa habilitada a implantar tecnologias de atendimento nas viaturas de emerg\u00eancia.<\/p>\n\n\n\n<p>Na ocasi\u00e3o, a ministra da Sa\u00fade lembrou o papel desempenhado pelo SAMU 192 no atendimento \u00e0 popula\u00e7\u00e3o. \u201c\u00c9 um dos programas mais bem avaliados pelo povo brasileiro, segundo as pesquisas. Um programa que tem como especialidade salvar vidas\u201d, pontuou.<\/p>\n\n\n\n<p>\u201cNosso compromisso \u00e9 modernizar em torno de 60% da frota do SAMU nos pr\u00f3ximos anos. Temos atualmente ambul\u00e2ncias com muito tempo de uso, algumas de 10 anos atr\u00e1s\u201d, disse N\u00edsia. \u201cCom novos equipamentos, podemos atender de forma adequada e segura as pessoas em todo o Brasil\u201d, acrescentou, lembrando que o servi\u00e7o de urg\u00eancia conta hoje com 80 mil profissionais em atua\u00e7\u00e3o.<\/p>\n\n\n\n<p>O presidente Lula tamb\u00e9m refor\u00e7ou que a assist\u00eancia m\u00e9dica \u00e9 prioridade para a atual gest\u00e3o. \u201cTomamos a decis\u00e3o de que o Estado brasileiro tem que assumir a responsabilidade de cuidar do seu povo. \u00c9 para isso que criamos o SAMU, para dar conforto. Ningu\u00e9m pode morrer por falta de assist\u00eancia!\u201d, alertou.<\/p>\n","protected":false},"excerpt":{"rendered":"<p>Em todo o Brasil, a medida beneficiar\u00e1 247 munic\u00edpios com investimento do Novo PAC. Blog do Eloilton Cajuhy Vinte e seis munic\u00edpios baianos receber\u00e3o a renova\u00e7\u00e3o da frota do Servi\u00e7o de Atendimento M\u00f3vel de Urg\u00eancia (SAMU 192). No total, 29 ambul\u00e2ncias, que est\u00e3o em uso h\u00e1 sete anos, ser\u00e3o substitu\u00eddas por ve\u00edculos novos. A informa\u00e7\u00e3o [&hellip;]<\/p>\n","protected":false},"author":2,"featured_media":81707,"comment_status":"open","ping_status":"open","sticky":false,"template":"","format":"standard","meta":{"_acf_changed":false,"_monsterinsights_skip_tracking":false,"_monsterinsights_sitenote_active":false,"_monsterinsights_sitenote_note":"","_monsterinsights_sitenote_category":0,"_jetpack_memberships_contains_paid_content":false,"footnotes":"","jetpack_publicize_message":"","jetpack_publicize_feature_enabled":true,"jetpack_social_post_already_shared":true,"jetpack_social_options":{"image_generator_settings":{"template":"highway","default_image_id":0,"font":"","enabled":false},"version":2}},"categories":[7],"tags":[],"class_list":["post-81706","post","type-post","status-publish","format-standard","has-post-thumbnail","hentry","category-saude"],"acf":[],"jetpack_publicize_connections":[],"jetpack_featured_media_url":"https:\/\/i0.wp.com\/blogdoeloiltoncajuhy.com.br\/site\/wp-content\/uploads\/2024\/07\/GOVFED_Ambulancias-Samu-192_Foto-Julia-Prado-MS.jpeg?fit=768%2C354&ssl=1","jetpack_sharing_enabled":true,"publishpress_future_workflow_manual_trigger":{"enabledWorkflows":[]},"_links":{"self":[{"href":"https:\/\/blogdoeloiltoncajuhy.com.br\/site\/wp-json\/wp\/v2\/posts\/81706","targetHints":{"allow":["GET"]}}],"collection":[{"href":"https:\/\/blogdoeloiltoncajuhy.com.br\/site\/wp-json\/wp\/v2\/posts"}],"about":[{"href":"https:\/\/blogdoeloiltoncajuhy.com.br\/site\/wp-json\/wp\/v2\/types\/post"}],"author":[{"embeddable":true,"href":"https:\/\/blogdoeloiltoncajuhy.com.br\/site\/wp-json\/wp\/v2\/users\/2"}],"replies":[{"embeddable":true,"href":"https:\/\/blogdoeloiltoncajuhy.com.br\/site\/wp-json\/wp\/v2\/comments?post=81706"}],"version-history":[{"count":1,"href":"https:\/\/blogdoeloiltoncajuhy.com.br\/site\/wp-json\/wp\/v2\/posts\/81706\/revisions"}],"predecessor-version":[{"id":81708,"href":"https:\/\/blogdoeloiltoncajuhy.com.br\/site\/wp-json\/wp\/v2\/posts\/81706\/revisions\/81708"}],"wp:featuredmedia":[{"embeddable":true,"href":"https:\/\/blogdoeloiltoncajuhy.com.br\/site\/wp-json\/wp\/v2\/media\/81707"}],"wp:attachment":[{"href":"https:\/\/blogdoeloiltoncajuhy.com.br\/site\/wp-json\/wp\/v2\/media?parent=81706"}],"wp:term":[{"taxonomy":"category","embeddable":true,"href":"https:\/\/blogdoeloiltoncajuhy.com.br\/site\/wp-json\/wp\/v2\/categories?post=81706"},{"taxonomy":"post_tag","embeddable":true,"href":"https:\/\/blogdoeloiltoncajuhy.com.br\/site\/wp-json\/wp\/v2\/tags?post=81706"}],"curies":[{"name":"wp","href":"https:\/\/api.w.org\/{rel}","templated":true}]}}