{"id":81700,"date":"2024-07-08T08:15:08","date_gmt":"2024-07-08T11:15:08","guid":{"rendered":"https:\/\/blogdoeloiltoncajuhy.com.br\/site\/?p=81700"},"modified":"2024-07-08T08:15:10","modified_gmt":"2024-07-08T11:15:10","slug":"explosao-na-madrugada-assusta-moradores-do-bairro-da-pera-em-bonfim","status":"publish","type":"post","link":"https:\/\/blogdoeloiltoncajuhy.com.br\/site\/explosao-na-madrugada-assusta-moradores-do-bairro-da-pera-em-bonfim\/","title":{"rendered":"Explos\u00e3o na madrugada assusta moradores do Bairro da P\u00eara em Bonfim"},"content":{"rendered":"\n<p class=\"has-medium-font-size\"><strong>Pol\u00edcia apura o caso. Ningu\u00e9m ficou ferido.<\/strong><\/p>\n\n\n\n<p><strong>Blog do Eloilton Cajuhy<\/strong><\/p>\n\n\n\n<figure class=\"wp-block-image aligncenter size-full\"><a href=\"https:\/\/i0.wp.com\/blogdoeloiltoncajuhy.com.br\/site\/wp-content\/uploads\/2024\/07\/Bonfim_Explosao-na-Pera_Redes-Sociais.png?ssl=1\"><img data-recalc-dims=\"1\" fetchpriority=\"high\" decoding=\"async\" width=\"370\" height=\"659\" src=\"https:\/\/i0.wp.com\/blogdoeloiltoncajuhy.com.br\/site\/wp-content\/uploads\/2024\/07\/Bonfim_Explosao-na-Pera_Redes-Sociais.png?resize=370%2C659&#038;ssl=1\" alt=\"\" class=\"wp-image-81701\" srcset=\"https:\/\/i0.wp.com\/blogdoeloiltoncajuhy.com.br\/site\/wp-content\/uploads\/2024\/07\/Bonfim_Explosao-na-Pera_Redes-Sociais.png?w=370&amp;ssl=1 370w, https:\/\/i0.wp.com\/blogdoeloiltoncajuhy.com.br\/site\/wp-content\/uploads\/2024\/07\/Bonfim_Explosao-na-Pera_Redes-Sociais.png?resize=168%2C300&amp;ssl=1 168w\" sizes=\"(max-width: 370px) 100vw, 370px\" \/><\/a><figcaption class=\"wp-element-caption\"><sub>Explos\u00e3o na madrugada assusta moradores do Bairro da P\u00eara em Bonfim &#8211; Foto: Redes Sociais<\/sub><\/figcaption><\/figure>\n\n\n\n<p>Moradores da Pra\u00e7a das Mangueiras, no Bairro da P\u00eara, em Senhor do Bonfim, ficaram assustados com uma explos\u00e3o ocorrida na madrugada desta segunda-feira (08). Segundo relatos obtidos pela pol\u00edcia, n\u00e3o se sabe quem teria provocado tal explos\u00e3o, nem o tipo de material utilizado para o crime.<\/p>\n\n\n\n<p>No local onde o explosivo foi detonado deixou uma resid\u00eancia parcialmente destru\u00edda. Segundo informa\u00e7\u00f5es, um deficiente mora na casa atingida, mas ele n\u00e3o se feriu.<\/p>\n\n\n\n<p>Agora, a pol\u00edcia vai investigar o caso para tentar descobrir os autores e a motiva\u00e7\u00e3o do crime.<\/p>\n","protected":false},"excerpt":{"rendered":"<p>Pol\u00edcia apura o caso. Ningu\u00e9m ficou ferido. Blog do Eloilton Cajuhy Moradores da Pra\u00e7a das Mangueiras, no Bairro da P\u00eara, em Senhor do Bonfim, ficaram assustados com uma explos\u00e3o ocorrida na madrugada desta segunda-feira (08). Segundo relatos obtidos pela pol\u00edcia, n\u00e3o se sabe quem teria provocado tal explos\u00e3o, nem o tipo de material utilizado para [&hellip;]<\/p>\n","protected":false},"author":2,"featured_media":81701,"comment_status":"open","ping_status":"open","sticky":false,"template":"","format":"standard","meta":{"_acf_changed":false,"_monsterinsights_skip_tracking":false,"_monsterinsights_sitenote_active":false,"_monsterinsights_sitenote_note":"","_monsterinsights_sitenote_category":0,"_jetpack_memberships_contains_paid_content":false,"footnotes":"","jetpack_publicize_message":"","jetpack_publicize_feature_enabled":true,"jetpack_social_post_already_shared":true,"jetpack_social_options":{"image_generator_settings":{"template":"highway","default_image_id":0,"font":"","enabled":false},"version":2}},"categories":[15],"tags":[],"class_list":["post-81700","post","type-post","status-publish","format-standard","has-post-thumbnail","hentry","category-policia"],"acf":[],"jetpack_publicize_connections":[],"jetpack_featured_media_url":"https:\/\/i0.wp.com\/blogdoeloiltoncajuhy.com.br\/site\/wp-content\/uploads\/2024\/07\/Bonfim_Explosao-na-Pera_Redes-Sociais.png?fit=370%2C659&ssl=1","jetpack_sharing_enabled":true,"publishpress_future_workflow_manual_trigger":{"enabledWorkflows":[]},"_links":{"self":[{"href":"https:\/\/blogdoeloiltoncajuhy.com.br\/site\/wp-json\/wp\/v2\/posts\/81700","targetHints":{"allow":["GET"]}}],"collection":[{"href":"https:\/\/blogdoeloiltoncajuhy.com.br\/site\/wp-json\/wp\/v2\/posts"}],"about":[{"href":"https:\/\/blogdoeloiltoncajuhy.com.br\/site\/wp-json\/wp\/v2\/types\/post"}],"author":[{"embeddable":true,"href":"https:\/\/blogdoeloiltoncajuhy.com.br\/site\/wp-json\/wp\/v2\/users\/2"}],"replies":[{"embeddable":true,"href":"https:\/\/blogdoeloiltoncajuhy.com.br\/site\/wp-json\/wp\/v2\/comments?post=81700"}],"version-history":[{"count":1,"href":"https:\/\/blogdoeloiltoncajuhy.com.br\/site\/wp-json\/wp\/v2\/posts\/81700\/revisions"}],"predecessor-version":[{"id":81702,"href":"https:\/\/blogdoeloiltoncajuhy.com.br\/site\/wp-json\/wp\/v2\/posts\/81700\/revisions\/81702"}],"wp:featuredmedia":[{"embeddable":true,"href":"https:\/\/blogdoeloiltoncajuhy.com.br\/site\/wp-json\/wp\/v2\/media\/81701"}],"wp:attachment":[{"href":"https:\/\/blogdoeloiltoncajuhy.com.br\/site\/wp-json\/wp\/v2\/media?parent=81700"}],"wp:term":[{"taxonomy":"category","embeddable":true,"href":"https:\/\/blogdoeloiltoncajuhy.com.br\/site\/wp-json\/wp\/v2\/categories?post=81700"},{"taxonomy":"post_tag","embeddable":true,"href":"https:\/\/blogdoeloiltoncajuhy.com.br\/site\/wp-json\/wp\/v2\/tags?post=81700"}],"curies":[{"name":"wp","href":"https:\/\/api.w.org\/{rel}","templated":true}]}}