{"id":80999,"date":"2024-05-23T08:54:30","date_gmt":"2024-05-23T11:54:30","guid":{"rendered":"https:\/\/blogdoeloiltoncajuhy.com.br\/site\/?p=80999"},"modified":"2024-05-23T08:54:33","modified_gmt":"2024-05-23T11:54:33","slug":"governo-federal-define-nova-data-para-o-enem-dos-concursos-veja-quando-sera","status":"publish","type":"post","link":"https:\/\/blogdoeloiltoncajuhy.com.br\/site\/governo-federal-define-nova-data-para-o-enem-dos-concursos-veja-quando-sera\/","title":{"rendered":"Governo federal define nova data para o &#8216;Enem dos concursos&#8217;; veja quando ser\u00e1"},"content":{"rendered":"\n<p class=\"has-medium-font-size\"><strong>Segundo o Minist\u00e9rio da Gest\u00e3o, a prova ser\u00e1 realizada dia 18 de agosto. Todos os cadernos de prova est\u00e3o preservados e em seguran\u00e7a.<\/strong><\/p>\n\n\n\n<p><strong>Por Rayane Moura, g1<\/strong><\/p>\n\n\n\n<figure class=\"wp-block-image aligncenter size-full is-resized\"><a href=\"https:\/\/i0.wp.com\/blogdoeloiltoncajuhy.com.br\/site\/wp-content\/uploads\/2024\/05\/GOVFED_Enem-dos-Concursos-%E2%80%94-Foto-Daniel-Cymbalista-Fotoarena-Estadao-Conteudo.png?ssl=1\"><img data-recalc-dims=\"1\" fetchpriority=\"high\" decoding=\"async\" width=\"800\" height=\"527\" src=\"https:\/\/i0.wp.com\/blogdoeloiltoncajuhy.com.br\/site\/wp-content\/uploads\/2024\/05\/GOVFED_Enem-dos-Concursos-%E2%80%94-Foto-Daniel-Cymbalista-Fotoarena-Estadao-Conteudo.png?resize=800%2C527&#038;ssl=1\" alt=\"\" class=\"wp-image-81000\" style=\"width:706px;height:auto\" srcset=\"https:\/\/i0.wp.com\/blogdoeloiltoncajuhy.com.br\/site\/wp-content\/uploads\/2024\/05\/GOVFED_Enem-dos-Concursos-%E2%80%94-Foto-Daniel-Cymbalista-Fotoarena-Estadao-Conteudo.png?w=815&amp;ssl=1 815w, https:\/\/i0.wp.com\/blogdoeloiltoncajuhy.com.br\/site\/wp-content\/uploads\/2024\/05\/GOVFED_Enem-dos-Concursos-%E2%80%94-Foto-Daniel-Cymbalista-Fotoarena-Estadao-Conteudo.png?resize=300%2C198&amp;ssl=1 300w, https:\/\/i0.wp.com\/blogdoeloiltoncajuhy.com.br\/site\/wp-content\/uploads\/2024\/05\/GOVFED_Enem-dos-Concursos-%E2%80%94-Foto-Daniel-Cymbalista-Fotoarena-Estadao-Conteudo.png?resize=768%2C506&amp;ssl=1 768w\" sizes=\"(max-width: 800px) 100vw, 800px\" \/><\/a><figcaption class=\"wp-element-caption\"><sub>Governo federal define nova data para o &#8216;Enem dos concursos&#8217; \u2014 Foto: Daniel Cymbalista\/Fotoarena\/Estad\u00e3o Conte\u00fado<\/sub><\/figcaption><\/figure>\n\n\n\n<p>O Minist\u00e9rio da Gest\u00e3o divulgou nesta quinta-feira (23), a nova data para o Concurso P\u00fablico Nacional Unificado (CNPU), que ficou conhecido como o &#8216;Enem dos concursos&#8217;. As avalia\u00e7\u00f5es v\u00e3o acontecer dia 18 de agosto, em 228 cidade do pa\u00eds.<\/p>\n\n\n\n<p>A prova reunir\u00e1 mais de 2,1 milh\u00f5es de candidatos e oferecer\u00e1 6.640 vagas para 21 \u00f3rg\u00e3os da administra\u00e7\u00e3o p\u00fablica federal. Segundo o Minist\u00e9rio da Gest\u00e3o, cronograma completo ser\u00e1 divulgado em breve.<\/p>\n\n\n\n<p>Antes, as avalia\u00e7\u00f5es iriam acontecer no dia 05 de maio, e foram adidas devido \u00e0s fortes chuvas no Rio Grande do Sul. Por isso, todos os 18.757 malotes de prova foram recolhidos em todo o Brasil e enviados para um local seguro.<\/p>\n\n\n\n<p>O minist\u00e9rio da gest\u00e3o disse que &#8220;os malotes foram checados, um a um, por membros da rede de seguran\u00e7a, e foi identificado que n\u00e3o houve qualquer viola\u00e7\u00e3o&#8221;. Agora, o \u00f3rg\u00e3o vai come\u00e7ar o di\u00e1logo institucional para garantir os locais de prova, priorizando a manuten\u00e7\u00e3o dos locais definidos anteriormente.<\/p>\n\n\n\n<p>No caso do Rio Grande do Sul, haver\u00e1 um di\u00e1logo especial para garantir o acesso das pessoas inscritas no estado. Os candidatos ter\u00e3o de acessar novamente os cart\u00f5es de prova, para confirmar se o local de prova foi mantido ou alterado.<\/p>\n\n\n\n<p>O cart\u00e3o de confirma\u00e7\u00e3o de inscri\u00e7\u00e3o no &#8216;Enem dos Concursos&#8217;, com os detalhes sobre os locais de provas, ser\u00e1 divulgado no dia 7 de agosto.<\/p>\n\n\n\n<p>O documento estar\u00e1 dispon\u00edvel na \u00c1rea do Candidato, mesma p\u00e1gina da Internet em que o candidato fez a inscri\u00e7\u00e3o. Para acessar, \u00e9 preciso fazer login com os dados da conta GOV.BR.<\/p>\n","protected":false},"excerpt":{"rendered":"<p>Segundo o Minist\u00e9rio da Gest\u00e3o, a prova ser\u00e1 realizada dia 18 de agosto. Todos os cadernos de prova est\u00e3o preservados e em seguran\u00e7a. Por Rayane Moura, g1 O Minist\u00e9rio da Gest\u00e3o divulgou nesta quinta-feira (23), a nova data para o Concurso P\u00fablico Nacional Unificado (CNPU), que ficou conhecido como o &#8216;Enem dos concursos&#8217;. As avalia\u00e7\u00f5es [&hellip;]<\/p>\n","protected":false},"author":2,"featured_media":81000,"comment_status":"open","ping_status":"open","sticky":false,"template":"","format":"standard","meta":{"_acf_changed":false,"_monsterinsights_skip_tracking":false,"_monsterinsights_sitenote_active":false,"_monsterinsights_sitenote_note":"","_monsterinsights_sitenote_category":0,"_jetpack_memberships_contains_paid_content":false,"footnotes":"","jetpack_publicize_message":"","jetpack_publicize_feature_enabled":true,"jetpack_social_post_already_shared":true,"jetpack_social_options":{"image_generator_settings":{"template":"highway","default_image_id":0,"font":"","enabled":false},"version":2}},"categories":[14],"tags":[],"class_list":["post-80999","post","type-post","status-publish","format-standard","has-post-thumbnail","hentry","category-educacao"],"acf":[],"jetpack_publicize_connections":[],"jetpack_featured_media_url":"https:\/\/i0.wp.com\/blogdoeloiltoncajuhy.com.br\/site\/wp-content\/uploads\/2024\/05\/GOVFED_Enem-dos-Concursos-%E2%80%94-Foto-Daniel-Cymbalista-Fotoarena-Estadao-Conteudo.png?fit=815%2C537&ssl=1","jetpack_sharing_enabled":true,"publishpress_future_workflow_manual_trigger":{"enabledWorkflows":[]},"_links":{"self":[{"href":"https:\/\/blogdoeloiltoncajuhy.com.br\/site\/wp-json\/wp\/v2\/posts\/80999","targetHints":{"allow":["GET"]}}],"collection":[{"href":"https:\/\/blogdoeloiltoncajuhy.com.br\/site\/wp-json\/wp\/v2\/posts"}],"about":[{"href":"https:\/\/blogdoeloiltoncajuhy.com.br\/site\/wp-json\/wp\/v2\/types\/post"}],"author":[{"embeddable":true,"href":"https:\/\/blogdoeloiltoncajuhy.com.br\/site\/wp-json\/wp\/v2\/users\/2"}],"replies":[{"embeddable":true,"href":"https:\/\/blogdoeloiltoncajuhy.com.br\/site\/wp-json\/wp\/v2\/comments?post=80999"}],"version-history":[{"count":1,"href":"https:\/\/blogdoeloiltoncajuhy.com.br\/site\/wp-json\/wp\/v2\/posts\/80999\/revisions"}],"predecessor-version":[{"id":81001,"href":"https:\/\/blogdoeloiltoncajuhy.com.br\/site\/wp-json\/wp\/v2\/posts\/80999\/revisions\/81001"}],"wp:featuredmedia":[{"embeddable":true,"href":"https:\/\/blogdoeloiltoncajuhy.com.br\/site\/wp-json\/wp\/v2\/media\/81000"}],"wp:attachment":[{"href":"https:\/\/blogdoeloiltoncajuhy.com.br\/site\/wp-json\/wp\/v2\/media?parent=80999"}],"wp:term":[{"taxonomy":"category","embeddable":true,"href":"https:\/\/blogdoeloiltoncajuhy.com.br\/site\/wp-json\/wp\/v2\/categories?post=80999"},{"taxonomy":"post_tag","embeddable":true,"href":"https:\/\/blogdoeloiltoncajuhy.com.br\/site\/wp-json\/wp\/v2\/tags?post=80999"}],"curies":[{"name":"wp","href":"https:\/\/api.w.org\/{rel}","templated":true}]}}