{"id":80915,"date":"2024-05-17T16:09:15","date_gmt":"2024-05-17T19:09:15","guid":{"rendered":"https:\/\/blogdoeloiltoncajuhy.com.br\/site\/?p=80915"},"modified":"2024-05-17T16:09:18","modified_gmt":"2024-05-17T19:09:18","slug":"feira-da-economia-solidaria-em-senhor-do-bonfim-promete-fortalecer-empreendimentos-locais","status":"publish","type":"post","link":"https:\/\/blogdoeloiltoncajuhy.com.br\/site\/feira-da-economia-solidaria-em-senhor-do-bonfim-promete-fortalecer-empreendimentos-locais\/","title":{"rendered":"Feira da Economia Solid\u00e1ria em Senhor do Bonfim promete fortalecer empreendimentos locais"},"content":{"rendered":"\n<p class=\"has-medium-font-size\"><strong>Evento apresentar\u00e1 diversidade de produtos regionais e contar\u00e1 com apresenta\u00e7\u00f5es culturais nos dias 21 e 22 de maio.<\/strong><\/p>\n\n\n\n<p><strong>Blog do Eloilton Cajuhy<\/strong><\/p>\n\n\n\n<figure class=\"wp-block-image aligncenter size-large\"><a href=\"https:\/\/i0.wp.com\/blogdoeloiltoncajuhy.com.br\/site\/wp-content\/uploads\/2016\/07\/feira_de_economia_solidria_foto_Marcelo_Reis_5.jpg\"><img data-recalc-dims=\"1\" fetchpriority=\"high\" decoding=\"async\" width=\"800\" height=\"534\" src=\"https:\/\/i0.wp.com\/blogdoeloiltoncajuhy.com.br\/site\/wp-content\/uploads\/2016\/07\/feira_de_economia_solidria_foto_Marcelo_Reis_5.jpg?resize=800%2C534\" alt=\"\" class=\"wp-image-11256\" srcset=\"https:\/\/i0.wp.com\/blogdoeloiltoncajuhy.com.br\/site\/wp-content\/uploads\/2016\/07\/feira_de_economia_solidria_foto_Marcelo_Reis_5.jpg?resize=1024%2C683&amp;ssl=1 1024w, https:\/\/i0.wp.com\/blogdoeloiltoncajuhy.com.br\/site\/wp-content\/uploads\/2016\/07\/feira_de_economia_solidria_foto_Marcelo_Reis_5.jpg?resize=300%2C200&amp;ssl=1 300w, https:\/\/i0.wp.com\/blogdoeloiltoncajuhy.com.br\/site\/wp-content\/uploads\/2016\/07\/feira_de_economia_solidria_foto_Marcelo_Reis_5.jpg?resize=768%2C512&amp;ssl=1 768w, https:\/\/i0.wp.com\/blogdoeloiltoncajuhy.com.br\/site\/wp-content\/uploads\/2016\/07\/feira_de_economia_solidria_foto_Marcelo_Reis_5.jpg?resize=250%2C167&amp;ssl=1 250w, https:\/\/i0.wp.com\/blogdoeloiltoncajuhy.com.br\/site\/wp-content\/uploads\/2016\/07\/feira_de_economia_solidria_foto_Marcelo_Reis_5.jpg?w=1600 1600w\" sizes=\"(max-width: 800px) 100vw, 800px\" \/><\/a><figcaption class=\"wp-element-caption\"><sub>Foto: Marcelo Reis (arquivo)<\/sub><\/figcaption><\/figure>\n\n\n\n<p><strong><mark style=\"background-color:rgba(0, 0, 0, 0)\" class=\"has-inline-color has-black-color\">Senhor do Bonfim, BA<\/mark><\/strong> \u2013 Nos dias 21 e 22 de maio, das 08h \u00e0s 18h, o Cal\u00e7ad\u00e3o de Senhor do Bonfim ser\u00e1 palco da Feira da Economia Solid\u00e1ria, um evento organizado pela Associa\u00e7\u00e3o de Apoio ao Desenvolvimento Sustent\u00e1vel e Solid\u00e1rio do Estado da Bahia (ADESBA), atrav\u00e9s do Centro P\u00fablico de Economia Solid\u00e1ria Piemonte da Diamantina e Munic\u00edpios (Cesol-PDeM). A feira tem como objetivo fortalecer economicamente os empreendimentos que recebem assist\u00eancia t\u00e9cnica do Cesol, proporcionando um espa\u00e7o para a exposi\u00e7\u00e3o e comercializa\u00e7\u00e3o de produtos regionais.<\/p>\n\n\n\n<p>A Feira da Economia Solid\u00e1ria contar\u00e1 com a participa\u00e7\u00e3o de 36 empreendimentos assessorados pelo Cesol-PDeM, apresentando uma rica diversidade de produtos. Os visitantes poder\u00e3o apreciar e adquirir produtos locais, como caf\u00e9s, queijos, doces, geleias, licores, tapiocas, sequilhos, artesanatos, adubos e plantas ornamentais, entre outros. Al\u00e9m disso, o evento ser\u00e1 animado por apresenta\u00e7\u00f5es culturais de artistas da regi\u00e3o, promovendo a cultura local e proporcionando entretenimento para os participantes.<\/p>\n\n\n\n<p>De acordo com os organizadores, a feira \u00e9 uma oportunidade n\u00e3o apenas para a comercializa\u00e7\u00e3o de produtos, mas tamb\u00e9m para o fortalecimento das redes de economia solid\u00e1ria na regi\u00e3o. \u201cO evento \u00e9 uma vitrine para os produtos e para o trabalho dos empreendimentos que assistimos, al\u00e9m de ser um momento de troca de experi\u00eancias e de fortalecimento da comunidade local\u201d, destaca um representante do Cesol-PDeM.<\/p>\n\n\n\n<p>A iniciativa reflete o compromisso da ADESBA e do Cesol-PDeM com o desenvolvimento sustent\u00e1vel e solid\u00e1rio, promovendo a inclus\u00e3o social e econ\u00f4mica dos pequenos produtores e artes\u00e3os. A feira \u00e9 aberta ao p\u00fablico e espera-se uma grande participa\u00e7\u00e3o da comunidade local e de visitantes, interessados em conhecer mais sobre os produtos e a cultura da regi\u00e3o.<\/p>\n\n\n\n<p>A realiza\u00e7\u00e3o deste evento refor\u00e7a a import\u00e2ncia de apoiar e divulgar os empreendimentos locais, contribuindo para o desenvolvimento econ\u00f4mico da regi\u00e3o de Piemonte da Diamantina. A ADESBA e o Cesol-PDeM convidam a todos para prestigiar a Feira da Economia Solid\u00e1ria, incentivando o consumo consciente e solid\u00e1rio.<\/p>\n\n\n\n<p>Para mais informa\u00e7\u00f5es sobre a feira e os empreendimentos participantes, os interessados podem entrar em contato diretamente com o Cesol-PDeM.<\/p>\n\n\n\n<p class=\"has-black-color has-text-color has-link-color wp-elements-76041f46d6d40fbb7a691f42cb65c322\"><strong>Confira a programa\u00e7\u00e3o:<\/strong><\/p>\n\n\n\n<figure class=\"wp-block-image aligncenter size-full\"><a href=\"https:\/\/i0.wp.com\/blogdoeloiltoncajuhy.com.br\/site\/wp-content\/uploads\/2024\/05\/FECOL_Programacao.jpeg?ssl=1\"><img data-recalc-dims=\"1\" decoding=\"async\" width=\"787\" height=\"527\" src=\"https:\/\/i0.wp.com\/blogdoeloiltoncajuhy.com.br\/site\/wp-content\/uploads\/2024\/05\/FECOL_Programacao.jpeg?resize=787%2C527&#038;ssl=1\" alt=\"\" class=\"wp-image-80916\" srcset=\"https:\/\/i0.wp.com\/blogdoeloiltoncajuhy.com.br\/site\/wp-content\/uploads\/2024\/05\/FECOL_Programacao.jpeg?w=787&amp;ssl=1 787w, https:\/\/i0.wp.com\/blogdoeloiltoncajuhy.com.br\/site\/wp-content\/uploads\/2024\/05\/FECOL_Programacao.jpeg?resize=300%2C201&amp;ssl=1 300w, https:\/\/i0.wp.com\/blogdoeloiltoncajuhy.com.br\/site\/wp-content\/uploads\/2024\/05\/FECOL_Programacao.jpeg?resize=768%2C514&amp;ssl=1 768w\" sizes=\"(max-width: 787px) 100vw, 787px\" \/><\/a><figcaption class=\"wp-element-caption\"><sub>Feira da Economia Solid\u00e1ria em Senhor do Bonfim promete fortalecer empreendimentos locais<\/sub><\/figcaption><\/figure>\n\n\n\n<h2 class=\"wp-block-heading\"><mark style=\"background-color:rgba(0, 0, 0, 0)\" class=\"has-inline-color has-black-color\">Servi\u00e7o:<\/mark><\/h2>\n\n\n\n<p><strong><mark style=\"background-color:rgba(0, 0, 0, 0)\" class=\"has-inline-color has-black-color\">O qu\u00ea:<\/mark><\/strong> Feira da Economia Solid\u00e1ria<br><strong><mark style=\"background-color:rgba(0, 0, 0, 0)\" class=\"has-inline-color has-black-color\">Quando:<\/mark><\/strong> 21 e 22 de maio, das 08h \u00e0s 18h<br><strong><mark style=\"background-color:rgba(0, 0, 0, 0)\" class=\"has-inline-color has-black-color\">Onde:<\/mark><\/strong> Cal\u00e7ad\u00e3o, Senhor do Bonfim-BA<br><strong><mark style=\"background-color:rgba(0, 0, 0, 0)\" class=\"has-inline-color has-black-color\">Organiza\u00e7\u00e3o:<\/mark><\/strong> ADESBA e Cesol-PDeM<br><strong><mark style=\"background-color:rgba(0, 0, 0, 0)\" class=\"has-inline-color has-black-color\">Entrada:<\/mark><\/strong> Gratuita<\/p>\n","protected":false},"excerpt":{"rendered":"<p>Evento apresentar\u00e1 diversidade de produtos regionais e contar\u00e1 com apresenta\u00e7\u00f5es culturais nos dias 21 e 22 de maio. Blog do Eloilton Cajuhy Senhor do Bonfim, BA \u2013 Nos dias 21 e 22 de maio, das 08h \u00e0s 18h, o Cal\u00e7ad\u00e3o de Senhor do Bonfim ser\u00e1 palco da Feira da Economia Solid\u00e1ria, um evento organizado pela [&hellip;]<\/p>\n","protected":false},"author":2,"featured_media":11255,"comment_status":"open","ping_status":"open","sticky":false,"template":"","format":"standard","meta":{"_acf_changed":false,"_monsterinsights_skip_tracking":false,"_monsterinsights_sitenote_active":false,"_monsterinsights_sitenote_note":"","_monsterinsights_sitenote_category":0,"_jetpack_memberships_contains_paid_content":false,"footnotes":"","jetpack_publicize_message":"","jetpack_publicize_feature_enabled":true,"jetpack_social_post_already_shared":true,"jetpack_social_options":{"image_generator_settings":{"template":"highway","default_image_id":0,"font":"","enabled":false},"version":2}},"categories":[4],"tags":[],"class_list":["post-80915","post","type-post","status-publish","format-standard","has-post-thumbnail","hentry","category-local"],"acf":[],"jetpack_publicize_connections":[],"jetpack_featured_media_url":"https:\/\/i0.wp.com\/blogdoeloiltoncajuhy.com.br\/site\/wp-content\/uploads\/2016\/07\/feira_de_economia_solidria_foto_Marcelo_Reis_3.jpg?fit=2126%2C1417&ssl=1","jetpack_sharing_enabled":true,"publishpress_future_workflow_manual_trigger":{"enabledWorkflows":[]},"_links":{"self":[{"href":"https:\/\/blogdoeloiltoncajuhy.com.br\/site\/wp-json\/wp\/v2\/posts\/80915","targetHints":{"allow":["GET"]}}],"collection":[{"href":"https:\/\/blogdoeloiltoncajuhy.com.br\/site\/wp-json\/wp\/v2\/posts"}],"about":[{"href":"https:\/\/blogdoeloiltoncajuhy.com.br\/site\/wp-json\/wp\/v2\/types\/post"}],"author":[{"embeddable":true,"href":"https:\/\/blogdoeloiltoncajuhy.com.br\/site\/wp-json\/wp\/v2\/users\/2"}],"replies":[{"embeddable":true,"href":"https:\/\/blogdoeloiltoncajuhy.com.br\/site\/wp-json\/wp\/v2\/comments?post=80915"}],"version-history":[{"count":1,"href":"https:\/\/blogdoeloiltoncajuhy.com.br\/site\/wp-json\/wp\/v2\/posts\/80915\/revisions"}],"predecessor-version":[{"id":80917,"href":"https:\/\/blogdoeloiltoncajuhy.com.br\/site\/wp-json\/wp\/v2\/posts\/80915\/revisions\/80917"}],"wp:featuredmedia":[{"embeddable":true,"href":"https:\/\/blogdoeloiltoncajuhy.com.br\/site\/wp-json\/wp\/v2\/media\/11255"}],"wp:attachment":[{"href":"https:\/\/blogdoeloiltoncajuhy.com.br\/site\/wp-json\/wp\/v2\/media?parent=80915"}],"wp:term":[{"taxonomy":"category","embeddable":true,"href":"https:\/\/blogdoeloiltoncajuhy.com.br\/site\/wp-json\/wp\/v2\/categories?post=80915"},{"taxonomy":"post_tag","embeddable":true,"href":"https:\/\/blogdoeloiltoncajuhy.com.br\/site\/wp-json\/wp\/v2\/tags?post=80915"}],"curies":[{"name":"wp","href":"https:\/\/api.w.org\/{rel}","templated":true}]}}