{"id":80911,"date":"2024-05-17T08:45:06","date_gmt":"2024-05-17T11:45:06","guid":{"rendered":"https:\/\/blogdoeloiltoncajuhy.com.br\/site\/?p=80911"},"modified":"2024-05-17T08:45:54","modified_gmt":"2024-05-17T11:45:54","slug":"brasil-sera-sede-da-copa-do-mundo-feminina-de-2027","status":"publish","type":"post","link":"https:\/\/blogdoeloiltoncajuhy.com.br\/site\/brasil-sera-sede-da-copa-do-mundo-feminina-de-2027\/","title":{"rendered":"Brasil ser\u00e1 sede da Copa do Mundo Feminina de 2027"},"content":{"rendered":"\n<p class=\"has-medium-font-size\"><strong>Pa\u00eds supera candidatura tripla da Europa no Congresso da Fifa e \u00e9 escolhido para organizar a d\u00e9cima edi\u00e7\u00e3o do evento.<\/strong><\/p>\n\n\n\n<p><strong>Por Mart\u00edn Fernandez\/ge<\/strong> \u2014 Bangkok, Tail\u00e2ndia<\/p>\n\n\n\n<figure class=\"wp-block-image aligncenter size-full\"><a href=\"https:\/\/i0.wp.com\/blogdoeloiltoncajuhy.com.br\/site\/wp-content\/uploads\/2024\/05\/O-presidente-da-Fifa-Gianni-Infantino-anuncia-o-Brasil-como-sede-da-Copa-Feminina-de-2027-%E2%80%94-Foto-MANAN-VATSYAYANA-AFP.jpeg?ssl=1\"><img data-recalc-dims=\"1\" fetchpriority=\"high\" decoding=\"async\" width=\"780\" height=\"520\" src=\"https:\/\/i0.wp.com\/blogdoeloiltoncajuhy.com.br\/site\/wp-content\/uploads\/2024\/05\/O-presidente-da-Fifa-Gianni-Infantino-anuncia-o-Brasil-como-sede-da-Copa-Feminina-de-2027-%E2%80%94-Foto-MANAN-VATSYAYANA-AFP.jpeg?resize=780%2C520&#038;ssl=1\" alt=\"\" class=\"wp-image-80912\" srcset=\"https:\/\/i0.wp.com\/blogdoeloiltoncajuhy.com.br\/site\/wp-content\/uploads\/2024\/05\/O-presidente-da-Fifa-Gianni-Infantino-anuncia-o-Brasil-como-sede-da-Copa-Feminina-de-2027-%E2%80%94-Foto-MANAN-VATSYAYANA-AFP.jpeg?w=780&amp;ssl=1 780w, https:\/\/i0.wp.com\/blogdoeloiltoncajuhy.com.br\/site\/wp-content\/uploads\/2024\/05\/O-presidente-da-Fifa-Gianni-Infantino-anuncia-o-Brasil-como-sede-da-Copa-Feminina-de-2027-%E2%80%94-Foto-MANAN-VATSYAYANA-AFP.jpeg?resize=300%2C200&amp;ssl=1 300w, https:\/\/i0.wp.com\/blogdoeloiltoncajuhy.com.br\/site\/wp-content\/uploads\/2024\/05\/O-presidente-da-Fifa-Gianni-Infantino-anuncia-o-Brasil-como-sede-da-Copa-Feminina-de-2027-%E2%80%94-Foto-MANAN-VATSYAYANA-AFP.jpeg?resize=768%2C512&amp;ssl=1 768w\" sizes=\"(max-width: 780px) 100vw, 780px\" \/><\/a><figcaption class=\"wp-element-caption\"><sub>O presidente da Fifa, Gianni Infantino, anuncia o Brasil como sede da Copa Feminina de 2027 \u2014 Foto: MANAN VATSYAYANA \/ AFP<\/sub><\/figcaption><\/figure>\n\n\n\n<p>A Copa do Mundo Feminina de 2027 ser\u00e1 no Brasil. A candidatura brasileira superou a europeia \u2013 formada por Holanda, Alemanha e B\u00e9lgica \u2013 por 119 votos a 78 durante o Congresso da Fifa, realizado em Bangkok, na Tail\u00e2ndia, nesta quinta-feira (16).<\/p>\n\n\n\n<p>A d\u00e9cima edi\u00e7\u00e3o da principal competi\u00e7\u00e3o de sele\u00e7\u00f5es do futebol feminino ser\u00e1 a primeira disputada na Am\u00e9rica do Sul. Por ser o anfitri\u00e3o da competi\u00e7\u00e3o, o Brasil j\u00e1 est\u00e1 naturalmente classificado. Os demais nove pa\u00edses da Conmebol v\u00e3o disputar tr\u00eas vagas. O Mundial Feminino 2027 ser\u00e1 o segundo com 32 sele\u00e7\u00f5es participantes, repetindo o formato da Copa de 2023, vencida pela Espanha.<\/p>\n\n\n\n<p>\u2013 Parab\u00e9ns ao Brasil. Vamos agora organizar a melhor Copa do Mundo da hist\u00f3ria no Brasil &#8211; afirmou o presidente da Fifa, Gianni Infantino, logo ap\u00f3s anunciar a vit\u00f3ria brasileira.<\/p>\n\n\n\n<p>Em seguida, o presidente da CBF, Ednaldo Rodrigues, subiu ao palco e, emocionado, enalteceu o trabalho feito pelas mulheres integrantes do comit\u00ea de candidatura do pa\u00eds..<\/p>\n\n\n\n<p>\u2013 Desde que o Brasil se candidatou, este foi um trabalho muito competente e que n\u00e3o foi do presidente. N\u00f3s confiamos plenamente nas mulheres que desenvolveram esse trabalho \u2013 disse o dirigente.<\/p>\n\n\n\n<figure class=\"wp-block-embed aligncenter is-type-rich is-provider-twitter wp-block-embed-twitter\"><div class=\"wp-block-embed__wrapper\">\n<blockquote class=\"twitter-tweet\" data-width=\"550\" data-dnt=\"true\"><p lang=\"pt\" dir=\"ltr\">A Copa do Mundo Feminina de 2027 ser\u00e1 no Brasil <a href=\"https:\/\/t.co\/cdnwChBywr\">pic.twitter.com\/cdnwChBywr<\/a><\/p>&mdash; Mart\u00edn Fernandez (@mart_fern) <a href=\"https:\/\/twitter.com\/mart_fern\/status\/1791349135750365499?ref_src=twsrc%5Etfw\">May 17, 2024<\/a><\/blockquote><script async src=\"https:\/\/platform.twitter.com\/widgets.js\" charset=\"utf-8\"><\/script>\n<\/div><\/figure>\n\n\n\n<p>O Brasil j\u00e1 havia superado seus concorrentes na avalia\u00e7\u00e3o t\u00e9cnica das duas candidaturas concorrentes. O relat\u00f3rio publicado pela Fifa dez dias atr\u00e1s atribuiu nota 4 ao Brasil (numa escala de 1 a 5), contra 3,7 da proposta europeia.<\/p>\n\n\n\n<p>Alguns fatores foram decisivos para o Brasil conseguir ser mais bem avaliado: est\u00e1dios, hospedagem e locais oferecidos para a Fifa organizar o Fan Festival. Al\u00e9m disso, o endosso do governo brasileiro foi determinante. O presidente da Conmebol, Alejandro Dom\u00ednguez, celebrou a vit\u00f3ria brasileira nas redes sociais.<\/p>\n\n\n\n<figure class=\"wp-block-embed aligncenter is-type-rich is-provider-twitter wp-block-embed-twitter\"><div class=\"wp-block-embed__wrapper\">\nhttps:\/\/twitter.com\/agdws\/status\/1791346120938963323\n<\/div><\/figure>\n","protected":false},"excerpt":{"rendered":"<p>Pa\u00eds supera candidatura tripla da Europa no Congresso da Fifa e \u00e9 escolhido para organizar a d\u00e9cima edi\u00e7\u00e3o do evento. Por Mart\u00edn Fernandez\/ge \u2014 Bangkok, Tail\u00e2ndia A Copa do Mundo Feminina de 2027 ser\u00e1 no Brasil. A candidatura brasileira superou a europeia \u2013 formada por Holanda, Alemanha e B\u00e9lgica \u2013 por 119 votos a 78 [&hellip;]<\/p>\n","protected":false},"author":2,"featured_media":80912,"comment_status":"open","ping_status":"open","sticky":false,"template":"","format":"standard","meta":{"_acf_changed":false,"_monsterinsights_skip_tracking":false,"_monsterinsights_sitenote_active":false,"_monsterinsights_sitenote_note":"","_monsterinsights_sitenote_category":0,"_jetpack_memberships_contains_paid_content":false,"footnotes":"","jetpack_publicize_message":"","jetpack_publicize_feature_enabled":true,"jetpack_social_post_already_shared":true,"jetpack_social_options":{"image_generator_settings":{"template":"highway","default_image_id":0,"font":"","enabled":false},"version":2}},"categories":[6],"tags":[],"class_list":["post-80911","post","type-post","status-publish","format-standard","has-post-thumbnail","hentry","category-esportes"],"acf":[],"jetpack_publicize_connections":[],"jetpack_featured_media_url":"https:\/\/i0.wp.com\/blogdoeloiltoncajuhy.com.br\/site\/wp-content\/uploads\/2024\/05\/O-presidente-da-Fifa-Gianni-Infantino-anuncia-o-Brasil-como-sede-da-Copa-Feminina-de-2027-%E2%80%94-Foto-MANAN-VATSYAYANA-AFP.jpeg?fit=780%2C520&ssl=1","jetpack_sharing_enabled":true,"publishpress_future_workflow_manual_trigger":{"enabledWorkflows":[]},"_links":{"self":[{"href":"https:\/\/blogdoeloiltoncajuhy.com.br\/site\/wp-json\/wp\/v2\/posts\/80911","targetHints":{"allow":["GET"]}}],"collection":[{"href":"https:\/\/blogdoeloiltoncajuhy.com.br\/site\/wp-json\/wp\/v2\/posts"}],"about":[{"href":"https:\/\/blogdoeloiltoncajuhy.com.br\/site\/wp-json\/wp\/v2\/types\/post"}],"author":[{"embeddable":true,"href":"https:\/\/blogdoeloiltoncajuhy.com.br\/site\/wp-json\/wp\/v2\/users\/2"}],"replies":[{"embeddable":true,"href":"https:\/\/blogdoeloiltoncajuhy.com.br\/site\/wp-json\/wp\/v2\/comments?post=80911"}],"version-history":[{"count":2,"href":"https:\/\/blogdoeloiltoncajuhy.com.br\/site\/wp-json\/wp\/v2\/posts\/80911\/revisions"}],"predecessor-version":[{"id":80914,"href":"https:\/\/blogdoeloiltoncajuhy.com.br\/site\/wp-json\/wp\/v2\/posts\/80911\/revisions\/80914"}],"wp:featuredmedia":[{"embeddable":true,"href":"https:\/\/blogdoeloiltoncajuhy.com.br\/site\/wp-json\/wp\/v2\/media\/80912"}],"wp:attachment":[{"href":"https:\/\/blogdoeloiltoncajuhy.com.br\/site\/wp-json\/wp\/v2\/media?parent=80911"}],"wp:term":[{"taxonomy":"category","embeddable":true,"href":"https:\/\/blogdoeloiltoncajuhy.com.br\/site\/wp-json\/wp\/v2\/categories?post=80911"},{"taxonomy":"post_tag","embeddable":true,"href":"https:\/\/blogdoeloiltoncajuhy.com.br\/site\/wp-json\/wp\/v2\/tags?post=80911"}],"curies":[{"name":"wp","href":"https:\/\/api.w.org\/{rel}","templated":true}]}}