{"id":80902,"date":"2024-05-17T00:10:00","date_gmt":"2024-05-17T03:10:00","guid":{"rendered":"https:\/\/blogdoeloiltoncajuhy.com.br\/site\/?p=80902"},"modified":"2024-05-16T20:02:16","modified_gmt":"2024-05-16T23:02:16","slug":"um-encontro-memoravel-no-calcadao-da-juviniano-duarte-em-senhor-do-bonfim","status":"publish","type":"post","link":"https:\/\/blogdoeloiltoncajuhy.com.br\/site\/um-encontro-memoravel-no-calcadao-da-juviniano-duarte-em-senhor-do-bonfim\/","title":{"rendered":"Um encontro memor\u00e1vel no Cal\u00e7ad\u00e3o da Juviniano Duarte, em Senhor do Bonfim"},"content":{"rendered":"\n<p class=\"has-medium-font-size\"><strong>Personalidades bonfinenses se encontram para um bom bate papo.<\/strong><\/p>\n\n\n\n<p><strong>Blog do Eloilton Cajuhy<\/strong><\/p>\n\n\n\n<figure class=\"wp-block-image aligncenter size-full\"><a href=\"https:\/\/i0.wp.com\/blogdoeloiltoncajuhy.com.br\/site\/wp-content\/uploads\/2024\/05\/Bonfim_Amigos-no-Calcadao-Mauro-Coelho.jpg?ssl=1\"><img data-recalc-dims=\"1\" fetchpriority=\"high\" decoding=\"async\" width=\"800\" height=\"477\" src=\"https:\/\/i0.wp.com\/blogdoeloiltoncajuhy.com.br\/site\/wp-content\/uploads\/2024\/05\/Bonfim_Amigos-no-Calcadao-Mauro-Coelho.jpg?resize=800%2C477&#038;ssl=1\" alt=\"\" class=\"wp-image-80903\" srcset=\"https:\/\/i0.wp.com\/blogdoeloiltoncajuhy.com.br\/site\/wp-content\/uploads\/2024\/05\/Bonfim_Amigos-no-Calcadao-Mauro-Coelho.jpg?w=860&amp;ssl=1 860w, https:\/\/i0.wp.com\/blogdoeloiltoncajuhy.com.br\/site\/wp-content\/uploads\/2024\/05\/Bonfim_Amigos-no-Calcadao-Mauro-Coelho.jpg?resize=300%2C179&amp;ssl=1 300w, https:\/\/i0.wp.com\/blogdoeloiltoncajuhy.com.br\/site\/wp-content\/uploads\/2024\/05\/Bonfim_Amigos-no-Calcadao-Mauro-Coelho.jpg?resize=768%2C458&amp;ssl=1 768w\" sizes=\"(max-width: 800px) 100vw, 800px\" \/><\/a><figcaption class=\"wp-element-caption\"><sub>Um encontro memor\u00e1vel no Cal\u00e7ad\u00e3o da Juviniano Duarte, em Senhor do Bonfim &#8211; Foto: Mauro Coelho<\/sub><\/figcaption><\/figure>\n\n\n\n<p>Em um dia de outubro de 1995, o Cal\u00e7ad\u00e3o da Juviniano Duarte, cora\u00e7\u00e3o pulsante de Senhor do Bonfim, tornou-se palco de um encontro hist\u00f3rico. Diversas personalidades marcantes da cidade se reuniram, eternizando momentos que foram capturados pelo talentoso fot\u00f3grafo Mauro Coelho. Entre risos, abra\u00e7os e conversas animadas, figuras emblem\u00e1ticas como &#8220;Pav\u00e3o&#8221;, &#8220;Seu Flori&#8221; (pai do deputado Bob\u00f4), H\u00e9lio Freitas (escritor), &#8220;Pedro Bole Barriga&#8221; (engraxate e compositor) e o pr\u00f3prio Coelho celebraram suas hist\u00f3rias e contribu\u00edram para fortalecer os la\u00e7os da comunidade bonfinense.<\/p>\n\n\n\n<p>Os demais que aparecem na foto, deixamos por conta do leitor de relembra-los&#8230;<\/p>\n\n\n\n<p>Mauro Coelho, conhecido por seu olhar sens\u00edvel e pela habilidade de capturar a ess\u00eancia de Senhor do Bonfim, n\u00e3o deixou passar a oportunidade de registrar este evento \u00fanico. Suas fotografias revelam n\u00e3o apenas rostos conhecidos, mas tamb\u00e9m a alma da cidade, refletida nas express\u00f5es e intera\u00e7\u00f5es de seus moradores.<\/p>\n\n\n\n<p>Pav\u00e3o, uma figura lend\u00e1ria na cidade, trouxe sua energia contagiante, lembrando a todos a import\u00e2ncia da cultura e da tradi\u00e7\u00e3o bonfinense. Seu Flori, com sua sabedoria e hist\u00f3rias de vida, encantou os presentes com mem\u00f3rias de um tempo que moldou a identidade local. H\u00e9lio Freitas, outro \u00edcone da cidade, compartilhou suas experi\u00eancias e vis\u00f5es sobre o futuro de Senhor do Bonfim.<\/p>\n\n\n\n<p>O encontro, al\u00e9m de celebrar a conviv\u00eancia e a amizade, refor\u00e7ou o sentimento de pertencimento e identidade dos bonfinenses. Foi um momento para relembrar o passado, vivenciar o presente e sonhar com o futuro, sempre com o compromisso de manter viva a rica hist\u00f3ria de Senhor do Bonfim.<\/p>\n\n\n\n<p>As fotos de Mauro Coelho, que documentam este dia especial, s\u00e3o mais do que simples imagens; s\u00e3o um legado visual que perpetua a mem\u00f3ria de um encontro que ficar\u00e1 marcado na hist\u00f3ria da cidade. Para muitos, o Cal\u00e7ad\u00e3o da Juviniano Duarte, j\u00e1 significativo como ponto de encontro e conviv\u00eancia, ganhou um novo significado, tornando-se um s\u00edmbolo da uni\u00e3o e do esp\u00edrito comunit\u00e1rio que define Senhor do Bonfim.<\/p>\n\n\n\n<p>Esse encontro de outubro de 1995 ser\u00e1 lembrado por anos vindouros, n\u00e3o apenas pelas personalidades presentes, mas pelo que representou para a cidade: um momento de celebra\u00e7\u00e3o, mem\u00f3ria e identidade. E, gra\u00e7as a Mauro Coelho, essas mem\u00f3rias foram preservadas, permitindo que futuras gera\u00e7\u00f5es tamb\u00e9m possam se conectar com a rica hist\u00f3ria de Senhor do Bonfim.<\/p>\n","protected":false},"excerpt":{"rendered":"<p>Personalidades bonfinenses se encontram para um bom bate papo. Blog do Eloilton Cajuhy Em um dia de outubro de 1995, o Cal\u00e7ad\u00e3o da Juviniano Duarte, cora\u00e7\u00e3o pulsante de Senhor do Bonfim, tornou-se palco de um encontro hist\u00f3rico. Diversas personalidades marcantes da cidade se reuniram, eternizando momentos que foram capturados pelo talentoso fot\u00f3grafo Mauro Coelho. Entre [&hellip;]<\/p>\n","protected":false},"author":2,"featured_media":80903,"comment_status":"open","ping_status":"open","sticky":false,"template":"","format":"standard","meta":{"_acf_changed":false,"_monsterinsights_skip_tracking":false,"_monsterinsights_sitenote_active":false,"_monsterinsights_sitenote_note":"","_monsterinsights_sitenote_category":0,"_jetpack_memberships_contains_paid_content":false,"footnotes":"","jetpack_publicize_message":"","jetpack_publicize_feature_enabled":true,"jetpack_social_post_already_shared":true,"jetpack_social_options":{"image_generator_settings":{"template":"highway","default_image_id":0,"font":"","enabled":false},"version":2}},"categories":[4],"tags":[],"class_list":["post-80902","post","type-post","status-publish","format-standard","has-post-thumbnail","hentry","category-local"],"acf":[],"jetpack_publicize_connections":[],"jetpack_featured_media_url":"https:\/\/i0.wp.com\/blogdoeloiltoncajuhy.com.br\/site\/wp-content\/uploads\/2024\/05\/Bonfim_Amigos-no-Calcadao-Mauro-Coelho.jpg?fit=860%2C513&ssl=1","jetpack_sharing_enabled":true,"publishpress_future_workflow_manual_trigger":{"enabledWorkflows":[]},"_links":{"self":[{"href":"https:\/\/blogdoeloiltoncajuhy.com.br\/site\/wp-json\/wp\/v2\/posts\/80902","targetHints":{"allow":["GET"]}}],"collection":[{"href":"https:\/\/blogdoeloiltoncajuhy.com.br\/site\/wp-json\/wp\/v2\/posts"}],"about":[{"href":"https:\/\/blogdoeloiltoncajuhy.com.br\/site\/wp-json\/wp\/v2\/types\/post"}],"author":[{"embeddable":true,"href":"https:\/\/blogdoeloiltoncajuhy.com.br\/site\/wp-json\/wp\/v2\/users\/2"}],"replies":[{"embeddable":true,"href":"https:\/\/blogdoeloiltoncajuhy.com.br\/site\/wp-json\/wp\/v2\/comments?post=80902"}],"version-history":[{"count":2,"href":"https:\/\/blogdoeloiltoncajuhy.com.br\/site\/wp-json\/wp\/v2\/posts\/80902\/revisions"}],"predecessor-version":[{"id":80906,"href":"https:\/\/blogdoeloiltoncajuhy.com.br\/site\/wp-json\/wp\/v2\/posts\/80902\/revisions\/80906"}],"wp:featuredmedia":[{"embeddable":true,"href":"https:\/\/blogdoeloiltoncajuhy.com.br\/site\/wp-json\/wp\/v2\/media\/80903"}],"wp:attachment":[{"href":"https:\/\/blogdoeloiltoncajuhy.com.br\/site\/wp-json\/wp\/v2\/media?parent=80902"}],"wp:term":[{"taxonomy":"category","embeddable":true,"href":"https:\/\/blogdoeloiltoncajuhy.com.br\/site\/wp-json\/wp\/v2\/categories?post=80902"},{"taxonomy":"post_tag","embeddable":true,"href":"https:\/\/blogdoeloiltoncajuhy.com.br\/site\/wp-json\/wp\/v2\/tags?post=80902"}],"curies":[{"name":"wp","href":"https:\/\/api.w.org\/{rel}","templated":true}]}}