{"id":80891,"date":"2024-05-16T17:22:41","date_gmt":"2024-05-16T20:22:41","guid":{"rendered":"https:\/\/blogdoeloiltoncajuhy.com.br\/site\/?p=80891"},"modified":"2024-05-16T17:22:43","modified_gmt":"2024-05-16T20:22:43","slug":"torneio-homenageia-dr-joao-soares-de-araujo-na-quadra-poliesportiva-do-bonfim-iii","status":"publish","type":"post","link":"https:\/\/blogdoeloiltoncajuhy.com.br\/site\/torneio-homenageia-dr-joao-soares-de-araujo-na-quadra-poliesportiva-do-bonfim-iii\/","title":{"rendered":"Torneio homenageia Dr. Jo\u00e3o Soares de Ara\u00fajo na Quadra Poliesportiva do Bonfim III"},"content":{"rendered":"\n<p class=\"has-medium-font-size\"><strong>Evento celebra a vida e o legado de um grande profissional e amante do esporte.<\/strong><\/p>\n\n\n\n<p><strong>Blog do Eloilton Cajuhy<\/strong><\/p>\n\n\n\n<figure class=\"wp-block-image aligncenter size-full is-resized\"><a href=\"https:\/\/i0.wp.com\/blogdoeloiltoncajuhy.com.br\/site\/wp-content\/uploads\/2023\/12\/Dr.-Joao.png\"><img data-recalc-dims=\"1\" fetchpriority=\"high\" decoding=\"async\" width=\"528\" height=\"410\" src=\"https:\/\/i0.wp.com\/blogdoeloiltoncajuhy.com.br\/site\/wp-content\/uploads\/2023\/12\/Dr.-Joao.png?resize=528%2C410\" alt=\"\" class=\"wp-image-78334\" style=\"width:621px;height:auto\" srcset=\"https:\/\/i0.wp.com\/blogdoeloiltoncajuhy.com.br\/site\/wp-content\/uploads\/2023\/12\/Dr.-Joao.png?w=528&amp;ssl=1 528w, https:\/\/i0.wp.com\/blogdoeloiltoncajuhy.com.br\/site\/wp-content\/uploads\/2023\/12\/Dr.-Joao.png?resize=300%2C233&amp;ssl=1 300w\" sizes=\"(max-width: 528px) 100vw, 528px\" \/><\/a><figcaption class=\"wp-element-caption\"><sub>Torneio homenageia Dr. Jo\u00e3o Soares de Ara\u00fajo na Quadra Poliesportiva do Bonfim III<\/sub><\/figcaption><\/figure>\n\n\n\n<p>A Associa\u00e7\u00e3o Comunit\u00e1ria Beneficente dos Pais e Adolescentes do Bonfim III e Adjac\u00eancias vai realizar um evento especial que ocorrer\u00e1 no dia 26 de maio, na Quadra Poliesportiva do bairro. Esta ocasi\u00e3o marca o primeiro torneio juvenil, uma homenagem merecida ao Dr. Jo\u00e3o Soares de Ara\u00fajo.<\/p>\n\n\n\n<p>Dr. Jo\u00e3o Soares, um ser humano extraordin\u00e1rio, deixou um legado profundo de humildade, carisma, generosidade e afeto. Reconhecido por sua compet\u00eancia profissional e sua paix\u00e3o pelo esporte, era um fervoroso torcedor do Esporte Clube Bahia e do Flamengo. Seu impacto na comunidade, \u00e9 imensur\u00e1vel, tornando esta homenagem uma celebra\u00e7\u00e3o n\u00e3o apenas de sua vida, mas tamb\u00e9m de seu compromisso com o desenvolvimento dos jovens.<\/p>\n\n\n\n<p>O evento promete ser um marco para os jovens atletas, proporcionando uma oportunidade \u00fanica de competir e se inspirar no exemplo de um \u00edcone local. A presen\u00e7a e o apoio da comunidade s\u00e3o fundamentais para encorajar e motivar a juventude, reafirmando os valores que Dr. Jo\u00e3o tanto prezava.<\/p>\n\n\n\n<p>A Associa\u00e7\u00e3o Comunit\u00e1ria Beneficente dos Pais e Adolescentes do Bonfim III e Adjac\u00eancias espera contar com a presen\u00e7a de todos para prestigiar este evento significativo e honrar a mem\u00f3ria de um homem que deixou um grande legado no cora\u00e7\u00e3o de muitos. Venha celebrar a vida, o esporte e a comunidade no dia 26 de maio na Quadra Poliesportiva do Bonfim III.<\/p>\n","protected":false},"excerpt":{"rendered":"<p>Evento celebra a vida e o legado de um grande profissional e amante do esporte. Blog do Eloilton Cajuhy A Associa\u00e7\u00e3o Comunit\u00e1ria Beneficente dos Pais e Adolescentes do Bonfim III e Adjac\u00eancias vai realizar um evento especial que ocorrer\u00e1 no dia 26 de maio, na Quadra Poliesportiva do bairro. Esta ocasi\u00e3o marca o primeiro torneio [&hellip;]<\/p>\n","protected":false},"author":2,"featured_media":78334,"comment_status":"open","ping_status":"open","sticky":false,"template":"","format":"standard","meta":{"_acf_changed":false,"_monsterinsights_skip_tracking":false,"_monsterinsights_sitenote_active":false,"_monsterinsights_sitenote_note":"","_monsterinsights_sitenote_category":0,"_jetpack_memberships_contains_paid_content":false,"footnotes":"","jetpack_publicize_message":"","jetpack_publicize_feature_enabled":true,"jetpack_social_post_already_shared":true,"jetpack_social_options":{"image_generator_settings":{"template":"highway","default_image_id":0,"font":"","enabled":false},"version":2}},"categories":[4],"tags":[],"class_list":["post-80891","post","type-post","status-publish","format-standard","has-post-thumbnail","hentry","category-local"],"acf":[],"jetpack_publicize_connections":[],"jetpack_featured_media_url":"https:\/\/i0.wp.com\/blogdoeloiltoncajuhy.com.br\/site\/wp-content\/uploads\/2023\/12\/Dr.-Joao.png?fit=528%2C410&ssl=1","jetpack_sharing_enabled":true,"publishpress_future_workflow_manual_trigger":{"enabledWorkflows":[]},"_links":{"self":[{"href":"https:\/\/blogdoeloiltoncajuhy.com.br\/site\/wp-json\/wp\/v2\/posts\/80891","targetHints":{"allow":["GET"]}}],"collection":[{"href":"https:\/\/blogdoeloiltoncajuhy.com.br\/site\/wp-json\/wp\/v2\/posts"}],"about":[{"href":"https:\/\/blogdoeloiltoncajuhy.com.br\/site\/wp-json\/wp\/v2\/types\/post"}],"author":[{"embeddable":true,"href":"https:\/\/blogdoeloiltoncajuhy.com.br\/site\/wp-json\/wp\/v2\/users\/2"}],"replies":[{"embeddable":true,"href":"https:\/\/blogdoeloiltoncajuhy.com.br\/site\/wp-json\/wp\/v2\/comments?post=80891"}],"version-history":[{"count":1,"href":"https:\/\/blogdoeloiltoncajuhy.com.br\/site\/wp-json\/wp\/v2\/posts\/80891\/revisions"}],"predecessor-version":[{"id":80892,"href":"https:\/\/blogdoeloiltoncajuhy.com.br\/site\/wp-json\/wp\/v2\/posts\/80891\/revisions\/80892"}],"wp:featuredmedia":[{"embeddable":true,"href":"https:\/\/blogdoeloiltoncajuhy.com.br\/site\/wp-json\/wp\/v2\/media\/78334"}],"wp:attachment":[{"href":"https:\/\/blogdoeloiltoncajuhy.com.br\/site\/wp-json\/wp\/v2\/media?parent=80891"}],"wp:term":[{"taxonomy":"category","embeddable":true,"href":"https:\/\/blogdoeloiltoncajuhy.com.br\/site\/wp-json\/wp\/v2\/categories?post=80891"},{"taxonomy":"post_tag","embeddable":true,"href":"https:\/\/blogdoeloiltoncajuhy.com.br\/site\/wp-json\/wp\/v2\/tags?post=80891"}],"curies":[{"name":"wp","href":"https:\/\/api.w.org\/{rel}","templated":true}]}}