{"id":80881,"date":"2024-05-16T16:33:30","date_gmt":"2024-05-16T19:33:30","guid":{"rendered":"https:\/\/blogdoeloiltoncajuhy.com.br\/site\/?p=80881"},"modified":"2024-05-16T16:33:32","modified_gmt":"2024-05-16T19:33:32","slug":"axe-music-de-luto-primeiro-vocalista-do-chiclete-com-banana-missinho-morre-aos-64-anos-em-salvador","status":"publish","type":"post","link":"https:\/\/blogdoeloiltoncajuhy.com.br\/site\/axe-music-de-luto-primeiro-vocalista-do-chiclete-com-banana-missinho-morre-aos-64-anos-em-salvador\/","title":{"rendered":"Ax\u00e9 Music de luto: Primeiro vocalista do Chiclete com Banana, Missinho morre aos 64 anos em Salvador"},"content":{"rendered":"\n<p class=\"has-medium-font-size\"><strong>Cantor marcou \u00e9poca nos anos 1980 como l\u00edder do Chiclete.<\/strong><\/p>\n\n\n\n<p><strong>Blog do Eloilton Cajuhy<\/strong><\/p>\n\n\n\n<figure class=\"wp-block-image aligncenter size-full\"><a href=\"https:\/\/i0.wp.com\/blogdoeloiltoncajuhy.com.br\/site\/wp-content\/uploads\/2024\/05\/Missinho-ficou-no-Chiclete-com-Banana-entre-1980-e-1986-%E2%80%94-Foto-Divulgacao.png?ssl=1\"><img data-recalc-dims=\"1\" fetchpriority=\"high\" decoding=\"async\" width=\"800\" height=\"458\" src=\"https:\/\/i0.wp.com\/blogdoeloiltoncajuhy.com.br\/site\/wp-content\/uploads\/2024\/05\/Missinho-ficou-no-Chiclete-com-Banana-entre-1980-e-1986-%E2%80%94-Foto-Divulgacao.png?resize=800%2C458&#038;ssl=1\" alt=\"\" class=\"wp-image-80882\" srcset=\"https:\/\/i0.wp.com\/blogdoeloiltoncajuhy.com.br\/site\/wp-content\/uploads\/2024\/05\/Missinho-ficou-no-Chiclete-com-Banana-entre-1980-e-1986-%E2%80%94-Foto-Divulgacao.png?w=822&amp;ssl=1 822w, https:\/\/i0.wp.com\/blogdoeloiltoncajuhy.com.br\/site\/wp-content\/uploads\/2024\/05\/Missinho-ficou-no-Chiclete-com-Banana-entre-1980-e-1986-%E2%80%94-Foto-Divulgacao.png?resize=300%2C172&amp;ssl=1 300w, https:\/\/i0.wp.com\/blogdoeloiltoncajuhy.com.br\/site\/wp-content\/uploads\/2024\/05\/Missinho-ficou-no-Chiclete-com-Banana-entre-1980-e-1986-%E2%80%94-Foto-Divulgacao.png?resize=768%2C440&amp;ssl=1 768w\" sizes=\"(max-width: 800px) 100vw, 800px\" \/><\/a><figcaption class=\"wp-element-caption\"><sub>Missinho ficou no Chiclete com Banana entre 1980 e 1986 \u2014 Foto: Divulga\u00e7\u00e3o<\/sub><\/figcaption><\/figure>\n\n\n\n<p>Missinho, o primeiro vocalista da banda baiana Chiclete com Banana, morreu aos 64 anos nesta quinta-feira (16), em Salvador. A informa\u00e7\u00e3o \u00e9 do <strong>g1 BA<\/strong>. De acordo com a fam\u00edlia, a causa da morte foi fal\u00eancia m\u00faltipla dos \u00f3rg\u00e3os.<\/p>\n\n\n\n<p>Edmilson de Amorim Ferreira foi convidado a participar do grupo em 1980, quando o nome ainda era Scorpius. Em 1981, a banda se tornou Chiclete com Banana e estourou nos anos seguintes com sucessos como &#8220;Mist\u00e9rio das Estrelas&#8221;.<\/p>\n\n\n\n<p>De acordo com o <strong>g1 BA<\/strong>, ele ficou no grupo at\u00e9 1986, quando decidiu seguir carreira solo. A partir da\u00ed, Bell Marques assumiu o vocal, ficando no grupo at\u00e9 2014.<\/p>\n\n\n\n<p>Segundo a fam\u00edlia do ex-chicleteiro, Missinho deu entrada no hospital Roberto Santos, em Salvador, no in\u00edcio de maio com uma crise renal. Ele ficou 15 dias internado e teve o quadro agravado devido a diabetes.<\/p>\n\n\n\n<p>Antes disso, Missinho j\u00e1 tinha ficado hospitalizado tr\u00eas meses no Hospital Metropolitano de Lauro de Freitas e no Hospital Sagrada Fam\u00edlia.<\/p>\n\n\n\n<figure class=\"wp-block-image aligncenter size-full\"><a href=\"https:\/\/i0.wp.com\/blogdoeloiltoncajuhy.com.br\/site\/wp-content\/uploads\/2024\/05\/Banda-Chiclete-com-Banana-se-pronunciou-sobre-morte-de-Missinho-%E2%80%94-Foto-Redes-sociais.jpeg?ssl=1\"><img data-recalc-dims=\"1\" decoding=\"async\" width=\"780\" height=\"488\" src=\"https:\/\/i0.wp.com\/blogdoeloiltoncajuhy.com.br\/site\/wp-content\/uploads\/2024\/05\/Banda-Chiclete-com-Banana-se-pronunciou-sobre-morte-de-Missinho-%E2%80%94-Foto-Redes-sociais.jpeg?resize=780%2C488&#038;ssl=1\" alt=\"\" class=\"wp-image-80883\" srcset=\"https:\/\/i0.wp.com\/blogdoeloiltoncajuhy.com.br\/site\/wp-content\/uploads\/2024\/05\/Banda-Chiclete-com-Banana-se-pronunciou-sobre-morte-de-Missinho-%E2%80%94-Foto-Redes-sociais.jpeg?w=780&amp;ssl=1 780w, https:\/\/i0.wp.com\/blogdoeloiltoncajuhy.com.br\/site\/wp-content\/uploads\/2024\/05\/Banda-Chiclete-com-Banana-se-pronunciou-sobre-morte-de-Missinho-%E2%80%94-Foto-Redes-sociais.jpeg?resize=300%2C188&amp;ssl=1 300w, https:\/\/i0.wp.com\/blogdoeloiltoncajuhy.com.br\/site\/wp-content\/uploads\/2024\/05\/Banda-Chiclete-com-Banana-se-pronunciou-sobre-morte-de-Missinho-%E2%80%94-Foto-Redes-sociais.jpeg?resize=768%2C480&amp;ssl=1 768w\" sizes=\"(max-width: 780px) 100vw, 780px\" \/><\/a><figcaption class=\"wp-element-caption\"><sub>Banda Chiclete com Banana se pronunciou sobre morte de Missinho \u2014 Foto: Redes sociais<\/sub><\/figcaption><\/figure>\n\n\n\n<p>O <strong>g1 BA<\/strong> tamb\u00e9m informou que a banda Chiclete com Banana se pronunciou sobre a morte do ex-integrante nas redes sociais. Em uma postagem feita nesta quinta, o grupo afirmou que o m\u00fasico foi de extrema import\u00e2ncia para a banda.<\/p>\n\n\n\n<p class=\"has-black-color has-text-color has-link-color has-medium-font-size wp-elements-865390ee72c62a0038d9ee524d2879cd\"><strong>&#8220;Foi bom o tempo que ele quis ficar no Chiclete com Banana . A sua participa\u00e7\u00e3o foi de fundamental import\u00e2ncia. Teve espa\u00e7o pra mostrar o seu talento, e mostrou. Trouxe para n\u00f3s a necessidade do autoral, comp\u00f4s can\u00e7\u00f5es maravilhosas e executou seu instrumento com muita habilidade&#8221;, escreveu.<\/strong><\/p>\n\n\n\n<h2 class=\"wp-block-heading\"><mark style=\"background-color:rgba(0, 0, 0, 0)\" class=\"has-inline-color has-black-color\">Sucesso do ax\u00e9 music<\/mark><\/h2>\n\n\n\n<figure class=\"wp-block-image aligncenter size-full\"><a href=\"https:\/\/i0.wp.com\/blogdoeloiltoncajuhy.com.br\/site\/wp-content\/uploads\/2024\/05\/Missinho-%E2%80%94-Foto-Danutta-Rodrigues-G1.jpeg?ssl=1\"><img data-recalc-dims=\"1\" decoding=\"async\" width=\"585\" height=\"780\" src=\"https:\/\/i0.wp.com\/blogdoeloiltoncajuhy.com.br\/site\/wp-content\/uploads\/2024\/05\/Missinho-%E2%80%94-Foto-Danutta-Rodrigues-G1.jpeg?resize=585%2C780&#038;ssl=1\" alt=\"\" class=\"wp-image-80884\" srcset=\"https:\/\/i0.wp.com\/blogdoeloiltoncajuhy.com.br\/site\/wp-content\/uploads\/2024\/05\/Missinho-%E2%80%94-Foto-Danutta-Rodrigues-G1.jpeg?w=585&amp;ssl=1 585w, https:\/\/i0.wp.com\/blogdoeloiltoncajuhy.com.br\/site\/wp-content\/uploads\/2024\/05\/Missinho-%E2%80%94-Foto-Danutta-Rodrigues-G1.jpeg?resize=225%2C300&amp;ssl=1 225w\" sizes=\"(max-width: 585px) 100vw, 585px\" \/><\/a><figcaption class=\"wp-element-caption\"><sub>Missinho, ex-vocalista da banda Chiclete com Banana entre 1981 e 1986 \u2014 Foto: Danutta Rodrigues\/g1<\/sub><\/figcaption><\/figure>\n\n\n\n<p>Missinho \u00e9 autor de sucessos como \u201cJamaica\u201d, \u201cTiete do Chiclete\u201d, \u201cLua Menina\u201d, \u201cOlhos da Noite\u201d, \u201cNo Lume da Fogueira\u201d, \u201cSementes\u201d e \u201cMist\u00e9rio das Estrelas&#8221;, lan\u00e7ados nos anos 1980 e que fazem parte do carnaval de Salvador at\u00e9 hoje.<\/p>\n\n\n\n<p>Ele decidiu sair da banda aos 25 anos, quando o Chiclete passava por uma \u00f3tima fase de crescimento. A sa\u00edda foi motivada por &#8220;insatisfa\u00e7\u00f5es pessoais&#8221;.<\/p>\n\n\n\n<p>Em entrevista ao g1 em 2015, Missinho contou que n\u00e3o se arrependeu da decis\u00e3o, apesar de n\u00e3o ter tido mais o mesmo espa\u00e7o no meio musical.<\/p>\n\n\n\n<p>Depois da sa\u00edda da banda, ele seguiu vivendo da m\u00fasica e nunca se afastou dos palcos, carnavais e do p\u00fablico.<\/p>\n\n\n\n<h2 class=\"wp-block-heading\"><mark style=\"background-color:rgba(0, 0, 0, 0)\" class=\"has-inline-color has-black-color\">Liga\u00e7\u00f5es com Senhor do Bonfim<\/mark><\/h2>\n\n\n\n<p>De acordo com o radialista bonfinense Paulo Nogueira, Missinho era filho do saudoso radialista Elias Alves, famoso pelo programa &#8220;Vamos acordar com a sanfona e a viola&#8221;, que foi ao ar por muitos anos na R\u00e1dio Sociedade da Bahia. Elias Alves era natural de Quic\u00e9 e compadre de Ci\u00e7o Brasileiro, pai do ex-prefeito Carlos Brasileiro.<\/p>\n","protected":false},"excerpt":{"rendered":"<p>Cantor marcou \u00e9poca nos anos 1980 como l\u00edder do Chiclete. Blog do Eloilton Cajuhy Missinho, o primeiro vocalista da banda baiana Chiclete com Banana, morreu aos 64 anos nesta quinta-feira (16), em Salvador. A informa\u00e7\u00e3o \u00e9 do g1 BA. De acordo com a fam\u00edlia, a causa da morte foi fal\u00eancia m\u00faltipla dos \u00f3rg\u00e3os. Edmilson de [&hellip;]<\/p>\n","protected":false},"author":2,"featured_media":80882,"comment_status":"open","ping_status":"open","sticky":false,"template":"","format":"standard","meta":{"_acf_changed":false,"_monsterinsights_skip_tracking":false,"_monsterinsights_sitenote_active":false,"_monsterinsights_sitenote_note":"","_monsterinsights_sitenote_category":0,"_jetpack_memberships_contains_paid_content":false,"footnotes":"","jetpack_publicize_message":"","jetpack_publicize_feature_enabled":true,"jetpack_social_post_already_shared":true,"jetpack_social_options":{"image_generator_settings":{"template":"highway","default_image_id":0,"font":"","enabled":false},"version":2}},"categories":[8],"tags":[],"class_list":["post-80881","post","type-post","status-publish","format-standard","has-post-thumbnail","hentry","category-cultura"],"acf":[],"jetpack_publicize_connections":[],"jetpack_featured_media_url":"https:\/\/i0.wp.com\/blogdoeloiltoncajuhy.com.br\/site\/wp-content\/uploads\/2024\/05\/Missinho-ficou-no-Chiclete-com-Banana-entre-1980-e-1986-%E2%80%94-Foto-Divulgacao.png?fit=822%2C471&ssl=1","jetpack_sharing_enabled":true,"publishpress_future_workflow_manual_trigger":{"enabledWorkflows":[]},"_links":{"self":[{"href":"https:\/\/blogdoeloiltoncajuhy.com.br\/site\/wp-json\/wp\/v2\/posts\/80881","targetHints":{"allow":["GET"]}}],"collection":[{"href":"https:\/\/blogdoeloiltoncajuhy.com.br\/site\/wp-json\/wp\/v2\/posts"}],"about":[{"href":"https:\/\/blogdoeloiltoncajuhy.com.br\/site\/wp-json\/wp\/v2\/types\/post"}],"author":[{"embeddable":true,"href":"https:\/\/blogdoeloiltoncajuhy.com.br\/site\/wp-json\/wp\/v2\/users\/2"}],"replies":[{"embeddable":true,"href":"https:\/\/blogdoeloiltoncajuhy.com.br\/site\/wp-json\/wp\/v2\/comments?post=80881"}],"version-history":[{"count":1,"href":"https:\/\/blogdoeloiltoncajuhy.com.br\/site\/wp-json\/wp\/v2\/posts\/80881\/revisions"}],"predecessor-version":[{"id":80885,"href":"https:\/\/blogdoeloiltoncajuhy.com.br\/site\/wp-json\/wp\/v2\/posts\/80881\/revisions\/80885"}],"wp:featuredmedia":[{"embeddable":true,"href":"https:\/\/blogdoeloiltoncajuhy.com.br\/site\/wp-json\/wp\/v2\/media\/80882"}],"wp:attachment":[{"href":"https:\/\/blogdoeloiltoncajuhy.com.br\/site\/wp-json\/wp\/v2\/media?parent=80881"}],"wp:term":[{"taxonomy":"category","embeddable":true,"href":"https:\/\/blogdoeloiltoncajuhy.com.br\/site\/wp-json\/wp\/v2\/categories?post=80881"},{"taxonomy":"post_tag","embeddable":true,"href":"https:\/\/blogdoeloiltoncajuhy.com.br\/site\/wp-json\/wp\/v2\/tags?post=80881"}],"curies":[{"name":"wp","href":"https:\/\/api.w.org\/{rel}","templated":true}]}}