{"id":80871,"date":"2024-05-16T00:10:00","date_gmt":"2024-05-16T03:10:00","guid":{"rendered":"https:\/\/blogdoeloiltoncajuhy.com.br\/site\/?p=80871"},"modified":"2024-05-15T16:09:36","modified_gmt":"2024-05-15T19:09:36","slug":"caramelo-o-cavalo-que-desafiou-as-aguas-e-inspirou-esperanca","status":"publish","type":"post","link":"https:\/\/blogdoeloiltoncajuhy.com.br\/site\/caramelo-o-cavalo-que-desafiou-as-aguas-e-inspirou-esperanca\/","title":{"rendered":"Caramelo: O cavalo que desafiou as \u00e1guas e inspirou esperan\u00e7a"},"content":{"rendered":"\n<p><strong>Blog do Eloilton Cajuhy<\/strong><\/p>\n\n\n\n<figure class=\"wp-block-image aligncenter size-full\"><a href=\"https:\/\/i0.wp.com\/blogdoeloiltoncajuhy.com.br\/site\/wp-content\/uploads\/2024\/05\/Cavalo-Caramelo_reproducao-Facebook.jpeg?ssl=1\"><img data-recalc-dims=\"1\" fetchpriority=\"high\" decoding=\"async\" width=\"502\" height=\"600\" src=\"https:\/\/i0.wp.com\/blogdoeloiltoncajuhy.com.br\/site\/wp-content\/uploads\/2024\/05\/Cavalo-Caramelo_reproducao-Facebook.jpeg?resize=502%2C600&#038;ssl=1\" alt=\"\" class=\"wp-image-80872\" srcset=\"https:\/\/i0.wp.com\/blogdoeloiltoncajuhy.com.br\/site\/wp-content\/uploads\/2024\/05\/Cavalo-Caramelo_reproducao-Facebook.jpeg?w=502&amp;ssl=1 502w, https:\/\/i0.wp.com\/blogdoeloiltoncajuhy.com.br\/site\/wp-content\/uploads\/2024\/05\/Cavalo-Caramelo_reproducao-Facebook.jpeg?resize=251%2C300&amp;ssl=1 251w\" sizes=\"(max-width: 502px) 100vw, 502px\" \/><\/a><figcaption class=\"wp-element-caption\"><sub>Reprodu\u00e7\u00e3o \/ Facebook<\/sub><\/figcaption><\/figure>\n\n\n\n<p>Mas \u00e9 s\u00f3 um cavalo\u2026 N\u00e3o, senhor. \u00c9 um cavalo equilibrando-se no espa\u00e7o m\u00ednimo de uma cumeeira, para n\u00e3o morrer. \u00c9 um cavalo que lutar\u00e1 at\u00e9 o \u00faltimo f\u00f4lego antes de se curvar \u00e0s \u00e1guas. \u00c9 um cavalo que ainda espera um pouco de pasto.<\/p>\n\n\n\n<p>Veja os cascos dele, os m\u00fasculos tesos, a cauda tensa \u2013 tudo imobilizado para poder viver. Sinta a energia guardada dentro dele. Quase se v\u00ea nela sua lembran\u00e7a e esperan\u00e7a de um campo. Veja sua imagem multiplicada pela cidade, pelo pa\u00eds, pelo mundo.<\/p>\n\n\n\n<p>E veja, mas veja mesmo, que o salvaram, que o sedaram, que o protegeram no embarque, que o deitaram no bote, que o levaram dali, que o reanimaram no seco, que o afagaram e o alimentaram.<\/p>\n\n\n\n<p>Essas imagens todas pairaram acima das \u00e1guas e dos maus sentimentos, imagens de um cavalo salvo, vejam s\u00f3, pela dedica\u00e7\u00e3o humana. Nosso reino salvo, naquele instante, por um cavalo.<\/p>\n\n\n\n<p>Para ser t\u00e3o especial, ele s\u00f3 teve que ser um cavalo querendo viver, resistindo em sua pr\u00f3pria barca \u00e0s penas do dil\u00favio. E segue agora tendo o nome doce que algu\u00e9m lhe deu, um nome a que deve atender, quando o chamarem: Caramelo.<\/p>\n\n\n\n<p class=\"has-black-color has-text-color has-link-color wp-elements-ecbfca5c78cfcb862a01d17aee25e5d6\"><strong>Texto de Alcides Vila\u00e7a publicado na p\u00e1gina Eu e a Vida 2 no Facebook<\/strong><\/p>\n","protected":false},"excerpt":{"rendered":"<p>Blog do Eloilton Cajuhy Mas \u00e9 s\u00f3 um cavalo\u2026 N\u00e3o, senhor. \u00c9 um cavalo equilibrando-se no espa\u00e7o m\u00ednimo de uma cumeeira, para n\u00e3o morrer. \u00c9 um cavalo que lutar\u00e1 at\u00e9 o \u00faltimo f\u00f4lego antes de se curvar \u00e0s \u00e1guas. \u00c9 um cavalo que ainda espera um pouco de pasto. Veja os cascos dele, os m\u00fasculos [&hellip;]<\/p>\n","protected":false},"author":2,"featured_media":80872,"comment_status":"open","ping_status":"open","sticky":false,"template":"","format":"standard","meta":{"_acf_changed":false,"_monsterinsights_skip_tracking":false,"_monsterinsights_sitenote_active":false,"_monsterinsights_sitenote_note":"","_monsterinsights_sitenote_category":0,"_jetpack_memberships_contains_paid_content":false,"footnotes":"","jetpack_publicize_message":"","jetpack_publicize_feature_enabled":true,"jetpack_social_post_already_shared":true,"jetpack_social_options":{"image_generator_settings":{"template":"highway","default_image_id":0,"font":"","enabled":false},"version":2}},"categories":[2],"tags":[],"class_list":["post-80871","post","type-post","status-publish","format-standard","has-post-thumbnail","hentry","category-opiniao"],"acf":[],"jetpack_publicize_connections":[],"jetpack_featured_media_url":"https:\/\/i0.wp.com\/blogdoeloiltoncajuhy.com.br\/site\/wp-content\/uploads\/2024\/05\/Cavalo-Caramelo_reproducao-Facebook.jpeg?fit=502%2C600&ssl=1","jetpack_sharing_enabled":true,"publishpress_future_workflow_manual_trigger":{"enabledWorkflows":[]},"_links":{"self":[{"href":"https:\/\/blogdoeloiltoncajuhy.com.br\/site\/wp-json\/wp\/v2\/posts\/80871","targetHints":{"allow":["GET"]}}],"collection":[{"href":"https:\/\/blogdoeloiltoncajuhy.com.br\/site\/wp-json\/wp\/v2\/posts"}],"about":[{"href":"https:\/\/blogdoeloiltoncajuhy.com.br\/site\/wp-json\/wp\/v2\/types\/post"}],"author":[{"embeddable":true,"href":"https:\/\/blogdoeloiltoncajuhy.com.br\/site\/wp-json\/wp\/v2\/users\/2"}],"replies":[{"embeddable":true,"href":"https:\/\/blogdoeloiltoncajuhy.com.br\/site\/wp-json\/wp\/v2\/comments?post=80871"}],"version-history":[{"count":1,"href":"https:\/\/blogdoeloiltoncajuhy.com.br\/site\/wp-json\/wp\/v2\/posts\/80871\/revisions"}],"predecessor-version":[{"id":80873,"href":"https:\/\/blogdoeloiltoncajuhy.com.br\/site\/wp-json\/wp\/v2\/posts\/80871\/revisions\/80873"}],"wp:featuredmedia":[{"embeddable":true,"href":"https:\/\/blogdoeloiltoncajuhy.com.br\/site\/wp-json\/wp\/v2\/media\/80872"}],"wp:attachment":[{"href":"https:\/\/blogdoeloiltoncajuhy.com.br\/site\/wp-json\/wp\/v2\/media?parent=80871"}],"wp:term":[{"taxonomy":"category","embeddable":true,"href":"https:\/\/blogdoeloiltoncajuhy.com.br\/site\/wp-json\/wp\/v2\/categories?post=80871"},{"taxonomy":"post_tag","embeddable":true,"href":"https:\/\/blogdoeloiltoncajuhy.com.br\/site\/wp-json\/wp\/v2\/tags?post=80871"}],"curies":[{"name":"wp","href":"https:\/\/api.w.org\/{rel}","templated":true}]}}