{"id":80868,"date":"2024-05-16T00:10:00","date_gmt":"2024-05-16T03:10:00","guid":{"rendered":"https:\/\/blogdoeloiltoncajuhy.com.br\/site\/?p=80868"},"modified":"2024-05-16T08:29:48","modified_gmt":"2024-05-16T11:29:48","slug":"a-complexa-teia-entre-liberdade-de-expressao-e-fake-news","status":"publish","type":"post","link":"https:\/\/blogdoeloiltoncajuhy.com.br\/site\/a-complexa-teia-entre-liberdade-de-expressao-e-fake-news\/","title":{"rendered":"A complexa teia entre liberdade de express\u00e3o e fake news"},"content":{"rendered":"\n<p><strong>Por Dr. Jo\u00e3o Ibaixe e Professor Jonathan Hernandes Marcantonio*<\/strong><\/p>\n\n\n\n<figure class=\"wp-block-image aligncenter size-full is-resized\"><a href=\"https:\/\/i0.wp.com\/blogdoeloiltoncajuhy.com.br\/site\/wp-content\/uploads\/2024\/05\/Fake-News_150524.jpg?ssl=1\"><img data-recalc-dims=\"1\" fetchpriority=\"high\" decoding=\"async\" width=\"680\" height=\"380\" src=\"https:\/\/i0.wp.com\/blogdoeloiltoncajuhy.com.br\/site\/wp-content\/uploads\/2024\/05\/Fake-News_150524.jpg?resize=680%2C380&#038;ssl=1\" alt=\"\" class=\"wp-image-80869\" style=\"width:784px;height:auto\" srcset=\"https:\/\/i0.wp.com\/blogdoeloiltoncajuhy.com.br\/site\/wp-content\/uploads\/2024\/05\/Fake-News_150524.jpg?w=680&amp;ssl=1 680w, https:\/\/i0.wp.com\/blogdoeloiltoncajuhy.com.br\/site\/wp-content\/uploads\/2024\/05\/Fake-News_150524.jpg?resize=300%2C168&amp;ssl=1 300w\" sizes=\"(max-width: 680px) 100vw, 680px\" \/><\/a><figcaption class=\"wp-element-caption\"><sub>Reprodu\u00e7\u00e3o<\/sub><\/figcaption><\/figure>\n\n\n\n<p>Em uma era definida pela informa\u00e7\u00e3o instant\u00e2nea e pela interconectividade global, a liberdade de express\u00e3o enfrenta desafios sem precedentes com a ascens\u00e3o das fake news. Este fen\u00f4meno, caracterizado pela dissemina\u00e7\u00e3o deliberada de informa\u00e7\u00f5es falsas ou enganosas, amea\u00e7a n\u00e3o apenas a integridade do debate p\u00fablico, mas tamb\u00e9m os alicerces da democracia. A liberdade de express\u00e3o, um direito fundamental consagrado em constitui\u00e7\u00f5es e tratados internacionais, promove a diversidade de opini\u00f5es e a participa\u00e7\u00e3o cidad\u00e3. No entanto, a prolifera\u00e7\u00e3o de not\u00edcias falsas exige uma reflex\u00e3o jur\u00eddico-t\u00e9cnica sobre os limites desse direito.<\/p>\n\n\n\n<p>As fake news diferem de simples erros ou interpreta\u00e7\u00f5es divergentes por sua inten\u00e7\u00e3o de enganar, podendo minar a confian\u00e7a nas institui\u00e7\u00f5es, polarizar sociedades e incitar a viol\u00eancia. Diante desse cen\u00e1rio, emerge a quest\u00e3o: como equilibrar a prote\u00e7\u00e3o \u00e0 liberdade de express\u00e3o com a necessidade de combater a desinforma\u00e7\u00e3o?<\/p>\n\n\n\n<p>A liberdade de express\u00e3o \u00e9 amplamente reconhecida como um direito n\u00e3o absoluto, sujeito a restri\u00e7\u00f5es destinadas a proteger outros direitos e interesses p\u00fablicos. A luta contra as fake news se insere nesse contexto, justificando medidas que, embora limitem esse direito, s\u00e3o proporcionais e necess\u00e1rias para preservar a ordem democr\u00e1tica.<\/p>\n\n\n\n<p>A regula\u00e7\u00e3o das fake news representa um desafio complexo. Medidas excessivamente amplas ou imprecisas correm o risco de reprimir o debate leg\u00edtimo, enquanto a ina\u00e7\u00e3o pode deixar o campo livre para a manipula\u00e7\u00e3o da verdade. A resposta a esse dilema passa pela implementa\u00e7\u00e3o de estrat\u00e9gias jur\u00eddicas e regulat\u00f3rias equilibradas.<\/p>\n\n\n\n<p>Diversos pa\u00edses t\u00eam explorado legisla\u00e7\u00f5es espec\u00edficas para enfrentar o problema das fake news. Na Alemanha, a Lei de Execu\u00e7\u00e3o da Rede (NetzDG) exige que plataformas de m\u00eddia social removam conte\u00fado ilegal, incluindo not\u00edcias falsas, em um prazo espec\u00edfico sob pena de pesadas multas. Em Singapura, a Lei de Prote\u00e7\u00e3o contra Falsidades e Manipula\u00e7\u00e3o Online (POFMA) permite que o governo exija a corre\u00e7\u00e3o ou remo\u00e7\u00e3o de informa\u00e7\u00f5es consideradas falsas. Na Fran\u00e7a, a lei sobre a manipula\u00e7\u00e3o da informa\u00e7\u00e3o visa combater a dissemina\u00e7\u00e3o de not\u00edcias falsas durante per\u00edodos eleitorais.<\/p>\n\n\n\n<p>Al\u00e9m da legisla\u00e7\u00e3o, a verifica\u00e7\u00e3o de fatos por organiza\u00e7\u00f5es independentes e a autorregula\u00e7\u00e3o de plataformas digitais surgem como solu\u00e7\u00f5es complementares. Estas estrat\u00e9gias promovem a responsabilidade e a transpar\u00eancia, permitindo que a sociedade civil e as empresas de tecnologia desempenhem um papel ativo no combate \u00e0 desinforma\u00e7\u00e3o, sem necessidade de interven\u00e7\u00e3o estatal direta.<\/p>\n\n\n\n<p>A educa\u00e7\u00e3o midi\u00e1tica tamb\u00e9m se destaca como uma ferramenta vital, capacitando os cidad\u00e3os a discernir entre informa\u00e7\u00f5es confi\u00e1veis e falsas, fortalecendo assim a resili\u00eancia da sociedade diante da desinforma\u00e7\u00e3o.<\/p>\n\n\n\n<p>Confrontar as fake news, portanto, requer uma abordagem multifacetada que equilibre a prote\u00e7\u00e3o \u00e0 liberdade de express\u00e3o com a promo\u00e7\u00e3o de um espa\u00e7o p\u00fablico informado e confi\u00e1vel. A legisla\u00e7\u00e3o pode oferecer um caminho, mas a solu\u00e7\u00e3o definitiva reside na combina\u00e7\u00e3o de leis cuidadosamente elaboradas, pr\u00e1ticas de autorregula\u00e7\u00e3o respons\u00e1veis e um p\u00fablico bem informado e cr\u00edtico.<\/p>\n\n\n\n<ul class=\"wp-block-list\">\n<li><strong><mark style=\"background-color:rgba(0, 0, 0, 0)\" class=\"has-inline-color has-black-color\">Jo\u00e3o Ibaixe Jr.<\/mark><\/strong> <em>\u00e9 advogado criminalista, ex-delegado de pol\u00edcia, especialista em Direito Penal, p\u00f3s-graduado em Filosofia, Ci\u00eancias Sociais e Teoria Psicanal\u00edtica e mestre em Filosofia do Direito e do Estado.<\/em><\/li>\n<\/ul>\n\n\n\n<ul class=\"wp-block-list\">\n<li><strong><mark style=\"background-color:rgba(0, 0, 0, 0)\" class=\"has-inline-color has-black-color\">Jonathan Hernandes Marcantonio<\/mark><\/strong> <em>\u00e9 Doutor em Filosofia do Direito e do Estado pela PUC-SP. Professor Universit\u00e1rio. Advogado com \u00eanfase em Direito P\u00fablico. Ex-professor da USP Ribeir\u00e3o Preto-SP.<\/em><\/li>\n<\/ul>\n","protected":false},"excerpt":{"rendered":"<p>Por Dr. Jo\u00e3o Ibaixe e Professor Jonathan Hernandes Marcantonio* Em uma era definida pela informa\u00e7\u00e3o instant\u00e2nea e pela interconectividade global, a liberdade de express\u00e3o enfrenta desafios sem precedentes com a ascens\u00e3o das fake news. Este fen\u00f4meno, caracterizado pela dissemina\u00e7\u00e3o deliberada de informa\u00e7\u00f5es falsas ou enganosas, amea\u00e7a n\u00e3o apenas a integridade do debate p\u00fablico, mas tamb\u00e9m [&hellip;]<\/p>\n","protected":false},"author":2,"featured_media":80869,"comment_status":"open","ping_status":"open","sticky":false,"template":"","format":"standard","meta":{"_acf_changed":false,"_monsterinsights_skip_tracking":false,"_monsterinsights_sitenote_active":false,"_monsterinsights_sitenote_note":"","_monsterinsights_sitenote_category":0,"_jetpack_memberships_contains_paid_content":false,"footnotes":"","jetpack_publicize_message":"","jetpack_publicize_feature_enabled":true,"jetpack_social_post_already_shared":true,"jetpack_social_options":{"image_generator_settings":{"template":"highway","default_image_id":0,"font":"","enabled":false},"version":2}},"categories":[2],"tags":[],"class_list":["post-80868","post","type-post","status-publish","format-standard","has-post-thumbnail","hentry","category-opiniao"],"acf":[],"jetpack_publicize_connections":[],"jetpack_featured_media_url":"https:\/\/i0.wp.com\/blogdoeloiltoncajuhy.com.br\/site\/wp-content\/uploads\/2024\/05\/Fake-News_150524.jpg?fit=680%2C380&ssl=1","jetpack_sharing_enabled":true,"publishpress_future_workflow_manual_trigger":{"enabledWorkflows":[]},"_links":{"self":[{"href":"https:\/\/blogdoeloiltoncajuhy.com.br\/site\/wp-json\/wp\/v2\/posts\/80868","targetHints":{"allow":["GET"]}}],"collection":[{"href":"https:\/\/blogdoeloiltoncajuhy.com.br\/site\/wp-json\/wp\/v2\/posts"}],"about":[{"href":"https:\/\/blogdoeloiltoncajuhy.com.br\/site\/wp-json\/wp\/v2\/types\/post"}],"author":[{"embeddable":true,"href":"https:\/\/blogdoeloiltoncajuhy.com.br\/site\/wp-json\/wp\/v2\/users\/2"}],"replies":[{"embeddable":true,"href":"https:\/\/blogdoeloiltoncajuhy.com.br\/site\/wp-json\/wp\/v2\/comments?post=80868"}],"version-history":[{"count":1,"href":"https:\/\/blogdoeloiltoncajuhy.com.br\/site\/wp-json\/wp\/v2\/posts\/80868\/revisions"}],"predecessor-version":[{"id":80870,"href":"https:\/\/blogdoeloiltoncajuhy.com.br\/site\/wp-json\/wp\/v2\/posts\/80868\/revisions\/80870"}],"wp:featuredmedia":[{"embeddable":true,"href":"https:\/\/blogdoeloiltoncajuhy.com.br\/site\/wp-json\/wp\/v2\/media\/80869"}],"wp:attachment":[{"href":"https:\/\/blogdoeloiltoncajuhy.com.br\/site\/wp-json\/wp\/v2\/media?parent=80868"}],"wp:term":[{"taxonomy":"category","embeddable":true,"href":"https:\/\/blogdoeloiltoncajuhy.com.br\/site\/wp-json\/wp\/v2\/categories?post=80868"},{"taxonomy":"post_tag","embeddable":true,"href":"https:\/\/blogdoeloiltoncajuhy.com.br\/site\/wp-json\/wp\/v2\/tags?post=80868"}],"curies":[{"name":"wp","href":"https:\/\/api.w.org\/{rel}","templated":true}]}}