{"id":80859,"date":"2024-05-15T08:25:55","date_gmt":"2024-05-15T11:25:55","guid":{"rendered":"https:\/\/blogdoeloiltoncajuhy.com.br\/site\/?p=80859"},"modified":"2024-05-15T08:25:57","modified_gmt":"2024-05-15T11:25:57","slug":"artista-bonfinense-lanca-projeto-musical-so-com-mulheres","status":"publish","type":"post","link":"https:\/\/blogdoeloiltoncajuhy.com.br\/site\/artista-bonfinense-lanca-projeto-musical-so-com-mulheres\/","title":{"rendered":"Artista bonfinense lan\u00e7a projeto musical s\u00f3 com mulheres"},"content":{"rendered":"\n<p class=\"has-medium-font-size\"><strong>Uma celebra\u00e7\u00e3o empoderada e vibrante da cultura feminina de Senhor do Bonfim.<\/strong><\/p>\n\n\n\n<p><strong>Blog do Eloilton Cajuhy<\/strong><\/p>\n\n\n\n<figure class=\"wp-block-image aligncenter size-full is-resized\"><a href=\"https:\/\/i0.wp.com\/blogdoeloiltoncajuhy.com.br\/site\/wp-content\/uploads\/2024\/05\/FORRO-DAS-MINAS-2.png?ssl=1\"><img data-recalc-dims=\"1\" fetchpriority=\"high\" decoding=\"async\" width=\"770\" height=\"703\" src=\"https:\/\/i0.wp.com\/blogdoeloiltoncajuhy.com.br\/site\/wp-content\/uploads\/2024\/05\/FORRO-DAS-MINAS-2.png?resize=770%2C703&#038;ssl=1\" alt=\"\" class=\"wp-image-80860\" style=\"width:553px;height:auto\" srcset=\"https:\/\/i0.wp.com\/blogdoeloiltoncajuhy.com.br\/site\/wp-content\/uploads\/2024\/05\/FORRO-DAS-MINAS-2.png?w=770&amp;ssl=1 770w, https:\/\/i0.wp.com\/blogdoeloiltoncajuhy.com.br\/site\/wp-content\/uploads\/2024\/05\/FORRO-DAS-MINAS-2.png?resize=300%2C274&amp;ssl=1 300w, https:\/\/i0.wp.com\/blogdoeloiltoncajuhy.com.br\/site\/wp-content\/uploads\/2024\/05\/FORRO-DAS-MINAS-2.png?resize=768%2C701&amp;ssl=1 768w\" sizes=\"(max-width: 770px) 100vw, 770px\" \/><\/a><figcaption class=\"wp-element-caption\"><sub>Artista bonfinense lan\u00e7a projeto musical s\u00f3 com mulheres<\/sub><\/figcaption><\/figure>\n\n\n\n<p>A cantora bonfinense Renata Gata Morenna apresenta nesta quarta-feira (15), no Leste Coletivo, o primeiro <strong><mark style=\"background-color:rgba(0, 0, 0, 0)\" class=\"has-inline-color has-black-color\">Forr\u00f3 das Minas<\/mark><\/strong>, &#8220;uma apresenta\u00e7\u00e3o ressignificativa&#8221;, segundo suas palavras. S\u00e3o mulheres que possuem seus trabalhos individuais ou com outros grupos e s\u00e3o convidadas a se juntarem  numa mistura que vai garantir um encontro diferenciado, diversificado, empoderado e animado.<\/p>\n\n\n\n<p>S\u00e3o mulheres homenageando mulheres, um prest\u00edgio \u00e0s grandes refer\u00eancias femininas do nosso forr\u00f3, empoderando e fortalecendo a cena cultural feminina do forr\u00f3 das antigas, xote, xaxado, p\u00e9 de serra e da cultura nordestina.<\/p>\n\n\n\n<p>As integrantes desse momento realizam suas presen\u00e7as em alto astral e intera\u00e7\u00e3o com o p\u00fablico, despertando a dan\u00e7a, em um convite para movimentarem os corpos com leveza, muita alegria e boas mem\u00f3rias.<\/p>\n\n\n\n<p>O projeto que promete balan\u00e7ar a cultura bonfinense despertando um olhar diferente para o forr\u00f3 com vozes femininas come\u00e7a a partir das 21h desta quarta.<\/p>\n","protected":false},"excerpt":{"rendered":"<p>Uma celebra\u00e7\u00e3o empoderada e vibrante da cultura feminina de Senhor do Bonfim. Blog do Eloilton Cajuhy A cantora bonfinense Renata Gata Morenna apresenta nesta quarta-feira (15), no Leste Coletivo, o primeiro Forr\u00f3 das Minas, &#8220;uma apresenta\u00e7\u00e3o ressignificativa&#8221;, segundo suas palavras. S\u00e3o mulheres que possuem seus trabalhos individuais ou com outros grupos e s\u00e3o convidadas a [&hellip;]<\/p>\n","protected":false},"author":2,"featured_media":80860,"comment_status":"open","ping_status":"open","sticky":false,"template":"","format":"standard","meta":{"_acf_changed":false,"_monsterinsights_skip_tracking":false,"_monsterinsights_sitenote_active":false,"_monsterinsights_sitenote_note":"","_monsterinsights_sitenote_category":0,"_jetpack_memberships_contains_paid_content":false,"footnotes":"","jetpack_publicize_message":"","jetpack_publicize_feature_enabled":true,"jetpack_social_post_already_shared":true,"jetpack_social_options":{"image_generator_settings":{"template":"highway","default_image_id":0,"font":"","enabled":false},"version":2}},"categories":[4],"tags":[],"class_list":["post-80859","post","type-post","status-publish","format-standard","has-post-thumbnail","hentry","category-local"],"acf":[],"jetpack_publicize_connections":[],"jetpack_featured_media_url":"https:\/\/i0.wp.com\/blogdoeloiltoncajuhy.com.br\/site\/wp-content\/uploads\/2024\/05\/FORRO-DAS-MINAS-2.png?fit=770%2C703&ssl=1","jetpack_sharing_enabled":true,"publishpress_future_workflow_manual_trigger":{"enabledWorkflows":[]},"_links":{"self":[{"href":"https:\/\/blogdoeloiltoncajuhy.com.br\/site\/wp-json\/wp\/v2\/posts\/80859","targetHints":{"allow":["GET"]}}],"collection":[{"href":"https:\/\/blogdoeloiltoncajuhy.com.br\/site\/wp-json\/wp\/v2\/posts"}],"about":[{"href":"https:\/\/blogdoeloiltoncajuhy.com.br\/site\/wp-json\/wp\/v2\/types\/post"}],"author":[{"embeddable":true,"href":"https:\/\/blogdoeloiltoncajuhy.com.br\/site\/wp-json\/wp\/v2\/users\/2"}],"replies":[{"embeddable":true,"href":"https:\/\/blogdoeloiltoncajuhy.com.br\/site\/wp-json\/wp\/v2\/comments?post=80859"}],"version-history":[{"count":1,"href":"https:\/\/blogdoeloiltoncajuhy.com.br\/site\/wp-json\/wp\/v2\/posts\/80859\/revisions"}],"predecessor-version":[{"id":80861,"href":"https:\/\/blogdoeloiltoncajuhy.com.br\/site\/wp-json\/wp\/v2\/posts\/80859\/revisions\/80861"}],"wp:featuredmedia":[{"embeddable":true,"href":"https:\/\/blogdoeloiltoncajuhy.com.br\/site\/wp-json\/wp\/v2\/media\/80860"}],"wp:attachment":[{"href":"https:\/\/blogdoeloiltoncajuhy.com.br\/site\/wp-json\/wp\/v2\/media?parent=80859"}],"wp:term":[{"taxonomy":"category","embeddable":true,"href":"https:\/\/blogdoeloiltoncajuhy.com.br\/site\/wp-json\/wp\/v2\/categories?post=80859"},{"taxonomy":"post_tag","embeddable":true,"href":"https:\/\/blogdoeloiltoncajuhy.com.br\/site\/wp-json\/wp\/v2\/tags?post=80859"}],"curies":[{"name":"wp","href":"https:\/\/api.w.org\/{rel}","templated":true}]}}