{"id":80856,"date":"2024-05-15T00:00:00","date_gmt":"2024-05-15T03:00:00","guid":{"rendered":"https:\/\/blogdoeloiltoncajuhy.com.br\/site\/?p=80856"},"modified":"2024-05-14T19:39:36","modified_gmt":"2024-05-14T22:39:36","slug":"agora-e-lei-onibus-devem-disponibilizar-na-bahia-cadeiras-de-seguranca-para-criancas","status":"publish","type":"post","link":"https:\/\/blogdoeloiltoncajuhy.com.br\/site\/agora-e-lei-onibus-devem-disponibilizar-na-bahia-cadeiras-de-seguranca-para-criancas\/","title":{"rendered":"Agora \u00e9 lei: \u00d4nibus devem disponibilizar na Bahia cadeiras de seguran\u00e7a para crian\u00e7as"},"content":{"rendered":"\n<p><strong>Blog do Eloilton Cajuhy<\/strong><\/p>\n\n\n\n<figure class=\"wp-block-image aligncenter size-full is-resized\"><a href=\"https:\/\/i0.wp.com\/blogdoeloiltoncajuhy.com.br\/site\/wp-content\/uploads\/2024\/05\/cadeirinha-crianca.jpg?ssl=1\"><img data-recalc-dims=\"1\" fetchpriority=\"high\" decoding=\"async\" width=\"742\" height=\"639\" src=\"https:\/\/i0.wp.com\/blogdoeloiltoncajuhy.com.br\/site\/wp-content\/uploads\/2024\/05\/cadeirinha-crianca.jpg?resize=742%2C639&#038;ssl=1\" alt=\"\" class=\"wp-image-80857\" style=\"width:696px;height:auto\" srcset=\"https:\/\/i0.wp.com\/blogdoeloiltoncajuhy.com.br\/site\/wp-content\/uploads\/2024\/05\/cadeirinha-crianca.jpg?w=742&amp;ssl=1 742w, https:\/\/i0.wp.com\/blogdoeloiltoncajuhy.com.br\/site\/wp-content\/uploads\/2024\/05\/cadeirinha-crianca.jpg?resize=300%2C258&amp;ssl=1 300w\" sizes=\"(max-width: 742px) 100vw, 742px\" \/><\/a><figcaption class=\"wp-element-caption\"><sub>Imagem: Auto Escola Online<\/sub><\/figcaption><\/figure>\n\n\n\n<p>O governador Jer\u00f4nimo Rodrigues sancionou e as empresas de \u00f4nibus intermunicipais e estaduais na Bahia t\u00eam que disponibilizar assentos infantis, beb\u00eas conforto, para crian\u00e7as de at\u00e9 um ano de idade ou 13 quilos, e cadeirinhas de seguran\u00e7a para menores de 1 a 7 anos e meio. Cada \u00f4nibus deve reservar no m\u00ednimo quatro assentos para instala\u00e7\u00e3o dos equipamentos, sendo dois para o beb\u00ea conforto e dois assentos para a cadeirinha.<\/p>\n\n\n\n<p>O projeto, que agora \u00e9 lei, \u00e9 do deputado Marcinho Oliveira (UB), para quem \u201cviajar de \u00f4nibus com a crian\u00e7ada pode ser uma experi\u00eancia em fam\u00edlia muito divertida\u201d, ao frisar que \u201ca utiliza\u00e7\u00e3o do beb\u00ea conforto e cadeirinha de seguran\u00e7a nos \u00f4nibus intermunicipais e estaduais \u00e9 um direito \u00e0 vida e um dever da sociedade e dos \u00f3rg\u00e3os competentes com o prop\u00f3sito de proteger e garantir a seguran\u00e7a das crian\u00e7as\u201d.<\/p>\n\n\n\n<p>O parlamentar questiona se as empresas de transporte coletivo t\u00eam adotado medidas para proteger as crian\u00e7as no interior dos \u00f4nibus. \u201cComo \u00e9 sabido, em um acidente, o uso do cinto significa a diferen\u00e7a entre sair bem ou ferido, vivo ou n\u00e3o. Mas, e no caso de uma crian\u00e7a, o cinto n\u00e3o asseguraria a total prote\u00e7\u00e3o, pois n\u00e3o evitaria a proje\u00e7\u00e3o de seu corpo\u201d, explica, destacando que, se estiver a bordo do equipamento correto e apropriado essa mesma crian\u00e7a estar\u00e1 protegida de forma significativa.<\/p>\n\n\n\n<p>\u201cO uso do beb\u00ea conforto e da cadeirinha de seguran\u00e7a d\u00e1 uma mobilidade maior e uma seguran\u00e7a no transporte p\u00fablico como um todo\u201d, defende o parlamentar, que apresentou o projeto de lei levando em conta a Resolu\u00e7\u00e3o 277, de 28 de maio de 2008, que \u201cdisp\u00f5e sobre o transporte de menores de dez anos e a utiliza\u00e7\u00e3o do dispositivo de reten\u00e7\u00e3o para o transporte de crian\u00e7as em ve\u00edculos\u201d. Ele afirma que apresentou a proposi\u00e7\u00e3o legislativa para adaptar e garantir maior cuidado com as crian\u00e7as em transportes coletivos principalmente nos \u00f4nibus intermunicipais e estaduais.<\/p>\n\n\n\n<p>A partir de agora, o Estado, atrav\u00e9s da Ag\u00eancia Estadual de Regula\u00e7\u00e3o de Servi\u00e7os P\u00fablicos de Energia, Transportes e Comunica\u00e7\u00f5es da Bahia (Agerba) vai fiscalizar e fazer cumprir a lei e a aplica\u00e7\u00e3o das penalidades previstas. A fiscaliza\u00e7\u00e3o ser\u00e1 feita nos terminais rodovi\u00e1rios, na sa\u00edda dos ve\u00edculos, e em blitz realizadas nas estradas. As empresas de transporte que n\u00e3o cumprirem com as determina\u00e7\u00f5es ter\u00e3o de pagar multa entre dois e quatro sal\u00e1rios m\u00ednimos.<\/p>\n","protected":false},"excerpt":{"rendered":"<p>Blog do Eloilton Cajuhy O governador Jer\u00f4nimo Rodrigues sancionou e as empresas de \u00f4nibus intermunicipais e estaduais na Bahia t\u00eam que disponibilizar assentos infantis, beb\u00eas conforto, para crian\u00e7as de at\u00e9 um ano de idade ou 13 quilos, e cadeirinhas de seguran\u00e7a para menores de 1 a 7 anos e meio. Cada \u00f4nibus deve reservar no [&hellip;]<\/p>\n","protected":false},"author":2,"featured_media":80857,"comment_status":"open","ping_status":"open","sticky":false,"template":"","format":"standard","meta":{"_acf_changed":false,"_monsterinsights_skip_tracking":false,"_monsterinsights_sitenote_active":false,"_monsterinsights_sitenote_note":"","_monsterinsights_sitenote_category":0,"_jetpack_memberships_contains_paid_content":false,"footnotes":"","jetpack_publicize_message":"","jetpack_publicize_feature_enabled":true,"jetpack_social_post_already_shared":true,"jetpack_social_options":{"image_generator_settings":{"template":"highway","default_image_id":0,"font":"","enabled":false},"version":2}},"categories":[3],"tags":[],"class_list":["post-80856","post","type-post","status-publish","format-standard","has-post-thumbnail","hentry","category-politica"],"acf":[],"jetpack_publicize_connections":[],"jetpack_featured_media_url":"https:\/\/i0.wp.com\/blogdoeloiltoncajuhy.com.br\/site\/wp-content\/uploads\/2024\/05\/cadeirinha-crianca.jpg?fit=742%2C639&ssl=1","jetpack_sharing_enabled":true,"publishpress_future_workflow_manual_trigger":{"enabledWorkflows":[]},"_links":{"self":[{"href":"https:\/\/blogdoeloiltoncajuhy.com.br\/site\/wp-json\/wp\/v2\/posts\/80856","targetHints":{"allow":["GET"]}}],"collection":[{"href":"https:\/\/blogdoeloiltoncajuhy.com.br\/site\/wp-json\/wp\/v2\/posts"}],"about":[{"href":"https:\/\/blogdoeloiltoncajuhy.com.br\/site\/wp-json\/wp\/v2\/types\/post"}],"author":[{"embeddable":true,"href":"https:\/\/blogdoeloiltoncajuhy.com.br\/site\/wp-json\/wp\/v2\/users\/2"}],"replies":[{"embeddable":true,"href":"https:\/\/blogdoeloiltoncajuhy.com.br\/site\/wp-json\/wp\/v2\/comments?post=80856"}],"version-history":[{"count":1,"href":"https:\/\/blogdoeloiltoncajuhy.com.br\/site\/wp-json\/wp\/v2\/posts\/80856\/revisions"}],"predecessor-version":[{"id":80858,"href":"https:\/\/blogdoeloiltoncajuhy.com.br\/site\/wp-json\/wp\/v2\/posts\/80856\/revisions\/80858"}],"wp:featuredmedia":[{"embeddable":true,"href":"https:\/\/blogdoeloiltoncajuhy.com.br\/site\/wp-json\/wp\/v2\/media\/80857"}],"wp:attachment":[{"href":"https:\/\/blogdoeloiltoncajuhy.com.br\/site\/wp-json\/wp\/v2\/media?parent=80856"}],"wp:term":[{"taxonomy":"category","embeddable":true,"href":"https:\/\/blogdoeloiltoncajuhy.com.br\/site\/wp-json\/wp\/v2\/categories?post=80856"},{"taxonomy":"post_tag","embeddable":true,"href":"https:\/\/blogdoeloiltoncajuhy.com.br\/site\/wp-json\/wp\/v2\/tags?post=80856"}],"curies":[{"name":"wp","href":"https:\/\/api.w.org\/{rel}","templated":true}]}}