{"id":80818,"date":"2024-05-13T09:11:35","date_gmt":"2024-05-13T12:11:35","guid":{"rendered":"https:\/\/blogdoeloiltoncajuhy.com.br\/site\/?p=80818"},"modified":"2024-05-13T09:11:38","modified_gmt":"2024-05-13T12:11:38","slug":"enem-2024-sera-em-3-e-10-de-novembro-saiba-quando-se-inscrever-e-veja-todas-as-datas","status":"publish","type":"post","link":"https:\/\/blogdoeloiltoncajuhy.com.br\/site\/enem-2024-sera-em-3-e-10-de-novembro-saiba-quando-se-inscrever-e-veja-todas-as-datas\/","title":{"rendered":"Enem 2024 ser\u00e1 em 3 e 10 de novembro; saiba quando se inscrever e veja todas as datas"},"content":{"rendered":"\n<p class=\"has-medium-font-size\"><strong>Candidatos que obtiveram isen\u00e7\u00e3o da taxa de pagamento tamb\u00e9m precisam se inscrever. Quem n\u00e3o tem direito \u00e0 gratuidade precisa pagar uma taxa de R$ 85.<\/strong><\/p>\n\n\n\n<p><strong>Por g1<\/strong> \u2014 S\u00e3o Paulo<\/p>\n\n\n\n<figure class=\"wp-block-image aligncenter size-full\"><a href=\"https:\/\/i0.wp.com\/blogdoeloiltoncajuhy.com.br\/site\/wp-content\/uploads\/2024\/05\/Edital-do-Enem-2024-e-publicado-%E2%80%94-Foto-Reproducao.jpeg?ssl=1\"><img data-recalc-dims=\"1\" fetchpriority=\"high\" decoding=\"async\" width=\"780\" height=\"351\" src=\"https:\/\/i0.wp.com\/blogdoeloiltoncajuhy.com.br\/site\/wp-content\/uploads\/2024\/05\/Edital-do-Enem-2024-e-publicado-%E2%80%94-Foto-Reproducao.jpeg?resize=780%2C351&#038;ssl=1\" alt=\"\" class=\"wp-image-80819\" srcset=\"https:\/\/i0.wp.com\/blogdoeloiltoncajuhy.com.br\/site\/wp-content\/uploads\/2024\/05\/Edital-do-Enem-2024-e-publicado-%E2%80%94-Foto-Reproducao.jpeg?w=780&amp;ssl=1 780w, https:\/\/i0.wp.com\/blogdoeloiltoncajuhy.com.br\/site\/wp-content\/uploads\/2024\/05\/Edital-do-Enem-2024-e-publicado-%E2%80%94-Foto-Reproducao.jpeg?resize=300%2C135&amp;ssl=1 300w, https:\/\/i0.wp.com\/blogdoeloiltoncajuhy.com.br\/site\/wp-content\/uploads\/2024\/05\/Edital-do-Enem-2024-e-publicado-%E2%80%94-Foto-Reproducao.jpeg?resize=768%2C346&amp;ssl=1 768w\" sizes=\"(max-width: 780px) 100vw, 780px\" \/><\/a><figcaption class=\"wp-element-caption\"><sub>Edital do Enem 2024 \u00e9 publicado. Na imagem, tela da p\u00e1gina de inscri\u00e7\u00e3o do Enem 2023 \u2014 Foto: Reprodu\u00e7\u00e3o<\/sub><\/figcaption><\/figure>\n\n\n\n<p>O Exame Nacional do Ensino M\u00e9dio (Enem) 2024 ser\u00e1 aplicado em 3 e 10 de novembro. O cronograma completo foi divulgado no edital da prova, na edi\u00e7\u00e3o desta segunda-feira (13) do Di\u00e1rio Oficial da Uni\u00e3o.<\/p>\n\n\n\n<p>Os candidatos dever\u00e3o se inscrever entre 27 de maio e 7 de junho, de acordo com o Instituto Nacional de Estudos e Pesquisas Educacionais An\u00edsio Teixeira (Inep).<\/p>\n\n\n\n<p class=\"has-black-color has-text-color has-link-color wp-elements-1032a25eaa3fa09b87671ce89f7f4472\"><strong>Abaixo, confira as principais informa\u00e7\u00f5es do exame:<\/strong><\/p>\n\n\n\n<p>Em que site fazer a inscri\u00e7\u00e3o? \u00c9 s\u00f3 entrar na P\u00e1gina do Participante, em <a href=\"http:\/\/enem.inep.gov.br\/participante\" data-type=\"link\" data-id=\"enem.inep.gov.br\/participante\"><strong><mark style=\"background-color:rgba(0, 0, 0, 0)\" class=\"has-inline-color has-vivid-cyan-blue-color\">enem.inep.gov.br\/participante<\/mark><\/strong><\/a>.<\/p>\n\n\n\n<ul class=\"wp-block-list\">\n<li><strong><mark style=\"background-color:rgba(0, 0, 0, 0)\" class=\"has-inline-color has-black-color\">Qual \u00e9 o valor da taxa de inscri\u00e7\u00e3o?<\/mark><\/strong> Ela custa R$ 85 e dever\u00e1 ser quitada de 27 de maio a 12 de junho. Somente ap\u00f3s o pagamento, a inscri\u00e7\u00e3o estar\u00e1 confirmada.<\/li>\n<\/ul>\n\n\n\n<ul class=\"wp-block-list\">\n<li><strong><mark style=\"background-color:rgba(0, 0, 0, 0)\" class=\"has-inline-color has-black-color\">Quais as formas de pagamento?<\/mark><\/strong> A taxa deve ser paga por boleto, PIX ou cart\u00e3o de cr\u00e9dito.<\/li>\n<\/ul>\n\n\n\n<ul class=\"wp-block-list\">\n<li><strong><mark style=\"background-color:rgba(0, 0, 0, 0)\" class=\"has-inline-color has-black-color\">Quem est\u00e1 isento da taxa precisa se inscrever no Enem?<\/mark><\/strong> SIM! Mesmo quem conseguiu a isen\u00e7\u00e3o (como os alunos da rede p\u00fablica) precisa se inscrever. Somente quem concluir a etapa de inscri\u00e7\u00e3o poder\u00e1 fazer a prova.<\/li>\n<\/ul>\n\n\n\n<ul class=\"wp-block-list\">\n<li><strong><mark style=\"background-color:rgba(0, 0, 0, 0)\" class=\"has-inline-color has-black-color\">Para que serve o Enem?<\/mark><\/strong> Ele \u00e9 uma das principais portas de entrada para a educa\u00e7\u00e3o superior no Brasil, utilizado por institui\u00e7\u00f5es p\u00fablicas e privadas como crit\u00e9rio de sele\u00e7\u00e3o, al\u00e9m de ser um requisito para programas governamentais de aux\u00edlio estudantil. N\u00e3o h\u00e1 como se inscrever no Sisu, no Prouni e no Fies sem ter feito o Enem.<\/li>\n<\/ul>\n\n\n\n<ul class=\"wp-block-list\">\n<li><strong><mark style=\"background-color:rgba(0, 0, 0, 0)\" class=\"has-inline-color has-black-color\">Quando as provas ser\u00e3o aplicadas?<\/mark><\/strong> Em 3 e 10 de novembro.<\/li>\n<\/ul>\n\n\n\n<p><\/p>\n\n\n\n<p class=\"has-black-color has-text-color has-link-color wp-elements-0c1c9e98c7b84cbfb0a1b02d950bf16a\"><strong>Dados necess\u00e1rios e etapas da inscri\u00e7\u00e3o<\/strong><\/p>\n\n\n\n<p>Os principais passos para realizar a inscri\u00e7\u00e3o no Enem s\u00e3o:<\/p>\n\n\n\n<ul class=\"wp-block-list\">\n<li>Informe seus dados pessoais: Durante a inscri\u00e7\u00e3o, voc\u00ea dever\u00e1 informar o n\u00famero do CPF e a data de nascimento.<\/li>\n\n\n\n<li>Preencha seus dados de contato: Forne\u00e7a um endere\u00e7o de e-mail \u00fanico e v\u00e1lido, assim como um n\u00famero de telefone fixo e\/ou celular v\u00e1lido. O Inep poder\u00e1 utilizar o e-mail cadastrado para enviar informa\u00e7\u00f5es sobre o exame.<\/li>\n\n\n\n<li>Escolha onde quer fazer a prova: Indique o estado e munic\u00edpio onde deseja realizar o exame.<\/li>\n\n\n\n<li>L\u00edngua estrangeira: Selecione a l\u00edngua estrangeira (ingl\u00eas ou espanhol) na qual realizar\u00e1 a prova.<\/li>\n\n\n\n<li>Crie seu cadastro e senha: Utilize o endere\u00e7o <a href=\"https:\/\/sso.acesso.gov.br\/\"><strong><mark style=\"background-color:rgba(0, 0, 0, 0)\" class=\"has-inline-color has-vivid-cyan-blue-color\">https:\/\/sso.acesso.gov.br\/<\/mark><\/strong><\/a> para criar um cadastro e senha de acesso que ir\u00e1 utilizar na P\u00e1gina do Participante.<\/li>\n\n\n\n<li>Anote a senha em um local seguro, pois voc\u00ea precisar\u00e1 dela para: gerar o boleto com a taxa, que o Inep chama de Guia de Recolhimento da Uni\u00e3o (GRU Cobran\u00e7a); realizar altera\u00e7\u00f5es nos dados cadastrais; acompanhar a inscri\u00e7\u00e3o e obter resultados e outras funcionalidades.<\/li>\n\n\n\n<li>Verifique seus dados e anexe sua foto: Certifique-se de preencher corretamente todas as informa\u00e7\u00f5es solicitadas, incluindo o Question\u00e1rio Socioecon\u00f4mico. Voc\u00ea tamb\u00e9m ter\u00e1 a op\u00e7\u00e3o de anexar uma foto atual, n\u00edtida e individual, seguindo as orienta\u00e7\u00f5es fornecidas.<\/li>\n\n\n\n<li>Confirme os dados e acompanhe a situa\u00e7\u00e3o da inscri\u00e7\u00e3o: Ap\u00f3s concluir a inscri\u00e7\u00e3o, verifique se todos os dados est\u00e3o corretos.<\/li>\n<\/ul>\n\n\n\n<p><\/p>\n\n\n\n<p class=\"has-black-color has-text-color has-link-color has-medium-font-size wp-elements-0169ffcefc21f6f6273f515b0c1b2d2d\"><strong>Disciplinas e hor\u00e1rios<\/strong><\/p>\n\n\n\n<p>Como nos \u00faltimos anos, o Enem ser\u00e1 aplicado em dois domingos.<\/p>\n\n\n\n<p class=\"has-black-color has-text-color has-link-color wp-elements-99d81e41e457d2157e40e86becd12cc7\"><strong>1\u00ba domingo: 3 de novembro<\/strong><\/p>\n\n\n\n<p>O candidato dever\u00e1 fazer:<\/p>\n\n\n\n<ul class=\"wp-block-list\">\n<li>45 quest\u00f5es de linguagens (40 de l\u00edngua portuguesa e 5 de ingl\u00eas ou espanhol);<\/li>\n\n\n\n<li>45 quest\u00f5es de ci\u00eancias humanas;<\/li>\n\n\n\n<li>reda\u00e7\u00e3o.<\/li>\n<\/ul>\n\n\n\n<p><\/p>\n\n\n\n<p class=\"has-black-color has-text-color has-link-color wp-elements-de687813f51a5c2f640fc33852dc5c87\"><strong>2\u00ba domingo: 10 de novembro<\/strong><\/p>\n\n\n\n<p>A prova trar\u00e1:<\/p>\n\n\n\n<ul class=\"wp-block-list\">\n<li>45 quest\u00f5es de matem\u00e1tica;<\/li>\n\n\n\n<li>45 quest\u00f5es de ci\u00eancias da natureza.<\/li>\n<\/ul>\n\n\n\n<p><\/p>\n\n\n\n<p class=\"has-black-color has-text-color has-link-color wp-elements-c60a8120882b3e6511c979edb00153fd\"><strong>Veja os hor\u00e1rios de aplica\u00e7\u00e3o (no fuso de Bras\u00edlia):<\/strong><\/p>\n\n\n\n<ul class=\"wp-block-list\">\n<li>Abertura dos port\u00f5es: 12h<\/li>\n\n\n\n<li>Fechamento dos port\u00f5es: 13h<\/li>\n\n\n\n<li>In\u00edcio das provas: 13h30<\/li>\n\n\n\n<li>T\u00e9rmino das provas no 1\u00ba dia: 19h<\/li>\n\n\n\n<li>T\u00e9rmino das provas no 2\u00ba dia: 18h30<\/li>\n<\/ul>\n\n\n\n<p><\/p>\n\n\n\n<p class=\"has-black-color has-text-color has-link-color has-medium-font-size wp-elements-90d7ee492dc95c737bd27d1b8b2c7dab\"><strong>Cronograma completo<\/strong><\/p>\n\n\n\n<ul class=\"wp-block-list\">\n<li>Inscri\u00e7\u00f5es: de 27\/5 a 7\/6\/2024<\/li>\n\n\n\n<li>Pagamento da taxa de inscri\u00e7\u00e3o: de 27\/5 a 12\/6\/2024<\/li>\n\n\n\n<li>Pedido de tratamento pelo nome social: de 27\/5 a 7\/6\/2024<\/li>\n\n\n\n<li>Solicita\u00e7\u00e3o de atendimento especializado: de 27\/5 a 7\/6\/2024<\/li>\n\n\n\n<li>Resultado das solicita\u00e7\u00f5es de atendimento especializado: 17\/6\/2024<\/li>\n\n\n\n<li>Recurso para pedidos negados: de 17\/6 a 21\/6\/2024<\/li>\n\n\n\n<li>Resultado do recurso: 27\/6\/2024<\/li>\n\n\n\n<li>Divulga\u00e7\u00e3o dos locais de prova: data a ser marcada<\/li>\n\n\n\n<li>Aplica\u00e7\u00e3o do Enem: 3 e 10\/11\/2024<\/li>\n\n\n\n<li>Divulga\u00e7\u00e3o do gabarito: 20\/11\/2024<\/li>\n\n\n\n<li>Divulga\u00e7\u00e3o do resultado: 13\/1\/2025<\/li>\n<\/ul>\n","protected":false},"excerpt":{"rendered":"<p>Candidatos que obtiveram isen\u00e7\u00e3o da taxa de pagamento tamb\u00e9m precisam se inscrever. Quem n\u00e3o tem direito \u00e0 gratuidade precisa pagar uma taxa de R$ 85. Por g1 \u2014 S\u00e3o Paulo O Exame Nacional do Ensino M\u00e9dio (Enem) 2024 ser\u00e1 aplicado em 3 e 10 de novembro. O cronograma completo foi divulgado no edital da prova, [&hellip;]<\/p>\n","protected":false},"author":2,"featured_media":80819,"comment_status":"open","ping_status":"open","sticky":false,"template":"","format":"standard","meta":{"_acf_changed":false,"_monsterinsights_skip_tracking":false,"_monsterinsights_sitenote_active":false,"_monsterinsights_sitenote_note":"","_monsterinsights_sitenote_category":0,"_jetpack_memberships_contains_paid_content":false,"footnotes":"","jetpack_publicize_message":"","jetpack_publicize_feature_enabled":true,"jetpack_social_post_already_shared":true,"jetpack_social_options":{"image_generator_settings":{"template":"highway","default_image_id":0,"font":"","enabled":false},"version":2}},"categories":[14],"tags":[],"class_list":["post-80818","post","type-post","status-publish","format-standard","has-post-thumbnail","hentry","category-educacao"],"acf":[],"jetpack_publicize_connections":[],"jetpack_featured_media_url":"https:\/\/i0.wp.com\/blogdoeloiltoncajuhy.com.br\/site\/wp-content\/uploads\/2024\/05\/Edital-do-Enem-2024-e-publicado-%E2%80%94-Foto-Reproducao.jpeg?fit=780%2C351&ssl=1","jetpack_sharing_enabled":true,"publishpress_future_workflow_manual_trigger":{"enabledWorkflows":[]},"_links":{"self":[{"href":"https:\/\/blogdoeloiltoncajuhy.com.br\/site\/wp-json\/wp\/v2\/posts\/80818","targetHints":{"allow":["GET"]}}],"collection":[{"href":"https:\/\/blogdoeloiltoncajuhy.com.br\/site\/wp-json\/wp\/v2\/posts"}],"about":[{"href":"https:\/\/blogdoeloiltoncajuhy.com.br\/site\/wp-json\/wp\/v2\/types\/post"}],"author":[{"embeddable":true,"href":"https:\/\/blogdoeloiltoncajuhy.com.br\/site\/wp-json\/wp\/v2\/users\/2"}],"replies":[{"embeddable":true,"href":"https:\/\/blogdoeloiltoncajuhy.com.br\/site\/wp-json\/wp\/v2\/comments?post=80818"}],"version-history":[{"count":1,"href":"https:\/\/blogdoeloiltoncajuhy.com.br\/site\/wp-json\/wp\/v2\/posts\/80818\/revisions"}],"predecessor-version":[{"id":80820,"href":"https:\/\/blogdoeloiltoncajuhy.com.br\/site\/wp-json\/wp\/v2\/posts\/80818\/revisions\/80820"}],"wp:featuredmedia":[{"embeddable":true,"href":"https:\/\/blogdoeloiltoncajuhy.com.br\/site\/wp-json\/wp\/v2\/media\/80819"}],"wp:attachment":[{"href":"https:\/\/blogdoeloiltoncajuhy.com.br\/site\/wp-json\/wp\/v2\/media?parent=80818"}],"wp:term":[{"taxonomy":"category","embeddable":true,"href":"https:\/\/blogdoeloiltoncajuhy.com.br\/site\/wp-json\/wp\/v2\/categories?post=80818"},{"taxonomy":"post_tag","embeddable":true,"href":"https:\/\/blogdoeloiltoncajuhy.com.br\/site\/wp-json\/wp\/v2\/tags?post=80818"}],"curies":[{"name":"wp","href":"https:\/\/api.w.org\/{rel}","templated":true}]}}