{"id":80781,"date":"2024-05-10T17:40:51","date_gmt":"2024-05-10T20:40:51","guid":{"rendered":"https:\/\/blogdoeloiltoncajuhy.com.br\/site\/?p=80781"},"modified":"2024-05-10T20:36:52","modified_gmt":"2024-05-10T23:36:52","slug":"projeto-feira-saude-mais-perto-traz-para-senhor-do-bonfim-e-regiao-oferta-de-diversos-servicos-de-saude","status":"publish","type":"post","link":"https:\/\/blogdoeloiltoncajuhy.com.br\/site\/projeto-feira-saude-mais-perto-traz-para-senhor-do-bonfim-e-regiao-oferta-de-diversos-servicos-de-saude\/","title":{"rendered":"Projeto Feira Sa\u00fade Mais Perto traz para Senhor do Bonfim e regi\u00e3o oferta de diversos servi\u00e7os de sa\u00fade"},"content":{"rendered":"\n<p class=\"has-medium-font-size\"><strong>Milhares de pessoas devem ser atendidas nos dois dias do evento.<\/strong><\/p>\n\n\n\n<figure class=\"wp-block-image aligncenter size-full\"><a href=\"https:\/\/i0.wp.com\/blogdoeloiltoncajuhy.com.br\/site\/wp-content\/uploads\/2024\/05\/Feira-Saude-Mais-Perto-Reproducao.jpeg?ssl=1\"><img data-recalc-dims=\"1\" fetchpriority=\"high\" decoding=\"async\" width=\"760\" height=\"570\" src=\"https:\/\/i0.wp.com\/blogdoeloiltoncajuhy.com.br\/site\/wp-content\/uploads\/2024\/05\/Feira-Saude-Mais-Perto-Reproducao.jpeg?resize=760%2C570&#038;ssl=1\" alt=\"\" class=\"wp-image-80782\" srcset=\"https:\/\/i0.wp.com\/blogdoeloiltoncajuhy.com.br\/site\/wp-content\/uploads\/2024\/05\/Feira-Saude-Mais-Perto-Reproducao.jpeg?w=760&amp;ssl=1 760w, https:\/\/i0.wp.com\/blogdoeloiltoncajuhy.com.br\/site\/wp-content\/uploads\/2024\/05\/Feira-Saude-Mais-Perto-Reproducao.jpeg?resize=300%2C225&amp;ssl=1 300w\" sizes=\"(max-width: 760px) 100vw, 760px\" \/><\/a><figcaption class=\"wp-element-caption\"><sub>Projeto Freira Sa\u00fade Mais Perto traz para Senhor do Bonfim e regi\u00e3o oferta de diversos servi\u00e7os de sa\u00fade<\/sub><\/figcaption><\/figure>\n\n\n\n<p>Teve in\u00edcio na manh\u00e3 desta sexta-feira (10), no munic\u00edpio de Senhor do Bonfim, o Projeto Feira Sa\u00fade Mais Perto. A a\u00e7\u00e3o, realizada pelo governo do estado atrav\u00e9s da Secretaria de Sa\u00fade \u2013 SESAB, est\u00e1 trazendo para a popula\u00e7\u00e3o local e dos munic\u00edpios circunvizinhos diversos servi\u00e7os de sa\u00fade, como consultas, exames e procedimentos, al\u00e9m da emiss\u00e3o de documentos.<\/p>\n\n\n\n<p>Quem esteve visitando a abertura do evento foi o solicitante da a\u00e7\u00e3o, o deputado estadual Bob\u00f4, que esteve acompanhado do pr\u00e9-candidato a prefeito de Senhor do Bonfim Helder Amorim, do prefeito de Jaguarari Ant\u00f4nio Nascimento, da ex-prefeita de Iti\u00faba Cec\u00edlia Petrina e dos vereadores: Herm\u00f3genes Almeida, Lucia Cerqueira, R\u00ea do Sindicato e Quinho de Carrapichel.<\/p>\n\n\n\n<p>Durante os dois dias ser\u00e3o disponibilizados exames de ultrassonografia, eletrocardiograma, raio-x de t\u00f3rax, coleta de laborat\u00f3rio, consultas com nutricionista e oftalmologista, exame preventivo ginecol\u00f3gico, cirurgias e limpeza de lentes p\u00f3s-cir\u00fargicas de catarata, al\u00e9m de tratamento odontol\u00f3gico completo. Al\u00e9m disso, ser\u00e1 poss\u00edvel emitir a 1\u00aa e 2\u00aa vias do RG e obter antecedentes criminais. Ao todo, mais de 8 mil atendimentos s\u00e3o previstos, al\u00e9m de 1.500 procedimentos.<\/p>\n\n\n\n<figure class=\"wp-block-image aligncenter size-full\"><a href=\"https:\/\/i0.wp.com\/blogdoeloiltoncajuhy.com.br\/site\/wp-content\/uploads\/2024\/05\/Feira-Saude-Mais-Perto-2-Reproducao.jpeg?ssl=1\"><img data-recalc-dims=\"1\" decoding=\"async\" width=\"760\" height=\"570\" src=\"https:\/\/i0.wp.com\/blogdoeloiltoncajuhy.com.br\/site\/wp-content\/uploads\/2024\/05\/Feira-Saude-Mais-Perto-2-Reproducao.jpeg?resize=760%2C570&#038;ssl=1\" alt=\"\" class=\"wp-image-80783\" srcset=\"https:\/\/i0.wp.com\/blogdoeloiltoncajuhy.com.br\/site\/wp-content\/uploads\/2024\/05\/Feira-Saude-Mais-Perto-2-Reproducao.jpeg?w=760&amp;ssl=1 760w, https:\/\/i0.wp.com\/blogdoeloiltoncajuhy.com.br\/site\/wp-content\/uploads\/2024\/05\/Feira-Saude-Mais-Perto-2-Reproducao.jpeg?resize=300%2C225&amp;ssl=1 300w\" sizes=\"(max-width: 760px) 100vw, 760px\" \/><\/a><figcaption class=\"wp-element-caption\"><sub>Projeto Freira Sa\u00fade Mais Perto traz para Senhor do Bonfim e regi\u00e3o oferta de diversos servi\u00e7os de sa\u00fade<\/sub><\/figcaption><\/figure>\n\n\n\n<p>A Feira de Sa\u00fade acontece tamb\u00e9m neste s\u00e1bado das 8h \u00e0s 17h, no Parque da Cidade.<\/p>\n","protected":false},"excerpt":{"rendered":"<p>Milhares de pessoas devem ser atendidas nos dois dias do evento. Teve in\u00edcio na manh\u00e3 desta sexta-feira (10), no munic\u00edpio de Senhor do Bonfim, o Projeto Feira Sa\u00fade Mais Perto. A a\u00e7\u00e3o, realizada pelo governo do estado atrav\u00e9s da Secretaria de Sa\u00fade \u2013 SESAB, est\u00e1 trazendo para a popula\u00e7\u00e3o local e dos munic\u00edpios circunvizinhos diversos [&hellip;]<\/p>\n","protected":false},"author":2,"featured_media":80782,"comment_status":"open","ping_status":"open","sticky":false,"template":"","format":"standard","meta":{"_acf_changed":false,"_monsterinsights_skip_tracking":false,"_monsterinsights_sitenote_active":false,"_monsterinsights_sitenote_note":"","_monsterinsights_sitenote_category":0,"_jetpack_memberships_contains_paid_content":false,"footnotes":"","jetpack_publicize_message":"","jetpack_publicize_feature_enabled":true,"jetpack_social_post_already_shared":true,"jetpack_social_options":{"image_generator_settings":{"template":"highway","default_image_id":0,"font":"","enabled":false},"version":2}},"categories":[4],"tags":[],"class_list":["post-80781","post","type-post","status-publish","format-standard","has-post-thumbnail","hentry","category-local"],"acf":[],"jetpack_publicize_connections":[],"jetpack_featured_media_url":"https:\/\/i0.wp.com\/blogdoeloiltoncajuhy.com.br\/site\/wp-content\/uploads\/2024\/05\/Feira-Saude-Mais-Perto-Reproducao.jpeg?fit=760%2C570&ssl=1","jetpack_sharing_enabled":true,"publishpress_future_workflow_manual_trigger":{"enabledWorkflows":[]},"_links":{"self":[{"href":"https:\/\/blogdoeloiltoncajuhy.com.br\/site\/wp-json\/wp\/v2\/posts\/80781","targetHints":{"allow":["GET"]}}],"collection":[{"href":"https:\/\/blogdoeloiltoncajuhy.com.br\/site\/wp-json\/wp\/v2\/posts"}],"about":[{"href":"https:\/\/blogdoeloiltoncajuhy.com.br\/site\/wp-json\/wp\/v2\/types\/post"}],"author":[{"embeddable":true,"href":"https:\/\/blogdoeloiltoncajuhy.com.br\/site\/wp-json\/wp\/v2\/users\/2"}],"replies":[{"embeddable":true,"href":"https:\/\/blogdoeloiltoncajuhy.com.br\/site\/wp-json\/wp\/v2\/comments?post=80781"}],"version-history":[{"count":2,"href":"https:\/\/blogdoeloiltoncajuhy.com.br\/site\/wp-json\/wp\/v2\/posts\/80781\/revisions"}],"predecessor-version":[{"id":80790,"href":"https:\/\/blogdoeloiltoncajuhy.com.br\/site\/wp-json\/wp\/v2\/posts\/80781\/revisions\/80790"}],"wp:featuredmedia":[{"embeddable":true,"href":"https:\/\/blogdoeloiltoncajuhy.com.br\/site\/wp-json\/wp\/v2\/media\/80782"}],"wp:attachment":[{"href":"https:\/\/blogdoeloiltoncajuhy.com.br\/site\/wp-json\/wp\/v2\/media?parent=80781"}],"wp:term":[{"taxonomy":"category","embeddable":true,"href":"https:\/\/blogdoeloiltoncajuhy.com.br\/site\/wp-json\/wp\/v2\/categories?post=80781"},{"taxonomy":"post_tag","embeddable":true,"href":"https:\/\/blogdoeloiltoncajuhy.com.br\/site\/wp-json\/wp\/v2\/tags?post=80781"}],"curies":[{"name":"wp","href":"https:\/\/api.w.org\/{rel}","templated":true}]}}