{"id":80772,"date":"2024-05-10T16:49:31","date_gmt":"2024-05-10T19:49:31","guid":{"rendered":"https:\/\/blogdoeloiltoncajuhy.com.br\/site\/?p=80772"},"modified":"2024-05-10T16:49:32","modified_gmt":"2024-05-10T19:49:32","slug":"convocados-da-selecao-veja-lista-de-dorival-junior-para-copa-america-e-amistosos","status":"publish","type":"post","link":"https:\/\/blogdoeloiltoncajuhy.com.br\/site\/convocados-da-selecao-veja-lista-de-dorival-junior-para-copa-america-e-amistosos\/","title":{"rendered":"Convocados da Sele\u00e7\u00e3o: veja lista de Dorival J\u00fanior para Copa Am\u00e9rica e amistosos"},"content":{"rendered":"\n<p class=\"has-medium-font-size\"><strong>Treinador da Sele\u00e7\u00e3o Brasileira chama tr\u00eas jogadores de clubes do pa\u00eds para torneio e amistosos preparat\u00f3rios contra M\u00e9xico e Estados Unidos, em junho.<\/strong><\/p>\n\n\n\n<p><strong>Por Cah\u00ea Mota\/ge<\/strong> \u2014 Rio de Janeiro<\/p>\n\n\n\n<figure class=\"wp-block-image aligncenter size-full\"><a href=\"https:\/\/i0.wp.com\/blogdoeloiltoncajuhy.com.br\/site\/wp-content\/uploads\/2024\/05\/Dorival-Junior-convocou-23-jogadores-para-a-Copa-America-24-%E2%80%94-Foto-Rafael-Ribeiro-CBF.jpeg?ssl=1\"><img data-recalc-dims=\"1\" fetchpriority=\"high\" decoding=\"async\" width=\"800\" height=\"533\" src=\"https:\/\/i0.wp.com\/blogdoeloiltoncajuhy.com.br\/site\/wp-content\/uploads\/2024\/05\/Dorival-Junior-convocou-23-jogadores-para-a-Copa-America-24-%E2%80%94-Foto-Rafael-Ribeiro-CBF.jpeg?resize=800%2C533&#038;ssl=1\" alt=\"\" class=\"wp-image-80773\" srcset=\"https:\/\/i0.wp.com\/blogdoeloiltoncajuhy.com.br\/site\/wp-content\/uploads\/2024\/05\/Dorival-Junior-convocou-23-jogadores-para-a-Copa-America-24-%E2%80%94-Foto-Rafael-Ribeiro-CBF.jpeg?w=984&amp;ssl=1 984w, https:\/\/i0.wp.com\/blogdoeloiltoncajuhy.com.br\/site\/wp-content\/uploads\/2024\/05\/Dorival-Junior-convocou-23-jogadores-para-a-Copa-America-24-%E2%80%94-Foto-Rafael-Ribeiro-CBF.jpeg?resize=300%2C200&amp;ssl=1 300w, https:\/\/i0.wp.com\/blogdoeloiltoncajuhy.com.br\/site\/wp-content\/uploads\/2024\/05\/Dorival-Junior-convocou-23-jogadores-para-a-Copa-America-24-%E2%80%94-Foto-Rafael-Ribeiro-CBF.jpeg?resize=768%2C512&amp;ssl=1 768w\" sizes=\"(max-width: 800px) 100vw, 800px\" \/><\/a><figcaption class=\"wp-element-caption\"><sub>Dorival J\u00fanior convocou 23 jogadores para a Copa Am\u00e9rica \u2014 Foto: Rafael Ribeiro\/CBF<\/sub><\/figcaption><\/figure>\n\n\n\n<p>O t\u00e9cnico Dorival J\u00fanior anunciou nesta sexta-feira a lista de convocados para representar a Sele\u00e7\u00e3o Brasileira na Copa Am\u00e9rica e nos amistosos antes da competi\u00e7\u00e3o, contra M\u00e9xico e Estados Unidos, em junho. O atacante Evanilson, do Porto, \u00e9 o \u00fanico estreante.<\/p>\n\n\n\n<p>Tr\u00eas jogadores que atuam no futebol brasileiro foram convocados: o goleiro Bento, do Athletico-PR; o lateral Guilherme Arana, do Atl\u00e9tico-MG; e o atacante Endrick, do Palmeiras.<\/p>\n\n\n\n<p class=\"has-black-color has-text-color has-link-color has-medium-font-size wp-elements-823fdd3604a9917c0f5f3bb2f5672e6c\"><strong>Veja a lista de convocados:<\/strong><\/p>\n\n\n\n<ul class=\"wp-block-list\">\n<li><strong>Goleiros:<\/strong> Alisson (Liverpool), Bento (Athletico-PR) e Ederson (Manchester City);<\/li>\n<\/ul>\n\n\n\n<ul class=\"wp-block-list\">\n<li><strong>Laterais:<\/strong> Danilo (Juventus), Yan Couto (Girona), Guilherme Arana (Atl\u00e9tico-MG) e Wendell (Porto);<\/li>\n<\/ul>\n\n\n\n<ul class=\"wp-block-list\">\n<li><strong>Zagueiros:<\/strong> Beraldo (PSG), \u00c9der Milit\u00e3o (Real Madrid), Gabriel Magalh\u00e3es (Arsenal) e Marquinhos (PSG);<\/li>\n<\/ul>\n\n\n\n<ul class=\"wp-block-list\">\n<li><strong>Meio-campistas:<\/strong> Andreas Pereira (Fulham), Bruno Guimar\u00e3es (Newcastle), Douglas Luiz (Aston Villa), Jo\u00e3o Gomes (Wolverhampton) e Lucas Paquet\u00e1 (West Ham);<\/li>\n<\/ul>\n\n\n\n<ul class=\"wp-block-list\">\n<li><strong>Atacantes:<\/strong> Endrick (Palmeiras), Evanilson (Porto), Gabriel Martinelli (Arsenal), Raphinha (Barcelona), Rodrygo (Real Madrid), Savinho (Girona) e Vini Jr (Real Madrid).<\/li>\n<\/ul>\n\n\n\n<p><\/p>\n\n\n\n<p>Dorival J\u00fanior optou por chamar 23 atletas, embora ainda esteja em aberto a possibilidade de a Conmebol permitir que cada sele\u00e7\u00e3o leve 26 jogadores para a disputa da Copa Am\u00e9rica &#8211; assim como a Uefa fez na Eurocopa.<\/p>\n\n\n\n<ul class=\"wp-block-list\"><\/ul>\n\n\n\n<p>De acordo com Rodrigo Caetano, a CBF tem at\u00e9 o dia 12 para enviar a lista final para a Copa Am\u00e9rica, havendo a possibilidade de altera\u00e7\u00f5es por quest\u00f5es t\u00e9cnica at\u00e9 tal data. O chefe de delega\u00e7\u00e3o durante o torneio no Estados Unidos ser\u00e1 o presidente do S\u00e3o Paulo, Julio Casares.<\/p>\n","protected":false},"excerpt":{"rendered":"<p>Treinador da Sele\u00e7\u00e3o Brasileira chama tr\u00eas jogadores de clubes do pa\u00eds para torneio e amistosos preparat\u00f3rios contra M\u00e9xico e Estados Unidos, em junho. Por Cah\u00ea Mota\/ge \u2014 Rio de Janeiro O t\u00e9cnico Dorival J\u00fanior anunciou nesta sexta-feira a lista de convocados para representar a Sele\u00e7\u00e3o Brasileira na Copa Am\u00e9rica e nos amistosos antes da competi\u00e7\u00e3o, [&hellip;]<\/p>\n","protected":false},"author":2,"featured_media":80773,"comment_status":"open","ping_status":"open","sticky":false,"template":"","format":"standard","meta":{"_acf_changed":false,"_monsterinsights_skip_tracking":false,"_monsterinsights_sitenote_active":false,"_monsterinsights_sitenote_note":"","_monsterinsights_sitenote_category":0,"_jetpack_memberships_contains_paid_content":false,"footnotes":"","jetpack_publicize_message":"","jetpack_publicize_feature_enabled":true,"jetpack_social_post_already_shared":true,"jetpack_social_options":{"image_generator_settings":{"template":"highway","default_image_id":0,"font":"","enabled":false},"version":2}},"categories":[6],"tags":[],"class_list":["post-80772","post","type-post","status-publish","format-standard","has-post-thumbnail","hentry","category-esportes"],"acf":[],"jetpack_publicize_connections":[],"jetpack_featured_media_url":"https:\/\/i0.wp.com\/blogdoeloiltoncajuhy.com.br\/site\/wp-content\/uploads\/2024\/05\/Dorival-Junior-convocou-23-jogadores-para-a-Copa-America-24-%E2%80%94-Foto-Rafael-Ribeiro-CBF.jpeg?fit=984%2C656&ssl=1","jetpack_sharing_enabled":true,"publishpress_future_workflow_manual_trigger":{"enabledWorkflows":[]},"_links":{"self":[{"href":"https:\/\/blogdoeloiltoncajuhy.com.br\/site\/wp-json\/wp\/v2\/posts\/80772","targetHints":{"allow":["GET"]}}],"collection":[{"href":"https:\/\/blogdoeloiltoncajuhy.com.br\/site\/wp-json\/wp\/v2\/posts"}],"about":[{"href":"https:\/\/blogdoeloiltoncajuhy.com.br\/site\/wp-json\/wp\/v2\/types\/post"}],"author":[{"embeddable":true,"href":"https:\/\/blogdoeloiltoncajuhy.com.br\/site\/wp-json\/wp\/v2\/users\/2"}],"replies":[{"embeddable":true,"href":"https:\/\/blogdoeloiltoncajuhy.com.br\/site\/wp-json\/wp\/v2\/comments?post=80772"}],"version-history":[{"count":1,"href":"https:\/\/blogdoeloiltoncajuhy.com.br\/site\/wp-json\/wp\/v2\/posts\/80772\/revisions"}],"predecessor-version":[{"id":80774,"href":"https:\/\/blogdoeloiltoncajuhy.com.br\/site\/wp-json\/wp\/v2\/posts\/80772\/revisions\/80774"}],"wp:featuredmedia":[{"embeddable":true,"href":"https:\/\/blogdoeloiltoncajuhy.com.br\/site\/wp-json\/wp\/v2\/media\/80773"}],"wp:attachment":[{"href":"https:\/\/blogdoeloiltoncajuhy.com.br\/site\/wp-json\/wp\/v2\/media?parent=80772"}],"wp:term":[{"taxonomy":"category","embeddable":true,"href":"https:\/\/blogdoeloiltoncajuhy.com.br\/site\/wp-json\/wp\/v2\/categories?post=80772"},{"taxonomy":"post_tag","embeddable":true,"href":"https:\/\/blogdoeloiltoncajuhy.com.br\/site\/wp-json\/wp\/v2\/tags?post=80772"}],"curies":[{"name":"wp","href":"https:\/\/api.w.org\/{rel}","templated":true}]}}