{"id":80761,"date":"2024-05-10T00:10:00","date_gmt":"2024-05-10T03:10:00","guid":{"rendered":"https:\/\/blogdoeloiltoncajuhy.com.br\/site\/?p=80761"},"modified":"2024-05-09T19:13:00","modified_gmt":"2024-05-09T22:13:00","slug":"tse-marca-julgamento-de-sergio-moro","status":"publish","type":"post","link":"https:\/\/blogdoeloiltoncajuhy.com.br\/site\/tse-marca-julgamento-de-sergio-moro\/","title":{"rendered":"TSE marca julgamento de Sergio Moro"},"content":{"rendered":"\n<p class=\"has-medium-font-size\"><strong>PL e PT entraram com recurso contra a decis\u00e3o do Tribunal Regional Eleitoral do Paran\u00e1 (TRE-PR) que absolveu Moro da acusa\u00e7\u00e3o de abuso do poder econ\u00f4mico durante a pr\u00e9-campanha eleitoral de 2022.<\/strong><\/p>\n\n\n\n<p><strong>Por Julia Duailibi\/g1<\/strong><\/p>\n\n\n\n<figure class=\"wp-block-image aligncenter size-full\"><a href=\"https:\/\/i0.wp.com\/blogdoeloiltoncajuhy.com.br\/site\/wp-content\/uploads\/2022\/05\/sergio-moro-vira-reu-24052022.jpeg\"><img data-recalc-dims=\"1\" fetchpriority=\"high\" decoding=\"async\" width=\"771\" height=\"420\" src=\"https:\/\/i0.wp.com\/blogdoeloiltoncajuhy.com.br\/site\/wp-content\/uploads\/2022\/05\/sergio-moro-vira-reu-24052022.jpeg?resize=771%2C420\" alt=\"\" class=\"wp-image-65270\" srcset=\"https:\/\/i0.wp.com\/blogdoeloiltoncajuhy.com.br\/site\/wp-content\/uploads\/2022\/05\/sergio-moro-vira-reu-24052022.jpeg?w=771&amp;ssl=1 771w, https:\/\/i0.wp.com\/blogdoeloiltoncajuhy.com.br\/site\/wp-content\/uploads\/2022\/05\/sergio-moro-vira-reu-24052022.jpeg?resize=300%2C163&amp;ssl=1 300w, https:\/\/i0.wp.com\/blogdoeloiltoncajuhy.com.br\/site\/wp-content\/uploads\/2022\/05\/sergio-moro-vira-reu-24052022.jpeg?resize=768%2C418&amp;ssl=1 768w\" sizes=\"(max-width: 771px) 100vw, 771px\" \/><\/a><figcaption class=\"wp-element-caption\"><sub>Reprodu\u00e7\u00e3o<\/sub><\/figcaption><\/figure>\n\n\n\n<p>O Tribunal Superior Eleitoral (TSE) marcou o julgamento do senador Sergio Moro (Uni\u00e3o Brasil) para as sess\u00f5es dos dias 16 e 21 de maio.<\/p>\n\n\n\n<p>O Minist\u00e9rio P\u00fablico Eleitoral apresentou parecer ao TSE na ter\u00e7a-feira (7) defendendo rejei\u00e7\u00e3o dos recursos contra a absolvi\u00e7\u00e3o de Moro da acusa\u00e7\u00e3o de abuso do poder econ\u00f4mico durante a pr\u00e9-campanha eleitoral de 2022.<\/p>\n\n\n\n<p>Os recursos \u00e0 decis\u00e3o do Tribunal Regional Eleitoral do Paran\u00e1 (TRE-PR), que absolveu Moro, foram apresentados no m\u00eas passado pelo PL e pelo PT.<\/p>\n\n\n\n<p class=\"has-black-color has-text-color has-link-color has-medium-font-size wp-elements-893e81c4c3fce0caf2749cd7b89f085c\"><strong>Acusa\u00e7\u00e3o<\/strong><\/p>\n\n\n\n<p>A chapa de Moro foi acusada de caixa dois, utiliza\u00e7\u00e3o indevida de meios de comunica\u00e7\u00e3o social, al\u00e9m de abuso de poder econ\u00f4mico. As a\u00e7\u00f5es foram protocoladas pelo PL e pela Federa\u00e7\u00e3o Brasil da Esperan\u00e7a em novembro e dezembro de 2022.<\/p>\n\n\n\n<p>Em parecer emitido pela Procuradoria Regional Eleitoral do Paran\u00e1 em dezembro de 2023, os procuradores Marcelo Godoy e Eloisa Helena Machado descartaram as acusa\u00e7\u00f5es de uso indevido de comunica\u00e7\u00e3o social e de caixa dois.<\/p>\n\n\n\n<p>No entanto, os procuradores entenderam que houve abuso de poder econ\u00f4mico devido ao gasto de pelo menos R$ 2 milh\u00f5es durante a pr\u00e9-campanha, feito com investimentos conjuntos do Podemos e do Uni\u00e3o Brasil.<\/p>\n\n\n\n<p>Os procuradores tamb\u00e9m analisaram o fato de que a pr\u00e9-campanha de Moro, em um primeiro momento, estava voltada para a corrida presidencial. Por fim, o parecer recomendou a cassa\u00e7\u00e3o da chapa e a inegibilidade de Sergio Moro.<\/p>\n\n\n\n<p class=\"has-black-color has-text-color has-link-color has-medium-font-size wp-elements-266ed074971bf45ee8c40903109a4240\"><strong>Decis\u00e3o do TRE-PR<\/strong><\/p>\n\n\n\n<p>Por maioria dos votos, o TRE-PR decidiu contra a cassa\u00e7\u00e3o de Moro. Quatro desembargadores seguiram o voto do relator Luciano Carrasco Falavinha Souza e entenderam que as acusa\u00e7\u00f5es n\u00e3o procedem. O julgamento foi finalizado no dia 9 de abril, em Curitiba.<\/p>\n\n\n\n<p>Ao longo do julgamento, os desembargadores apresentaram diferentes interpreta\u00e7\u00f5es de quais gastos informados nos processos deveriam ser considerados gastos de campanha e de pr\u00e9-campanha.<\/p>\n\n\n\n<p>Entre os valores est\u00e3o, por exemplo, gastos com alimenta\u00e7\u00e3o, contrata\u00e7\u00e3o de escrit\u00f3rios de advocacia, empresas de comunica\u00e7\u00e3o, loca\u00e7\u00e3o e aluguel de carros.<\/p>\n\n\n\n<p>Dessa forma, houve diverg\u00eancia entre os membros da Corte quanto \u00e0 soma a ser considerada dos valores gastos no per\u00edodo por Moro e, por consequ\u00eancia, se houve abuso de poder econ\u00f4mico.<\/p>\n\n\n\n<p>Falavinha, relator do caso, entendeu que as acusa\u00e7\u00f5es contra o senador por abuso de poder econ\u00f4mico na elei\u00e7\u00e3o de 2022 n\u00e3o procedem.<\/p>\n\n\n\n<p>Ele destacou que despesas de eventos realizados por Moro em outros estados na pr\u00e9-campanha \u00e0 presid\u00eancia foram consideradas como pr\u00e9-campanha ao Senado pelos partidos autores das a\u00e7\u00f5es.<\/p>\n\n\n\n<p>Ainda votaram contra a cass\u00e7\u00e3o os desembargadores Anderson Ricardo Foga\u00e7a, Sigurd Roberto Bengtsson, Guilherme Frederico Hernandes Denz e Claudia Cristina Cristofani.<\/p>\n\n\n\n<p>J\u00e1 os desembargadores Jos\u00e9 Rodrigo Sade e Julio Jacob Junior votaram a favor da cassa\u00e7\u00e3o e pela inelegibilidade de Moro.<\/p>\n\n\n\n<p>Ap\u00f3s a decis\u00e3o, Moro disse que a Corte preservou a &#8220;soberania popular&#8221; e &#8220;honrou os votos de quase 2 milh\u00f5es de paranaenses&#8221;.<\/p>\n","protected":false},"excerpt":{"rendered":"<p>PL e PT entraram com recurso contra a decis\u00e3o do Tribunal Regional Eleitoral do Paran\u00e1 (TRE-PR) que absolveu Moro da acusa\u00e7\u00e3o de abuso do poder econ\u00f4mico durante a pr\u00e9-campanha eleitoral de 2022. Por Julia Duailibi\/g1 O Tribunal Superior Eleitoral (TSE) marcou o julgamento do senador Sergio Moro (Uni\u00e3o Brasil) para as sess\u00f5es dos dias 16 [&hellip;]<\/p>\n","protected":false},"author":2,"featured_media":65270,"comment_status":"open","ping_status":"open","sticky":false,"template":"","format":"standard","meta":{"_acf_changed":false,"_monsterinsights_skip_tracking":false,"_monsterinsights_sitenote_active":false,"_monsterinsights_sitenote_note":"","_monsterinsights_sitenote_category":0,"_jetpack_memberships_contains_paid_content":false,"footnotes":"","jetpack_publicize_message":"","jetpack_publicize_feature_enabled":true,"jetpack_social_post_already_shared":true,"jetpack_social_options":{"image_generator_settings":{"template":"highway","default_image_id":0,"font":"","enabled":false},"version":2}},"categories":[3],"tags":[],"class_list":["post-80761","post","type-post","status-publish","format-standard","has-post-thumbnail","hentry","category-politica"],"acf":[],"jetpack_publicize_connections":[],"jetpack_featured_media_url":"https:\/\/i0.wp.com\/blogdoeloiltoncajuhy.com.br\/site\/wp-content\/uploads\/2022\/05\/sergio-moro-vira-reu-24052022.jpeg?fit=771%2C420&ssl=1","jetpack_sharing_enabled":true,"publishpress_future_workflow_manual_trigger":{"enabledWorkflows":[]},"_links":{"self":[{"href":"https:\/\/blogdoeloiltoncajuhy.com.br\/site\/wp-json\/wp\/v2\/posts\/80761","targetHints":{"allow":["GET"]}}],"collection":[{"href":"https:\/\/blogdoeloiltoncajuhy.com.br\/site\/wp-json\/wp\/v2\/posts"}],"about":[{"href":"https:\/\/blogdoeloiltoncajuhy.com.br\/site\/wp-json\/wp\/v2\/types\/post"}],"author":[{"embeddable":true,"href":"https:\/\/blogdoeloiltoncajuhy.com.br\/site\/wp-json\/wp\/v2\/users\/2"}],"replies":[{"embeddable":true,"href":"https:\/\/blogdoeloiltoncajuhy.com.br\/site\/wp-json\/wp\/v2\/comments?post=80761"}],"version-history":[{"count":1,"href":"https:\/\/blogdoeloiltoncajuhy.com.br\/site\/wp-json\/wp\/v2\/posts\/80761\/revisions"}],"predecessor-version":[{"id":80762,"href":"https:\/\/blogdoeloiltoncajuhy.com.br\/site\/wp-json\/wp\/v2\/posts\/80761\/revisions\/80762"}],"wp:featuredmedia":[{"embeddable":true,"href":"https:\/\/blogdoeloiltoncajuhy.com.br\/site\/wp-json\/wp\/v2\/media\/65270"}],"wp:attachment":[{"href":"https:\/\/blogdoeloiltoncajuhy.com.br\/site\/wp-json\/wp\/v2\/media?parent=80761"}],"wp:term":[{"taxonomy":"category","embeddable":true,"href":"https:\/\/blogdoeloiltoncajuhy.com.br\/site\/wp-json\/wp\/v2\/categories?post=80761"},{"taxonomy":"post_tag","embeddable":true,"href":"https:\/\/blogdoeloiltoncajuhy.com.br\/site\/wp-json\/wp\/v2\/tags?post=80761"}],"curies":[{"name":"wp","href":"https:\/\/api.w.org\/{rel}","templated":true}]}}