{"id":80674,"date":"2024-05-04T18:53:23","date_gmt":"2024-05-04T21:53:23","guid":{"rendered":"https:\/\/blogdoeloiltoncajuhy.com.br\/site\/?p=80674"},"modified":"2024-05-04T18:53:26","modified_gmt":"2024-05-04T21:53:26","slug":"encontro-de-hip-hop-em-senhor-do-bonfim-esta-com-inscricoes-abertas-para-mostra-de-danca-e-musica-ate-17-de-maio","status":"publish","type":"post","link":"https:\/\/blogdoeloiltoncajuhy.com.br\/site\/encontro-de-hip-hop-em-senhor-do-bonfim-esta-com-inscricoes-abertas-para-mostra-de-danca-e-musica-ate-17-de-maio\/","title":{"rendered":"Encontro de Hip Hop em Senhor do Bonfim est\u00e1 com inscri\u00e7\u00f5es abertas para Mostra de Dan\u00e7a e M\u00fasica at\u00e9 17 de maio"},"content":{"rendered":"\n<p><strong>Por Lorena Simas\/Assessora de Imprensa do EH2B<\/strong><\/p>\n\n\n\n<figure class=\"wp-block-image aligncenter size-full is-resized\"><a href=\"https:\/\/i0.wp.com\/blogdoeloiltoncajuhy.com.br\/site\/wp-content\/uploads\/2024\/05\/Hip-Hop_040524.jpeg?ssl=1\"><img data-recalc-dims=\"1\" fetchpriority=\"high\" decoding=\"async\" width=\"760\" height=\"760\" src=\"https:\/\/i0.wp.com\/blogdoeloiltoncajuhy.com.br\/site\/wp-content\/uploads\/2024\/05\/Hip-Hop_040524.jpeg?resize=760%2C760&#038;ssl=1\" alt=\"\" class=\"wp-image-80675\" style=\"width:558px;height:auto\" srcset=\"https:\/\/i0.wp.com\/blogdoeloiltoncajuhy.com.br\/site\/wp-content\/uploads\/2024\/05\/Hip-Hop_040524.jpeg?w=760&amp;ssl=1 760w, https:\/\/i0.wp.com\/blogdoeloiltoncajuhy.com.br\/site\/wp-content\/uploads\/2024\/05\/Hip-Hop_040524.jpeg?resize=300%2C300&amp;ssl=1 300w, https:\/\/i0.wp.com\/blogdoeloiltoncajuhy.com.br\/site\/wp-content\/uploads\/2024\/05\/Hip-Hop_040524.jpeg?resize=150%2C150&amp;ssl=1 150w\" sizes=\"(max-width: 760px) 100vw, 760px\" \/><\/a><\/figure>\n\n\n\n<p>A Mostra de Dan\u00e7a e M\u00fasica do IV Encontro da Cultura Hip Hop de Senhor do Bonfim (EH2B), est\u00e1 com inscri\u00e7\u00f5es abertas at\u00e9 o dia 17 de maio. O evento ser\u00e1 realizado no dia 8 de junho, na Pra\u00e7a Nova do Congresso.<\/p>\n\n\n\n<p>Com o tema &#8220;Hist\u00f3rias e Identidades\u201d, o encontro visa movimentar a cena cultural da regi\u00e3o com muita m\u00fasica, dan\u00e7a e anima\u00e7\u00e3o, al\u00e9m de evidenciar o di\u00e1logo entre a cultura Hip Hop e as manifesta\u00e7\u00f5es populares locais. Assim, visando fortalecer o movimento, a Mostra de Dan\u00e7a e Musica conta com premia\u00e7\u00f5es para as categorias Solo (R$ 350,00), Duo (R$ 600,00) e Grupo (R$ 1.000,00).<\/p>\n\n\n\n<p>Os interessados podem fazer a inscri\u00e7\u00e3o, preenchendo o formul\u00e1rio dispon\u00edvel atrav\u00e9s do link: <a href=\"https:\/\/docs.google.com\/forms\/d\/e\/1FAIpQLSdQECb6P4GI_nFVmDIMvPFS0MjW0sf8hLmxfBbwxjIbtWU1jA\/viewform\"><mark style=\"background-color:rgba(0, 0, 0, 0)\" class=\"has-inline-color has-vivid-cyan-blue-color\"><strong>https:\/\/docs.google.com\/forms\/d\/e\/1FAIpQLSdQECb6P4GI_nFVmDIMvPFS0MjW0sf8hLmxfBbwxjIbtWU1jA\/viewform<\/strong><\/mark><\/a><\/p>\n\n\n\n<p>Esse que promete ser o maior evento de Hip Hop da Bahia vai reunir grupos de diferentes territ\u00f3rios, na busca pela valoriza\u00e7\u00e3o da cultura Hip Hop, destacando o car\u00e1ter pol\u00edtico e cultural e evidenciando os aspectos que unem essa manifesta\u00e7\u00e3o \u00e0 rica heran\u00e7a da cultura popular do interior da Bahia.<\/p>\n\n\n\n<p>\u00c9 importante frisar que a organiza\u00e7\u00e3o do EH2B reconhece a necessidade da inclus\u00e3o e da acessibilidade das pessoas surdas ou que possuam neurodiverg\u00eancia, por isso, esses participantes ter\u00e3o, respectivamente, acompanhamento de um tradutor int\u00e9rprete de Libras e acompanhante cuidador. Al\u00e9m disso, os materiais de divulga\u00e7\u00e3o do EH2B contam com audiodescri\u00e7\u00e3o e L\u00edngua Brasileira de Sinais (Libras).<\/p>\n\n\n\n<p>O EH2B \u00e9 realizado pela Produtora de Artes Integradas do N\u00facleo de Estudos em Dan\u00e7as Urbanas do Norte da Bahia (NEDU), com apoio financeiro do Governo do Estado da Bahia atrav\u00e9s da Secretaria de Cultura via Lei Paulo Gustavo, direcionada pelo Minist\u00e9rio da Cultura do Governo Federal.<\/p>\n","protected":false},"excerpt":{"rendered":"<p>Por Lorena Simas\/Assessora de Imprensa do EH2B A Mostra de Dan\u00e7a e M\u00fasica do IV Encontro da Cultura Hip Hop de Senhor do Bonfim (EH2B), est\u00e1 com inscri\u00e7\u00f5es abertas at\u00e9 o dia 17 de maio. O evento ser\u00e1 realizado no dia 8 de junho, na Pra\u00e7a Nova do Congresso. Com o tema &#8220;Hist\u00f3rias e Identidades\u201d, [&hellip;]<\/p>\n","protected":false},"author":2,"featured_media":80675,"comment_status":"open","ping_status":"open","sticky":false,"template":"","format":"standard","meta":{"_acf_changed":false,"_monsterinsights_skip_tracking":false,"_monsterinsights_sitenote_active":false,"_monsterinsights_sitenote_note":"","_monsterinsights_sitenote_category":0,"_jetpack_memberships_contains_paid_content":false,"footnotes":"","jetpack_publicize_message":"","jetpack_publicize_feature_enabled":true,"jetpack_social_post_already_shared":true,"jetpack_social_options":{"image_generator_settings":{"template":"highway","default_image_id":0,"font":"","enabled":false},"version":2}},"categories":[8],"tags":[],"class_list":["post-80674","post","type-post","status-publish","format-standard","has-post-thumbnail","hentry","category-cultura"],"acf":[],"jetpack_publicize_connections":[],"jetpack_featured_media_url":"https:\/\/i0.wp.com\/blogdoeloiltoncajuhy.com.br\/site\/wp-content\/uploads\/2024\/05\/Hip-Hop_040524.jpeg?fit=760%2C760&ssl=1","jetpack_sharing_enabled":true,"publishpress_future_workflow_manual_trigger":{"enabledWorkflows":[]},"_links":{"self":[{"href":"https:\/\/blogdoeloiltoncajuhy.com.br\/site\/wp-json\/wp\/v2\/posts\/80674","targetHints":{"allow":["GET"]}}],"collection":[{"href":"https:\/\/blogdoeloiltoncajuhy.com.br\/site\/wp-json\/wp\/v2\/posts"}],"about":[{"href":"https:\/\/blogdoeloiltoncajuhy.com.br\/site\/wp-json\/wp\/v2\/types\/post"}],"author":[{"embeddable":true,"href":"https:\/\/blogdoeloiltoncajuhy.com.br\/site\/wp-json\/wp\/v2\/users\/2"}],"replies":[{"embeddable":true,"href":"https:\/\/blogdoeloiltoncajuhy.com.br\/site\/wp-json\/wp\/v2\/comments?post=80674"}],"version-history":[{"count":1,"href":"https:\/\/blogdoeloiltoncajuhy.com.br\/site\/wp-json\/wp\/v2\/posts\/80674\/revisions"}],"predecessor-version":[{"id":80676,"href":"https:\/\/blogdoeloiltoncajuhy.com.br\/site\/wp-json\/wp\/v2\/posts\/80674\/revisions\/80676"}],"wp:featuredmedia":[{"embeddable":true,"href":"https:\/\/blogdoeloiltoncajuhy.com.br\/site\/wp-json\/wp\/v2\/media\/80675"}],"wp:attachment":[{"href":"https:\/\/blogdoeloiltoncajuhy.com.br\/site\/wp-json\/wp\/v2\/media?parent=80674"}],"wp:term":[{"taxonomy":"category","embeddable":true,"href":"https:\/\/blogdoeloiltoncajuhy.com.br\/site\/wp-json\/wp\/v2\/categories?post=80674"},{"taxonomy":"post_tag","embeddable":true,"href":"https:\/\/blogdoeloiltoncajuhy.com.br\/site\/wp-json\/wp\/v2\/tags?post=80674"}],"curies":[{"name":"wp","href":"https:\/\/api.w.org\/{rel}","templated":true}]}}