{"id":80659,"date":"2024-05-04T16:06:53","date_gmt":"2024-05-04T19:06:53","guid":{"rendered":"https:\/\/blogdoeloiltoncajuhy.com.br\/site\/?p=80659"},"modified":"2024-05-04T16:06:56","modified_gmt":"2024-05-04T19:06:56","slug":"diretor-de-curso-preparatorio-avalia-que-candidatos-serao-beneficiados-por-adiamento-do-enem-dos-concursos","status":"publish","type":"post","link":"https:\/\/blogdoeloiltoncajuhy.com.br\/site\/diretor-de-curso-preparatorio-avalia-que-candidatos-serao-beneficiados-por-adiamento-do-enem-dos-concursos\/","title":{"rendered":"Diretor de curso preparat\u00f3rio avalia que candidatos ser\u00e3o beneficiados por adiamento do &#8216;Enem dos Concursos&#8217;"},"content":{"rendered":"\n<p class=\"has-medium-font-size\"><strong>Para o s\u00f3cio-fundador da Acerte Concursos, o impacto negativo provocado pelo adiamento do certame \u00e9 &#8216;mais psicol\u00f3gico&#8217;. Na pr\u00e1tica, candidatos poder\u00e3o se preparar melhor.<\/strong><\/p>\n\n\n\n<p><strong>Por g1 BA<\/strong><\/p>\n\n\n\n<figure class=\"wp-block-image aligncenter size-full\"><a href=\"https:\/\/i0.wp.com\/blogdoeloiltoncajuhy.com.br\/site\/wp-content\/uploads\/2024\/05\/Cursos_concursos_-Foto-Reproducao-Bom-Dia-Brasil-Globo.png?ssl=1\"><img data-recalc-dims=\"1\" fetchpriority=\"high\" decoding=\"async\" width=\"800\" height=\"455\" src=\"https:\/\/i0.wp.com\/blogdoeloiltoncajuhy.com.br\/site\/wp-content\/uploads\/2024\/05\/Cursos_concursos_-Foto-Reproducao-Bom-Dia-Brasil-Globo.png?resize=800%2C455&#038;ssl=1\" alt=\"\" class=\"wp-image-80660\" srcset=\"https:\/\/i0.wp.com\/blogdoeloiltoncajuhy.com.br\/site\/wp-content\/uploads\/2024\/05\/Cursos_concursos_-Foto-Reproducao-Bom-Dia-Brasil-Globo.png?w=824&amp;ssl=1 824w, https:\/\/i0.wp.com\/blogdoeloiltoncajuhy.com.br\/site\/wp-content\/uploads\/2024\/05\/Cursos_concursos_-Foto-Reproducao-Bom-Dia-Brasil-Globo.png?resize=300%2C171&amp;ssl=1 300w, https:\/\/i0.wp.com\/blogdoeloiltoncajuhy.com.br\/site\/wp-content\/uploads\/2024\/05\/Cursos_concursos_-Foto-Reproducao-Bom-Dia-Brasil-Globo.png?resize=768%2C437&amp;ssl=1 768w\" sizes=\"(max-width: 800px) 100vw, 800px\" \/><\/a><figcaption class=\"wp-element-caption\"><sub>Imagem meramente ilustrativa de uma mulher realizando provas \u2014 Foto: Reprodu\u00e7\u00e3o\/Bom Dia Brasil<\/sub><\/figcaption><\/figure>\n\n\n\n<p>O adiamento do Concurso Nacional Unificado (CNU) n\u00e3o gera apenas transtornos para os candidatos inscritos no certame. Al\u00e9m de atender a necessidade da popula\u00e7\u00e3o do Rio Grande do Sul, afetada pelas fortes chuvas que atingem o estado, a extens\u00e3o do prazo para realiza\u00e7\u00e3o das provas pode ser vista como uma oportunidade para estudar.<\/p>\n\n\n\n<p>Ao menos, essa \u00e9 a avalia\u00e7\u00e3o de Alan Vinicius, diretor pedag\u00f3gico e s\u00f3cio-fundador da Acerte Concursos, empresa que atua no ramo h\u00e1 cerca de 15 anos em Salvador.<\/p>\n\n\n\n<p>&#8220;Os alunos sentem-se de certa forma um pouco frustrados porque um processo de prepara\u00e7\u00e3o tem as fases inicial, intermedi\u00e1ria e final. Mas \u00e9 uma raz\u00e3o de for\u00e7a maior, que acaba sobrepondo toda essa linha relacionada a uma frustra\u00e7\u00e3o&#8221;, reconhece o diretor, antes de acrescentar que o ideal \u00e9 aproveitar a extens\u00e3o do prazo e se preparar melhor para o concurso.<\/p>\n\n\n\n<p>&#8220;O fator negativo \u00e9 muito mais psicol\u00f3gico. Mas, em termos pedag\u00f3gicos, existe, claro, um benef\u00edcio. (\u2026) Outro fator positivo \u00e9 justamente o tempo maior para aprofundamento nos conte\u00fados&#8221;.<\/p>\n\n\n\n<p>A sugest\u00e3o dele \u00e9 usar o per\u00edodo para focar em revis\u00f5es e resolu\u00e7\u00e3o de quest\u00f5es, a fim de fixar cada vez mais o conte\u00fado program\u00e1tico.<\/p>\n\n\n\n<p class=\"has-black-color has-text-color has-link-color has-medium-font-size wp-elements-a2a13316d1624bf0eef0dcbc3080b3e5\"><strong>Posi\u00e7\u00e3o do governo federal<\/strong><\/p>\n\n\n\n<p>O adiamento do Concurso Nacional Unificado foi anunciado na tarde desta sexta-feira (3), dois dias antes da realiza\u00e7\u00e3o do certame. At\u00e9 ent\u00e3o, o governo federal n\u00e3o informou a nova data.<\/p>\n\n\n\n<p>Apelidada de &#8220;Enem dos Concursos&#8221;, a prova in\u00e9dita centraliza a sele\u00e7\u00e3o de servidores p\u00fablicos para diferentes \u00f3rg\u00e3os do governo federal. No total, s\u00e3o 6.640 vagas dispon\u00edveis, em 21 \u00f3rg\u00e3os da administra\u00e7\u00e3o federal.<\/p>\n\n\n\n<p>Em todo o pa\u00eds, cerca de 2,5 milh\u00f5es de pessoas se inscreveram \u2014 86 mil delas para realizar o concurso em 10 cidades do Rio Grande do Sul.<\/p>\n\n\n\n<p>A Bahia \u00e9 o estado do Nordeste com o maior n\u00famero de candidatos. Foram exatas 200.782 mil inscri\u00e7\u00f5es para realiza\u00e7\u00e3o da prova em 18 cidades do territ\u00f3rio baiano.<\/p>\n","protected":false},"excerpt":{"rendered":"<p>Para o s\u00f3cio-fundador da Acerte Concursos, o impacto negativo provocado pelo adiamento do certame \u00e9 &#8216;mais psicol\u00f3gico&#8217;. Na pr\u00e1tica, candidatos poder\u00e3o se preparar melhor. Por g1 BA O adiamento do Concurso Nacional Unificado (CNU) n\u00e3o gera apenas transtornos para os candidatos inscritos no certame. Al\u00e9m de atender a necessidade da popula\u00e7\u00e3o do Rio Grande do [&hellip;]<\/p>\n","protected":false},"author":2,"featured_media":80660,"comment_status":"open","ping_status":"open","sticky":false,"template":"","format":"standard","meta":{"_acf_changed":false,"_monsterinsights_skip_tracking":false,"_monsterinsights_sitenote_active":false,"_monsterinsights_sitenote_note":"","_monsterinsights_sitenote_category":0,"_jetpack_memberships_contains_paid_content":false,"footnotes":"","jetpack_publicize_message":"","jetpack_publicize_feature_enabled":true,"jetpack_social_post_already_shared":true,"jetpack_social_options":{"image_generator_settings":{"template":"highway","default_image_id":0,"font":"","enabled":false},"version":2}},"categories":[32],"tags":[],"class_list":["post-80659","post","type-post","status-publish","format-standard","has-post-thumbnail","hentry","category-emprego"],"acf":[],"jetpack_publicize_connections":[],"jetpack_featured_media_url":"https:\/\/i0.wp.com\/blogdoeloiltoncajuhy.com.br\/site\/wp-content\/uploads\/2024\/05\/Cursos_concursos_-Foto-Reproducao-Bom-Dia-Brasil-Globo.png?fit=824%2C469&ssl=1","jetpack_sharing_enabled":true,"publishpress_future_workflow_manual_trigger":{"enabledWorkflows":[]},"_links":{"self":[{"href":"https:\/\/blogdoeloiltoncajuhy.com.br\/site\/wp-json\/wp\/v2\/posts\/80659","targetHints":{"allow":["GET"]}}],"collection":[{"href":"https:\/\/blogdoeloiltoncajuhy.com.br\/site\/wp-json\/wp\/v2\/posts"}],"about":[{"href":"https:\/\/blogdoeloiltoncajuhy.com.br\/site\/wp-json\/wp\/v2\/types\/post"}],"author":[{"embeddable":true,"href":"https:\/\/blogdoeloiltoncajuhy.com.br\/site\/wp-json\/wp\/v2\/users\/2"}],"replies":[{"embeddable":true,"href":"https:\/\/blogdoeloiltoncajuhy.com.br\/site\/wp-json\/wp\/v2\/comments?post=80659"}],"version-history":[{"count":1,"href":"https:\/\/blogdoeloiltoncajuhy.com.br\/site\/wp-json\/wp\/v2\/posts\/80659\/revisions"}],"predecessor-version":[{"id":80661,"href":"https:\/\/blogdoeloiltoncajuhy.com.br\/site\/wp-json\/wp\/v2\/posts\/80659\/revisions\/80661"}],"wp:featuredmedia":[{"embeddable":true,"href":"https:\/\/blogdoeloiltoncajuhy.com.br\/site\/wp-json\/wp\/v2\/media\/80660"}],"wp:attachment":[{"href":"https:\/\/blogdoeloiltoncajuhy.com.br\/site\/wp-json\/wp\/v2\/media?parent=80659"}],"wp:term":[{"taxonomy":"category","embeddable":true,"href":"https:\/\/blogdoeloiltoncajuhy.com.br\/site\/wp-json\/wp\/v2\/categories?post=80659"},{"taxonomy":"post_tag","embeddable":true,"href":"https:\/\/blogdoeloiltoncajuhy.com.br\/site\/wp-json\/wp\/v2\/tags?post=80659"}],"curies":[{"name":"wp","href":"https:\/\/api.w.org\/{rel}","templated":true}]}}