{"id":80428,"date":"2024-04-21T08:53:55","date_gmt":"2024-04-21T11:53:55","guid":{"rendered":"https:\/\/blogdoeloiltoncajuhy.com.br\/site\/?p=80428"},"modified":"2024-04-21T08:54:48","modified_gmt":"2024-04-21T11:54:48","slug":"lancada-a-programacao-oficial-do-sao-joao-2024-de-senhor-do-bonfim","status":"publish","type":"post","link":"https:\/\/blogdoeloiltoncajuhy.com.br\/site\/lancada-a-programacao-oficial-do-sao-joao-2024-de-senhor-do-bonfim\/","title":{"rendered":"Lan\u00e7ada a programa\u00e7\u00e3o oficial do S\u00e3o Jo\u00e3o 2024 de Senhor do Bonfim"},"content":{"rendered":"\n<p class=\"has-medium-font-size\"><strong>Lan\u00e7amento ocorreu em noite festiva na Pra\u00e7a Nova do Congresso, Centro da cidade.<\/strong><\/p>\n\n\n\n<p><strong>Blog do Eloilton Cajuhy<\/strong><\/p>\n\n\n\n<figure class=\"wp-block-image aligncenter size-full\"><a href=\"https:\/\/i0.wp.com\/blogdoeloiltoncajuhy.com.br\/site\/wp-content\/uploads\/2023\/06\/Bonfim_Sao-Joao-2023-E_FotoPMSB.jpg\"><img data-recalc-dims=\"1\" fetchpriority=\"high\" decoding=\"async\" width=\"800\" height=\"441\" src=\"https:\/\/i0.wp.com\/blogdoeloiltoncajuhy.com.br\/site\/wp-content\/uploads\/2023\/06\/Bonfim_Sao-Joao-2023-E_FotoPMSB.jpg?resize=800%2C441\" alt=\"\" class=\"wp-image-74987\" srcset=\"https:\/\/i0.wp.com\/blogdoeloiltoncajuhy.com.br\/site\/wp-content\/uploads\/2023\/06\/Bonfim_Sao-Joao-2023-E_FotoPMSB.jpg?w=845&amp;ssl=1 845w, https:\/\/i0.wp.com\/blogdoeloiltoncajuhy.com.br\/site\/wp-content\/uploads\/2023\/06\/Bonfim_Sao-Joao-2023-E_FotoPMSB.jpg?resize=300%2C165&amp;ssl=1 300w, https:\/\/i0.wp.com\/blogdoeloiltoncajuhy.com.br\/site\/wp-content\/uploads\/2023\/06\/Bonfim_Sao-Joao-2023-E_FotoPMSB.jpg?resize=768%2C424&amp;ssl=1 768w\" sizes=\"(max-width: 800px) 100vw, 800px\" \/><\/a><figcaption class=\"wp-element-caption\"><sub>S\u00e3o-Jo\u00e3o de Senhor do Bonfim em 2023 &#8211; Foto: PMSB<\/sub><\/figcaption><\/figure>\n\n\n\n<p>A Prefeitura de Senhor do Bonfim promoveu na noite deste s\u00e1bado (20) o lan\u00e7amento da programa\u00e7\u00e3o oficial do S\u00e3o Jo\u00e3o 2024. A festa vai acontecer durante cinco dias no Espa\u00e7o Gonzag\u00e3o, no Parque da Cidade, no per\u00edodo de 19 a 23 de junho. J\u00e1 na Pra\u00e7a Nova do Congresso, Circuito Assis do Acordeon, ser\u00e3o tr\u00eas dias: 22, 23 e 24 de junho.<\/p>\n\n\n\n<p>O evento de lan\u00e7amento foi realizado na Pra\u00e7a Nova, com atra\u00e7\u00f5es culturais e show da banda Malla 100 Al\u00e7a.<\/p>\n\n\n\n<p class=\"has-black-color has-text-color has-link-color wp-elements-cc44c6a28db48392a01c932ae91b3206\"><strong>Veja a programa\u00e7\u00e3o do Espa\u00e7o Gonzag\u00e3o &#8211; de 19 a 23 de junho:<\/strong><\/p>\n\n\n\n<ul class=\"wp-block-list\">\n<li><strong><mark style=\"background-color:rgba(0, 0, 0, 0)\" class=\"has-inline-color has-black-color\">Dia 19\/06 &#8211; Quarta-feira<\/mark><\/strong><\/li>\n<\/ul>\n\n\n\n<p>Atra\u00e7\u00e3o bonfinense<\/p>\n\n\n\n<p>Cicinho de Assis<\/p>\n\n\n\n<p>Kevi Jonny<\/p>\n\n\n\n<p>Wesley Safad\u00e3o<\/p>\n\n\n\n<ul class=\"wp-block-list\">\n<li><strong><mark style=\"background-color:rgba(0, 0, 0, 0)\" class=\"has-inline-color has-black-color\">Dia 20\/06 &#8211; Quinta-feira<\/mark><\/strong><\/li>\n<\/ul>\n\n\n\n<p>Atra\u00e7\u00e3o bonfinense<\/p>\n\n\n\n<p>Z\u00e9 Vaqueiro<\/p>\n\n\n\n<p>Fl\u00e1vio Jos\u00e9<\/p>\n\n\n\n<p>Nattan<\/p>\n\n\n\n<p class=\"has-black-color has-text-color has-link-color wp-elements-0cb28d8b2be6ff676577be189eee106d\"><strong>Dia 21\/06 &#8211; Sexta-feira<\/strong><\/p>\n\n\n\n<p>Atra\u00e7\u00e3o bonfinense<\/p>\n\n\n\n<p>Del Feliz<\/p>\n\n\n\n<p>Xand Avi\u00e3o<\/p>\n\n\n\n<p>Tayrone<\/p>\n\n\n\n<ul class=\"wp-block-list\">\n<li><strong><mark style=\"background-color:rgba(0, 0, 0, 0)\" class=\"has-inline-color has-black-color\">Dia 22\/06 &#8211; S\u00e1bado<\/mark><\/strong><\/li>\n<\/ul>\n\n\n\n<p>Atra\u00e7\u00e3o bonfinense<\/p>\n\n\n\n<p>Mala 100 Al\u00e7a<\/p>\n\n\n\n<p>Adelm\u00e1rio Coelho<\/p>\n\n\n\n<p>Pablo<\/p>\n\n\n\n<ul class=\"wp-block-list\">\n<li><strong><mark style=\"background-color:rgba(0, 0, 0, 0)\" class=\"has-inline-color has-black-color\">Dia 23\/06 &#8211; Domingo<\/mark><\/strong><\/li>\n<\/ul>\n\n\n\n<p>Atra\u00e7\u00e3o bonfinense<\/p>\n\n\n\n<p>Henrique Lima<\/p>\n\n\n\n<p>Henry Freitas<\/p>\n\n\n\n<p>Mari Fernandez<\/p>\n\n\n\n<p class=\"has-black-color has-text-color has-link-color wp-elements-21d595f7a5931cb5517fd13652fbce4b\"><strong>Circuito Assis do Acordeon &#8211; Pra\u00e7a Nova do Congresso:<\/strong><\/p>\n\n\n\n<ul class=\"wp-block-list\">\n<li><strong><mark style=\"background-color:rgba(0, 0, 0, 0)\" class=\"has-inline-color has-black-color\">Dia 22\/06<\/mark><\/strong><\/li>\n<\/ul>\n\n\n\n<p>Atra\u00e7\u00f5es bonfinenses<\/p>\n\n\n\n<p>Trio Granah<\/p>\n\n\n\n<ul class=\"wp-block-list\">\n<li><strong>Dia 23\/06<\/strong><\/li>\n<\/ul>\n\n\n\n<p>Atra\u00e7\u00f5es bonfinenses<\/p>\n\n\n\n<p>Sandrinho do Acordeon<\/p>\n\n\n\n<p>Paloma Nunes<\/p>\n\n\n\n<p>Dorgival Dantas<\/p>\n\n\n\n<ul class=\"wp-block-list\">\n<li><strong><mark style=\"background-color:rgba(0, 0, 0, 0)\" class=\"has-inline-color has-black-color\">Dia 24\/06<\/mark><\/strong><\/li>\n<\/ul>\n\n\n\n<p>Atra\u00e7\u00f5es bonfinenses<\/p>\n\n\n\n<p>Assis\u00e3o<\/p>\n\n\n\n<p>Lim\u00e3o com Mel<\/p>\n","protected":false},"excerpt":{"rendered":"<p>Lan\u00e7amento ocorreu em noite festiva na Pra\u00e7a Nova do Congresso, Centro da cidade. Blog do Eloilton Cajuhy A Prefeitura de Senhor do Bonfim promoveu na noite deste s\u00e1bado (20) o lan\u00e7amento da programa\u00e7\u00e3o oficial do S\u00e3o Jo\u00e3o 2024. A festa vai acontecer durante cinco dias no Espa\u00e7o Gonzag\u00e3o, no Parque da Cidade, no per\u00edodo de [&hellip;]<\/p>\n","protected":false},"author":2,"featured_media":35184,"comment_status":"open","ping_status":"open","sticky":false,"template":"","format":"standard","meta":{"_acf_changed":false,"_monsterinsights_skip_tracking":false,"_monsterinsights_sitenote_active":false,"_monsterinsights_sitenote_note":"","_monsterinsights_sitenote_category":0,"_jetpack_memberships_contains_paid_content":false,"footnotes":"","jetpack_publicize_message":"","jetpack_publicize_feature_enabled":true,"jetpack_social_post_already_shared":true,"jetpack_social_options":{"image_generator_settings":{"template":"highway","default_image_id":0,"font":"","enabled":false},"version":2}},"categories":[4],"tags":[],"class_list":["post-80428","post","type-post","status-publish","format-standard","has-post-thumbnail","hentry","category-local"],"acf":[],"jetpack_publicize_connections":[],"jetpack_featured_media_url":"https:\/\/i0.wp.com\/blogdoeloiltoncajuhy.com.br\/site\/wp-content\/uploads\/2019\/06\/PMSB_S%C3%A3oJo%C3%A3o_2019Fim_4.jpg?fit=960%2C640&ssl=1","jetpack_sharing_enabled":true,"publishpress_future_workflow_manual_trigger":{"enabledWorkflows":[]},"_links":{"self":[{"href":"https:\/\/blogdoeloiltoncajuhy.com.br\/site\/wp-json\/wp\/v2\/posts\/80428","targetHints":{"allow":["GET"]}}],"collection":[{"href":"https:\/\/blogdoeloiltoncajuhy.com.br\/site\/wp-json\/wp\/v2\/posts"}],"about":[{"href":"https:\/\/blogdoeloiltoncajuhy.com.br\/site\/wp-json\/wp\/v2\/types\/post"}],"author":[{"embeddable":true,"href":"https:\/\/blogdoeloiltoncajuhy.com.br\/site\/wp-json\/wp\/v2\/users\/2"}],"replies":[{"embeddable":true,"href":"https:\/\/blogdoeloiltoncajuhy.com.br\/site\/wp-json\/wp\/v2\/comments?post=80428"}],"version-history":[{"count":2,"href":"https:\/\/blogdoeloiltoncajuhy.com.br\/site\/wp-json\/wp\/v2\/posts\/80428\/revisions"}],"predecessor-version":[{"id":80430,"href":"https:\/\/blogdoeloiltoncajuhy.com.br\/site\/wp-json\/wp\/v2\/posts\/80428\/revisions\/80430"}],"wp:featuredmedia":[{"embeddable":true,"href":"https:\/\/blogdoeloiltoncajuhy.com.br\/site\/wp-json\/wp\/v2\/media\/35184"}],"wp:attachment":[{"href":"https:\/\/blogdoeloiltoncajuhy.com.br\/site\/wp-json\/wp\/v2\/media?parent=80428"}],"wp:term":[{"taxonomy":"category","embeddable":true,"href":"https:\/\/blogdoeloiltoncajuhy.com.br\/site\/wp-json\/wp\/v2\/categories?post=80428"},{"taxonomy":"post_tag","embeddable":true,"href":"https:\/\/blogdoeloiltoncajuhy.com.br\/site\/wp-json\/wp\/v2\/tags?post=80428"}],"curies":[{"name":"wp","href":"https:\/\/api.w.org\/{rel}","templated":true}]}}