{"id":80366,"date":"2024-04-18T15:59:30","date_gmt":"2024-04-18T18:59:30","guid":{"rendered":"https:\/\/blogdoeloiltoncajuhy.com.br\/site\/?p=80366"},"modified":"2024-04-18T15:59:32","modified_gmt":"2024-04-18T18:59:32","slug":"univasf-realiza-concurso-publico-para-cargo-de-professor-efetivo","status":"publish","type":"post","link":"https:\/\/blogdoeloiltoncajuhy.com.br\/site\/univasf-realiza-concurso-publico-para-cargo-de-professor-efetivo\/","title":{"rendered":"Univasf realiza concurso p\u00fablico para cargo de professor efetivo"},"content":{"rendered":"\n<p class=\"has-medium-font-size\"><strong>S\u00e3o 32 vagas, tendo o Campus de Senhor do Bonfim entre os contemplados.<\/strong><\/p>\n\n\n\n<p><strong>Blog do Eloilton Cajuhy<\/strong><\/p>\n\n\n\n<figure class=\"wp-block-image aligncenter size-full is-resized\"><a href=\"https:\/\/i0.wp.com\/blogdoeloiltoncajuhy.com.br\/site\/wp-content\/uploads\/2022\/04\/Univasf_Campus-Senhor-do-Bonfim-26042022.jpeg\"><img data-recalc-dims=\"1\" fetchpriority=\"high\" decoding=\"async\" width=\"750\" height=\"563\" src=\"https:\/\/i0.wp.com\/blogdoeloiltoncajuhy.com.br\/site\/wp-content\/uploads\/2022\/04\/Univasf_Campus-Senhor-do-Bonfim-26042022.jpeg?resize=750%2C563\" alt=\"\" class=\"wp-image-64512\" style=\"width:686px;height:auto\" srcset=\"https:\/\/i0.wp.com\/blogdoeloiltoncajuhy.com.br\/site\/wp-content\/uploads\/2022\/04\/Univasf_Campus-Senhor-do-Bonfim-26042022.jpeg?w=750&amp;ssl=1 750w, https:\/\/i0.wp.com\/blogdoeloiltoncajuhy.com.br\/site\/wp-content\/uploads\/2022\/04\/Univasf_Campus-Senhor-do-Bonfim-26042022.jpeg?resize=300%2C225&amp;ssl=1 300w\" sizes=\"(max-width: 750px) 100vw, 750px\" \/><\/a><figcaption class=\"wp-element-caption\"><sub>Univasf\/Campus Senhor do Bonfim &#8211; Foto: Divulga\u00e7\u00e3o<\/sub><\/figcaption><\/figure>\n\n\n\n<p>A Universidade Federal do Vale do S\u00e3o Francisco (Univasf) vai realizar concurso p\u00fablico para o cargo de Professor da Carreira do Magist\u00e9rio Superior. S\u00e3o ofertadas 32 vagas para as Classes Auxiliar A, Assistente A e Adjunto A, n\u00edvel I, para atuar em diferentes cursos da Univasf em campi localizados nas cidades de Petrolina e Salgueiro (PE), Paulo Afonso e <strong><mark style=\"background-color:rgba(0, 0, 0, 0)\" class=\"has-inline-color has-black-color\">Senhor do Bonfim (BA)<\/mark><\/strong> e S\u00e3o Raimundo Nonato (PI). As inscri\u00e7\u00f5es j\u00e1 est\u00e3o abertas e podem ser realizadas at\u00e9 as 18h do dia 29 de abril.<\/p>\n\n\n\n<p>De acordo com a universidade, os interessados devem efetuar as inscri\u00e7\u00f5es no site de Concursos da Univasf e realizar o pagamento da taxa de inscri\u00e7\u00e3o equivalente \u00e0 \u00e1rea desejada, que varia entre R$ 100,00 e R$ 200,00 e deve ser paga at\u00e9 30 de abril. Das 32 vagas ofertadas, seis s\u00e3o reservadas a candidatos negros e quatro a candidatos com defici\u00eancia. Os candidatos que preencherem os requisitos estabelecidos no edital podem solicitar a isen\u00e7\u00e3o da taxa de inscri\u00e7\u00e3o at\u00e9 as 14h desta sexta-feira (19).<\/p>\n\n\n\n<p>Ainda segundo a Univasf, para se candidatar, os interessados precisam possuir a forma\u00e7\u00e3o acad\u00eamica referente \u00e0 \u00e1rea escolhida, conforme o Edital N\u00ba 6\/2024, dispon\u00edvel na p\u00e1gina de Concursos. Durante o processo de inscri\u00e7\u00e3o, os candidatos dever\u00e3o, obrigatoriamente, anexar o documento oficial de identifica\u00e7\u00e3o com foto, frente e verso. A confirma\u00e7\u00e3o da inscri\u00e7\u00e3o poder\u00e1 ser verificada atrav\u00e9s do site de Concursos da Univasf a partir do dia 3 de maio.<\/p>\n\n\n\n<p>Os cargos ofertados ser\u00e3o exercidos no regime de trabalho de 40 horas com dedica\u00e7\u00e3o exclusiva (DE) ou 20 horas semanais, variando de acordo com o perfil das vagas. Os vencimentos variam de acordo com a \u00e1rea e o regime de trabalho e est\u00e3o detalhados no item 2.2 do edital.<\/p>\n\n\n\n<p>A sele\u00e7\u00e3o ser\u00e1 composta pelas seguintes fases: prova escrita; prova de aptid\u00e3o did\u00e1tica; prova de defesa de memorial; e prova de t\u00edtulos. A prova escrita para a \u00e1rea de conhecimento de Medicina ser\u00e1 realizada presencialmente no Campus Paulo Afonso (BA) no dia 22 de maio. Para as demais \u00e1reas de conhecimento, a prova ser\u00e1 realizada no Campus Sede em Petrolina (PE), no dia 29 de maio. As demais provas ir\u00e3o acontecer remotamente.<\/p>\n\n\n\n<p>O sorteio do ponto da prova de aptid\u00e3o did\u00e1tica ser\u00e1 feito em ambiente virtual, com anteced\u00eancia m\u00ednima de 24 horas. As datas, plataformas e orienta\u00e7\u00f5es para todas as etapas est\u00e3o dispon\u00edveis no edital e ser\u00e3o divulgadas no site Concursos da Univasf posteriormente.<\/p>\n\n\n\n<p>O resultado final e a homologa\u00e7\u00e3o do concurso ser\u00e3o publicados no Di\u00e1rio Oficial da Uni\u00e3o e na p\u00e1gina de Concursos da Univasf. Os candidatos podem obter informa\u00e7\u00f5es referentes ao certame na Pr\u00f3-Reitoria de Gest\u00e3o de Pessoas (Progepe) da Univasf, localizada no Campus Sede em Petrolina (PE) ou pelo e-mail concursodocenteefetivo@univasf.edu.br.<\/p>\n","protected":false},"excerpt":{"rendered":"<p>S\u00e3o 32 vagas, tendo o Campus de Senhor do Bonfim entre os contemplados. Blog do Eloilton Cajuhy A Universidade Federal do Vale do S\u00e3o Francisco (Univasf) vai realizar concurso p\u00fablico para o cargo de Professor da Carreira do Magist\u00e9rio Superior. S\u00e3o ofertadas 32 vagas para as Classes Auxiliar A, Assistente A e Adjunto A, n\u00edvel [&hellip;]<\/p>\n","protected":false},"author":2,"featured_media":64512,"comment_status":"open","ping_status":"open","sticky":false,"template":"","format":"standard","meta":{"_acf_changed":false,"_monsterinsights_skip_tracking":false,"_monsterinsights_sitenote_active":false,"_monsterinsights_sitenote_note":"","_monsterinsights_sitenote_category":0,"_jetpack_memberships_contains_paid_content":false,"footnotes":"","jetpack_publicize_message":"","jetpack_publicize_feature_enabled":true,"jetpack_social_post_already_shared":true,"jetpack_social_options":{"image_generator_settings":{"template":"highway","default_image_id":0,"font":"","enabled":false},"version":2}},"categories":[32],"tags":[],"class_list":["post-80366","post","type-post","status-publish","format-standard","has-post-thumbnail","hentry","category-emprego"],"acf":[],"jetpack_publicize_connections":[],"jetpack_featured_media_url":"https:\/\/i0.wp.com\/blogdoeloiltoncajuhy.com.br\/site\/wp-content\/uploads\/2022\/04\/Univasf_Campus-Senhor-do-Bonfim-26042022.jpeg?fit=750%2C563&ssl=1","jetpack_sharing_enabled":true,"publishpress_future_workflow_manual_trigger":{"enabledWorkflows":[]},"_links":{"self":[{"href":"https:\/\/blogdoeloiltoncajuhy.com.br\/site\/wp-json\/wp\/v2\/posts\/80366","targetHints":{"allow":["GET"]}}],"collection":[{"href":"https:\/\/blogdoeloiltoncajuhy.com.br\/site\/wp-json\/wp\/v2\/posts"}],"about":[{"href":"https:\/\/blogdoeloiltoncajuhy.com.br\/site\/wp-json\/wp\/v2\/types\/post"}],"author":[{"embeddable":true,"href":"https:\/\/blogdoeloiltoncajuhy.com.br\/site\/wp-json\/wp\/v2\/users\/2"}],"replies":[{"embeddable":true,"href":"https:\/\/blogdoeloiltoncajuhy.com.br\/site\/wp-json\/wp\/v2\/comments?post=80366"}],"version-history":[{"count":1,"href":"https:\/\/blogdoeloiltoncajuhy.com.br\/site\/wp-json\/wp\/v2\/posts\/80366\/revisions"}],"predecessor-version":[{"id":80367,"href":"https:\/\/blogdoeloiltoncajuhy.com.br\/site\/wp-json\/wp\/v2\/posts\/80366\/revisions\/80367"}],"wp:featuredmedia":[{"embeddable":true,"href":"https:\/\/blogdoeloiltoncajuhy.com.br\/site\/wp-json\/wp\/v2\/media\/64512"}],"wp:attachment":[{"href":"https:\/\/blogdoeloiltoncajuhy.com.br\/site\/wp-json\/wp\/v2\/media?parent=80366"}],"wp:term":[{"taxonomy":"category","embeddable":true,"href":"https:\/\/blogdoeloiltoncajuhy.com.br\/site\/wp-json\/wp\/v2\/categories?post=80366"},{"taxonomy":"post_tag","embeddable":true,"href":"https:\/\/blogdoeloiltoncajuhy.com.br\/site\/wp-json\/wp\/v2\/tags?post=80366"}],"curies":[{"name":"wp","href":"https:\/\/api.w.org\/{rel}","templated":true}]}}