{"id":80359,"date":"2024-04-18T14:47:21","date_gmt":"2024-04-18T17:47:21","guid":{"rendered":"https:\/\/blogdoeloiltoncajuhy.com.br\/site\/?p=80359"},"modified":"2024-04-18T14:48:46","modified_gmt":"2024-04-18T17:48:46","slug":"forum-mais-agua-e-deputado-bobo-tem-reuniao-na-secretaria-de-infraestrutura-para-tratar-do-projeto-da-barragem-de-barroca-do-faleiro","status":"publish","type":"post","link":"https:\/\/blogdoeloiltoncajuhy.com.br\/site\/forum-mais-agua-e-deputado-bobo-tem-reuniao-na-secretaria-de-infraestrutura-para-tratar-do-projeto-da-barragem-de-barroca-do-faleiro\/","title":{"rendered":"F\u00f3rum Mais \u00c1gua e deputado Bob\u00f4 t\u00eam reuni\u00e3o na Secretaria de Infraestrutura para tratar do projeto da barragem de Barroca do Faleiro"},"content":{"rendered":"\n<p class=\"has-medium-font-size\"><strong>Barragem foi apontada como um catalisador para o desenvolvimento econ\u00f4mico e social do Territ\u00f3rio do Piemonte Norte do Itapicuru.<\/strong><\/p>\n\n\n\n<p><strong>Blog do Eloilton Cajuhy<\/strong><\/p>\n\n\n\n<figure class=\"wp-block-image aligncenter size-full\"><a href=\"https:\/\/i0.wp.com\/blogdoeloiltoncajuhy.com.br\/site\/wp-content\/uploads\/2024\/04\/Bobo_180424.jpeg?ssl=1\"><img data-recalc-dims=\"1\" fetchpriority=\"high\" decoding=\"async\" width=\"652\" height=\"399\" src=\"https:\/\/i0.wp.com\/blogdoeloiltoncajuhy.com.br\/site\/wp-content\/uploads\/2024\/04\/Bobo_180424.jpeg?resize=652%2C399&#038;ssl=1\" alt=\"\" class=\"wp-image-80360\" srcset=\"https:\/\/i0.wp.com\/blogdoeloiltoncajuhy.com.br\/site\/wp-content\/uploads\/2024\/04\/Bobo_180424.jpeg?w=652&amp;ssl=1 652w, https:\/\/i0.wp.com\/blogdoeloiltoncajuhy.com.br\/site\/wp-content\/uploads\/2024\/04\/Bobo_180424.jpeg?resize=300%2C184&amp;ssl=1 300w\" sizes=\"(max-width: 652px) 100vw, 652px\" \/><\/a><figcaption class=\"wp-element-caption\"><sub>Reprodu\u00e7\u00e3o \/ Instagram<\/sub><\/figcaption><\/figure>\n\n\n\n<p>Na \u00faltima ter\u00e7a-feira (16), uma reuni\u00e3o na Secretaria de Infraestrutura H\u00eddrica e Saneamento (SIHS) marcou um importante passo em dire\u00e7\u00e3o \u00e0 retomada do projeto de constru\u00e7\u00e3o da barragem da Barroca do Faleiro, em Senhor do Bonfim. Liderados pelo Deputado Bob\u00f4, membros do F\u00f3rum Mais \u00c1gua discutiram com a Chefe de Gabinete da SIHS, Camila Medrado, sobre os benef\u00edcios da barragem para o abastecimento de \u00e1gua, seguran\u00e7a h\u00eddrica para a agricultura, pecu\u00e1ria e desenvolvimento regional.<\/p>\n\n\n\n<p>Al\u00e9m dos benef\u00edcios diretos para os munic\u00edpios de Senhor do Bonfim e Jaguarari, a constru\u00e7\u00e3o da barragem foi apontada como um catalisador para o desenvolvimento econ\u00f4mico e social do Territ\u00f3rio do Piemonte Norte do Itapicuru. A infraestrutura n\u00e3o s\u00f3 garantir\u00e1 um suprimento est\u00e1vel de \u00e1gua, mas tamb\u00e9m abrir\u00e1 novas oportunidades para o com\u00e9rcio e o setor de servi\u00e7os, potencializando o crescimento de toda a regi\u00e3o.<\/p>\n\n\n\n<p>A presen\u00e7a de membros do F\u00f3rum Mais \u00c1gua na reuni\u00e3o foi fundamental, trazendo representatividade de diferentes setores da sociedade. Artur Paiva, produtor rural, juntamente com Ivo Santiago, presidente do Sindicato Rural de Senhor do Bonfim, e Alex Barbosa, assessor de Comunica\u00e7\u00e3o, contribu\u00edram com perspectivas sobre as necessidades e os potenciais impactos positivos da barragem. Tamb\u00e9m participaram da reuni\u00e3o, Ubiratan Cerqueira, representante da comunidade da Barroca, e Jos\u00e9 Ricardo Barreto, agr\u00f4nomo especialista em microbacias hidrogr\u00e1ficas.<\/p>\n\n\n\n<p><strong><em>*Com informa\u00e7\u00f5es de Alex Barbosa \/ Minha Cidade<\/em><\/strong><\/p>\n","protected":false},"excerpt":{"rendered":"<p>Barragem foi apontada como um catalisador para o desenvolvimento econ\u00f4mico e social do Territ\u00f3rio do Piemonte Norte do Itapicuru. Blog do Eloilton Cajuhy Na \u00faltima ter\u00e7a-feira (16), uma reuni\u00e3o na Secretaria de Infraestrutura H\u00eddrica e Saneamento (SIHS) marcou um importante passo em dire\u00e7\u00e3o \u00e0 retomada do projeto de constru\u00e7\u00e3o da barragem da Barroca do Faleiro, [&hellip;]<\/p>\n","protected":false},"author":2,"featured_media":80360,"comment_status":"open","ping_status":"open","sticky":false,"template":"","format":"standard","meta":{"_acf_changed":false,"_monsterinsights_skip_tracking":false,"_monsterinsights_sitenote_active":false,"_monsterinsights_sitenote_note":"","_monsterinsights_sitenote_category":0,"_jetpack_memberships_contains_paid_content":false,"footnotes":"","jetpack_publicize_message":"","jetpack_publicize_feature_enabled":true,"jetpack_social_post_already_shared":true,"jetpack_social_options":{"image_generator_settings":{"template":"highway","default_image_id":0,"font":"","enabled":false},"version":2}},"categories":[3],"tags":[],"class_list":["post-80359","post","type-post","status-publish","format-standard","has-post-thumbnail","hentry","category-politica"],"acf":[],"jetpack_publicize_connections":[],"jetpack_featured_media_url":"https:\/\/i0.wp.com\/blogdoeloiltoncajuhy.com.br\/site\/wp-content\/uploads\/2024\/04\/Bobo_180424.jpeg?fit=652%2C399&ssl=1","jetpack_sharing_enabled":true,"publishpress_future_workflow_manual_trigger":{"enabledWorkflows":[]},"_links":{"self":[{"href":"https:\/\/blogdoeloiltoncajuhy.com.br\/site\/wp-json\/wp\/v2\/posts\/80359","targetHints":{"allow":["GET"]}}],"collection":[{"href":"https:\/\/blogdoeloiltoncajuhy.com.br\/site\/wp-json\/wp\/v2\/posts"}],"about":[{"href":"https:\/\/blogdoeloiltoncajuhy.com.br\/site\/wp-json\/wp\/v2\/types\/post"}],"author":[{"embeddable":true,"href":"https:\/\/blogdoeloiltoncajuhy.com.br\/site\/wp-json\/wp\/v2\/users\/2"}],"replies":[{"embeddable":true,"href":"https:\/\/blogdoeloiltoncajuhy.com.br\/site\/wp-json\/wp\/v2\/comments?post=80359"}],"version-history":[{"count":2,"href":"https:\/\/blogdoeloiltoncajuhy.com.br\/site\/wp-json\/wp\/v2\/posts\/80359\/revisions"}],"predecessor-version":[{"id":80362,"href":"https:\/\/blogdoeloiltoncajuhy.com.br\/site\/wp-json\/wp\/v2\/posts\/80359\/revisions\/80362"}],"wp:featuredmedia":[{"embeddable":true,"href":"https:\/\/blogdoeloiltoncajuhy.com.br\/site\/wp-json\/wp\/v2\/media\/80360"}],"wp:attachment":[{"href":"https:\/\/blogdoeloiltoncajuhy.com.br\/site\/wp-json\/wp\/v2\/media?parent=80359"}],"wp:term":[{"taxonomy":"category","embeddable":true,"href":"https:\/\/blogdoeloiltoncajuhy.com.br\/site\/wp-json\/wp\/v2\/categories?post=80359"},{"taxonomy":"post_tag","embeddable":true,"href":"https:\/\/blogdoeloiltoncajuhy.com.br\/site\/wp-json\/wp\/v2\/tags?post=80359"}],"curies":[{"name":"wp","href":"https:\/\/api.w.org\/{rel}","templated":true}]}}