{"id":80355,"date":"2024-04-18T08:42:50","date_gmt":"2024-04-18T11:42:50","guid":{"rendered":"https:\/\/blogdoeloiltoncajuhy.com.br\/site\/?p=80355"},"modified":"2024-04-18T08:45:00","modified_gmt":"2024-04-18T11:45:00","slug":"jeronimo-rodrigues-vem-a-andorinha-para-inauguracoes-e-anuncio-de-novas-obras","status":"publish","type":"post","link":"https:\/\/blogdoeloiltoncajuhy.com.br\/site\/jeronimo-rodrigues-vem-a-andorinha-para-inauguracoes-e-anuncio-de-novas-obras\/","title":{"rendered":"Jer\u00f4nimo Rodrigues vem a Andorinha para inaugura\u00e7\u00f5es e an\u00fancio de novas obras"},"content":{"rendered":"\n<p class=\"has-medium-font-size\"><strong>Entrega de escola de tempo integral fortalece ensino p\u00fablico do munic\u00edpio.<\/strong><\/p>\n\n\n\n<p><strong>Blog do Eloilton Cajuhy<\/strong><\/p>\n\n\n\n<figure class=\"wp-block-image aligncenter size-full is-resized\"><a href=\"https:\/\/i0.wp.com\/blogdoeloiltoncajuhy.com.br\/site\/wp-content\/uploads\/2022\/03\/Jeronimo-Rodrigues-11032022-02.png\"><img data-recalc-dims=\"1\" fetchpriority=\"high\" decoding=\"async\" width=\"800\" height=\"448\" src=\"https:\/\/i0.wp.com\/blogdoeloiltoncajuhy.com.br\/site\/wp-content\/uploads\/2022\/03\/Jeronimo-Rodrigues-11032022-02.png?resize=800%2C448\" alt=\"\" class=\"wp-image-63449\" style=\"width:665px;height:auto\" srcset=\"https:\/\/i0.wp.com\/blogdoeloiltoncajuhy.com.br\/site\/wp-content\/uploads\/2022\/03\/Jeronimo-Rodrigues-11032022-02.png?w=1010&amp;ssl=1 1010w, https:\/\/i0.wp.com\/blogdoeloiltoncajuhy.com.br\/site\/wp-content\/uploads\/2022\/03\/Jeronimo-Rodrigues-11032022-02.png?resize=300%2C168&amp;ssl=1 300w, https:\/\/i0.wp.com\/blogdoeloiltoncajuhy.com.br\/site\/wp-content\/uploads\/2022\/03\/Jeronimo-Rodrigues-11032022-02.png?resize=768%2C430&amp;ssl=1 768w\" sizes=\"(max-width: 800px) 100vw, 800px\" \/><\/a><figcaption class=\"wp-element-caption\"><sub>Foto: Secom-BA<\/sub><\/figcaption><\/figure>\n\n\n\n<p>O Governador da Bahia Jer\u00f4nimo Rodrigues estar\u00e1 em Andorinha no pr\u00f3ximo s\u00e1bado (20) para inaugurar obras e lan\u00e7ar ordens de servi\u00e7o para outras a\u00e7\u00f5es do governo do estado naquele munic\u00edpio.<\/p>\n\n\n\n<p>Entre os objetivos da vinda do governador est\u00e1 a inaugura\u00e7\u00e3o do Col\u00e9gio Estadual do Campo de Tempo Integral, na Vila Peixe. Na oportunidade, Jer\u00f4nimo assinar\u00e1 ordens de servi\u00e7o para execu\u00e7\u00e3o de outras obras em Andorinha. Os detalhes ainda n\u00e3o foram divulgados pela assessoria de governador.<\/p>\n\n\n\n<p>Por outro lado, nos bastidores pol\u00edticos de Andorinha, a visita de Jer\u00f4nimo \u00e9 vista como um fortalecimento do grupo do prefeito Renato Brand\u00e3o, do PT, e uma forma de impulsionar a pr\u00e9-candidatura de Lurdineia Guimar\u00e3es \u00e0s elei\u00e7\u00f5es de outubro pr\u00f3ximo.<\/p>\n\n\n\n<figure class=\"wp-block-image aligncenter size-large is-resized\"><a href=\"https:\/\/i0.wp.com\/blogdoeloiltoncajuhy.com.br\/site\/wp-content\/uploads\/2019\/12\/PMA_PrefeitoRenatoDez-2019.jpg\"><img data-recalc-dims=\"1\" decoding=\"async\" width=\"800\" height=\"534\" src=\"https:\/\/i0.wp.com\/blogdoeloiltoncajuhy.com.br\/site\/wp-content\/uploads\/2019\/12\/PMA_PrefeitoRenatoDez-2019.jpg?resize=800%2C534\" alt=\"\" class=\"wp-image-39992\" style=\"width:672px;height:auto\" srcset=\"https:\/\/i0.wp.com\/blogdoeloiltoncajuhy.com.br\/site\/wp-content\/uploads\/2019\/12\/PMA_PrefeitoRenatoDez-2019.jpg?resize=1024%2C684&amp;ssl=1 1024w, https:\/\/i0.wp.com\/blogdoeloiltoncajuhy.com.br\/site\/wp-content\/uploads\/2019\/12\/PMA_PrefeitoRenatoDez-2019.jpg?resize=300%2C201&amp;ssl=1 300w, https:\/\/i0.wp.com\/blogdoeloiltoncajuhy.com.br\/site\/wp-content\/uploads\/2019\/12\/PMA_PrefeitoRenatoDez-2019.jpg?resize=768%2C513&amp;ssl=1 768w, https:\/\/i0.wp.com\/blogdoeloiltoncajuhy.com.br\/site\/wp-content\/uploads\/2019\/12\/PMA_PrefeitoRenatoDez-2019.jpg?resize=250%2C167&amp;ssl=1 250w, https:\/\/i0.wp.com\/blogdoeloiltoncajuhy.com.br\/site\/wp-content\/uploads\/2019\/12\/PMA_PrefeitoRenatoDez-2019.jpg?w=1200&amp;ssl=1 1200w\" sizes=\"(max-width: 800px) 100vw, 800px\" \/><\/a><figcaption class=\"wp-element-caption\"><sub>Foto: Ascom Prefeitura de Andorinha<\/sub><\/figcaption><\/figure>\n\n\n\n<p>A presen\u00e7a do governador ao munic\u00edpio n\u00e3o apenas marca um importante evento pol\u00edtico, mas tamb\u00e9m sinaliza a\u00e7\u00f5es significativas no cen\u00e1rio partid\u00e1rio local. O grupo liderado por Renato, agora fortalecido com o respaldo do governador, v\u00ea-se impulsionado em sua jornada pol\u00edtica dentro do Partido dos Trabalhadores (PT).<\/p>\n\n\n\n<p>O apoio do governador ao prefeito promove uma din\u00e2mica in\u00e9dita na pol\u00edtica local. Com isso, a pr\u00e9-candidatura de Lurdineia Guimar\u00e3es \u00e0 prefeitura de Andorinha emerge como uma aposta s\u00f3lida, tendo o respaldo n\u00e3o s\u00f3 de seu hist\u00f3rico familiar, como tamb\u00e9m do grupo liderado por Renato.<\/p>\n\n\n\n<p>Lurdineia Guimar\u00e3es, ex-secret\u00e1ria de educa\u00e7\u00e3o e filha do ex-prefeito Z\u00e9 Branco, surge como uma figura emblem\u00e1tica, agregando tanto a experi\u00eancia administrativa quanto o reconhecimento pol\u00edtico j\u00e1 estabelecido na regi\u00e3o.<\/p>\n\n\n\n<p>A trajet\u00f3ria pol\u00edtica de Renato e a ascens\u00e3o de Lurdineia Guimar\u00e3es representam um novo cap\u00edtulo na hist\u00f3ria pol\u00edtica local.<\/p>\n\n\n\n<figure class=\"wp-block-image aligncenter size-full is-resized\"><a href=\"https:\/\/i0.wp.com\/blogdoeloiltoncajuhy.com.br\/site\/wp-content\/uploads\/2024\/04\/Lurdineia-180424-Facebook.jpg\"><img data-recalc-dims=\"1\" decoding=\"async\" width=\"700\" height=\"700\" src=\"https:\/\/i0.wp.com\/blogdoeloiltoncajuhy.com.br\/site\/wp-content\/uploads\/2024\/04\/Lurdineia-180424-Facebook.jpg?resize=700%2C700\" alt=\"\" class=\"wp-image-80356\" style=\"width:528px;height:auto\" srcset=\"https:\/\/i0.wp.com\/blogdoeloiltoncajuhy.com.br\/site\/wp-content\/uploads\/2024\/04\/Lurdineia-180424-Facebook.jpg?w=700&amp;ssl=1 700w, https:\/\/i0.wp.com\/blogdoeloiltoncajuhy.com.br\/site\/wp-content\/uploads\/2024\/04\/Lurdineia-180424-Facebook.jpg?resize=300%2C300&amp;ssl=1 300w, https:\/\/i0.wp.com\/blogdoeloiltoncajuhy.com.br\/site\/wp-content\/uploads\/2024\/04\/Lurdineia-180424-Facebook.jpg?resize=150%2C150&amp;ssl=1 150w\" sizes=\"(max-width: 700px) 100vw, 700px\" \/><\/a><figcaption class=\"wp-element-caption\"><sub>Reprodu\u00e7\u00e3o \/ Facebook<\/sub><\/figcaption><\/figure>\n","protected":false},"excerpt":{"rendered":"<p>Entrega de escola de tempo integral fortalece ensino p\u00fablico do munic\u00edpio. Blog do Eloilton Cajuhy O Governador da Bahia Jer\u00f4nimo Rodrigues estar\u00e1 em Andorinha no pr\u00f3ximo s\u00e1bado (20) para inaugurar obras e lan\u00e7ar ordens de servi\u00e7o para outras a\u00e7\u00f5es do governo do estado naquele munic\u00edpio. Entre os objetivos da vinda do governador est\u00e1 a inaugura\u00e7\u00e3o [&hellip;]<\/p>\n","protected":false},"author":2,"featured_media":48932,"comment_status":"open","ping_status":"open","sticky":false,"template":"","format":"standard","meta":{"_acf_changed":false,"_monsterinsights_skip_tracking":false,"_monsterinsights_sitenote_active":false,"_monsterinsights_sitenote_note":"","_monsterinsights_sitenote_category":0,"_jetpack_memberships_contains_paid_content":false,"footnotes":"","jetpack_publicize_message":"","jetpack_publicize_feature_enabled":true,"jetpack_social_post_already_shared":true,"jetpack_social_options":{"image_generator_settings":{"template":"highway","default_image_id":0,"font":"","enabled":false},"version":2}},"categories":[3],"tags":[],"class_list":["post-80355","post","type-post","status-publish","format-standard","has-post-thumbnail","hentry","category-politica"],"acf":[],"jetpack_publicize_connections":[],"jetpack_featured_media_url":"https:\/\/i0.wp.com\/blogdoeloiltoncajuhy.com.br\/site\/wp-content\/uploads\/2020\/09\/Jer%C3%B4nimo-Rodrigues.jpg?fit=600%2C420&ssl=1","jetpack_sharing_enabled":true,"publishpress_future_workflow_manual_trigger":{"enabledWorkflows":[]},"_links":{"self":[{"href":"https:\/\/blogdoeloiltoncajuhy.com.br\/site\/wp-json\/wp\/v2\/posts\/80355","targetHints":{"allow":["GET"]}}],"collection":[{"href":"https:\/\/blogdoeloiltoncajuhy.com.br\/site\/wp-json\/wp\/v2\/posts"}],"about":[{"href":"https:\/\/blogdoeloiltoncajuhy.com.br\/site\/wp-json\/wp\/v2\/types\/post"}],"author":[{"embeddable":true,"href":"https:\/\/blogdoeloiltoncajuhy.com.br\/site\/wp-json\/wp\/v2\/users\/2"}],"replies":[{"embeddable":true,"href":"https:\/\/blogdoeloiltoncajuhy.com.br\/site\/wp-json\/wp\/v2\/comments?post=80355"}],"version-history":[{"count":2,"href":"https:\/\/blogdoeloiltoncajuhy.com.br\/site\/wp-json\/wp\/v2\/posts\/80355\/revisions"}],"predecessor-version":[{"id":80358,"href":"https:\/\/blogdoeloiltoncajuhy.com.br\/site\/wp-json\/wp\/v2\/posts\/80355\/revisions\/80358"}],"wp:featuredmedia":[{"embeddable":true,"href":"https:\/\/blogdoeloiltoncajuhy.com.br\/site\/wp-json\/wp\/v2\/media\/48932"}],"wp:attachment":[{"href":"https:\/\/blogdoeloiltoncajuhy.com.br\/site\/wp-json\/wp\/v2\/media?parent=80355"}],"wp:term":[{"taxonomy":"category","embeddable":true,"href":"https:\/\/blogdoeloiltoncajuhy.com.br\/site\/wp-json\/wp\/v2\/categories?post=80355"},{"taxonomy":"post_tag","embeddable":true,"href":"https:\/\/blogdoeloiltoncajuhy.com.br\/site\/wp-json\/wp\/v2\/tags?post=80355"}],"curies":[{"name":"wp","href":"https:\/\/api.w.org\/{rel}","templated":true}]}}