{"id":80351,"date":"2024-04-18T06:00:00","date_gmt":"2024-04-18T09:00:00","guid":{"rendered":"https:\/\/blogdoeloiltoncajuhy.com.br\/site\/?p=80351"},"modified":"2024-04-17T20:16:08","modified_gmt":"2024-04-17T23:16:08","slug":"placa-mercosul-deve-mudar-mais-uma-vez-para-exibir-cidade-e-estado","status":"publish","type":"post","link":"https:\/\/blogdoeloiltoncajuhy.com.br\/site\/placa-mercosul-deve-mudar-mais-uma-vez-para-exibir-cidade-e-estado\/","title":{"rendered":"Placa Mercosul deve mudar mais uma vez para exibir cidade e estado"},"content":{"rendered":"\n<p class=\"has-medium-font-size\"><strong>Proposta vai seguir para vota\u00e7\u00e3o na Comiss\u00e3o de Constitui\u00e7\u00e3o e Justi\u00e7a.<\/strong><\/p>\n\n\n\n<p><strong>Por Vit\u00f3ria Drehmer\/Autoesporte<\/strong><\/p>\n\n\n\n<figure class=\"wp-block-image aligncenter size-full is-resized\"><a href=\"https:\/\/i0.wp.com\/blogdoeloiltoncajuhy.com.br\/site\/wp-content\/uploads\/2024\/04\/Placa-Mercosul-%E2%80%94-Foto-Divulgacao-Autoesporte.webp?ssl=1\"><img data-recalc-dims=\"1\" fetchpriority=\"high\" decoding=\"async\" width=\"800\" height=\"533\" src=\"https:\/\/i0.wp.com\/blogdoeloiltoncajuhy.com.br\/site\/wp-content\/uploads\/2024\/04\/Placa-Mercosul-%E2%80%94-Foto-Divulgacao-Autoesporte.webp?resize=800%2C533&#038;ssl=1\" alt=\"\" class=\"wp-image-80352\" style=\"width:729px;height:auto\" srcset=\"https:\/\/i0.wp.com\/blogdoeloiltoncajuhy.com.br\/site\/wp-content\/uploads\/2024\/04\/Placa-Mercosul-%E2%80%94-Foto-Divulgacao-Autoesporte.webp?w=888&amp;ssl=1 888w, https:\/\/i0.wp.com\/blogdoeloiltoncajuhy.com.br\/site\/wp-content\/uploads\/2024\/04\/Placa-Mercosul-%E2%80%94-Foto-Divulgacao-Autoesporte.webp?resize=300%2C200&amp;ssl=1 300w, https:\/\/i0.wp.com\/blogdoeloiltoncajuhy.com.br\/site\/wp-content\/uploads\/2024\/04\/Placa-Mercosul-%E2%80%94-Foto-Divulgacao-Autoesporte.webp?resize=768%2C512&amp;ssl=1 768w\" sizes=\"(max-width: 800px) 100vw, 800px\" \/><\/a><figcaption class=\"wp-element-caption\"><sub>Placa Mercosul \u2014 Foto: Divulga\u00e7\u00e3o\/Autoesporte<\/sub><\/figcaption><\/figure>\n\n\n\n<p>A Comiss\u00e3o de Assuntos Econ\u00f4micos (CAE) aprovou, nesta ter\u00e7a-feira (16), o Projeto de Lei 3.214\/2023, que defende que placas de ve\u00edculos voltem a exibir o estado e o munic\u00edpio de registro no Brasil. Agora, a proposta seguir\u00e1 para vota\u00e7\u00e3o na Comiss\u00e3o de Constitui\u00e7\u00e3o e Justi\u00e7a (CCJ).<\/p>\n\n\n\n<p>O autor do PL \u00e9 o senador Esperidi\u00e3o Amin (PP-SC). De acordo com o relator, informa\u00e7\u00f5es como estado e munic\u00edpio podem facilitar a identifica\u00e7\u00e3o de um ve\u00edculo em situa\u00e7\u00f5es irregulares por parte das autoridades de tr\u00e2nsito. &#8220;As pol\u00edcias rodovi\u00e1rias, agentes de tr\u00e1fego e outros \u00f3rg\u00e3os de fiscaliza\u00e7\u00e3o dependem dessa informa\u00e7\u00e3o para realizar seu trabalho de forma eficiente e precisa&#8221;, afirma Amin.<\/p>\n\n\n\n<p>Outro ponto defendido pelo autor da nova lei \u00e9 o \u201csenso de identidade regional e pertencimento\u201d. O senador destaca que algumas leis de tr\u00e2nsito s\u00e3o regionais, e uma placa com identifica\u00e7\u00e3o poder\u00e1 evitar acidentes decorrentes da n\u00e3o familiaridade.<\/p>\n\n\n\n<p>Se aprovada, a medida entrar\u00e1 vigor um ano depois da sua publica\u00e7\u00e3o, e valer\u00e1 apenas para novos emplacamentos.<\/p>\n\n\n\n<p class=\"has-black-color has-text-color has-link-color has-medium-font-size wp-elements-a21c80d57ac5a2cc7bfc6ae26c22a244\"><strong>Como \u00e9 a placa Mercosul?<\/strong><\/p>\n\n\n\n<p>O Brasil implementou o padr\u00e3o Mercosul para identifica\u00e7\u00e3o de ve\u00edculos a partir de 2018, mas alguns pa\u00edses o utilizam a mais tempo. O Uruguai, por exemplo, adotou a placa em 2015, enquanto a Argentina come\u00e7ou a incorpor\u00e1-la em 2016.<\/p>\n\n\n\n<figure class=\"wp-block-image aligncenter size-full is-resized\"><a href=\"https:\/\/i0.wp.com\/blogdoeloiltoncajuhy.com.br\/site\/wp-content\/uploads\/2024\/04\/Placas-Mercosul-so-mostram-pais-de-origem-do-veiculo-%E2%80%94-Foto-Autoesporte-Andre-Schaun.webp?ssl=1\"><img data-recalc-dims=\"1\" decoding=\"async\" width=\"800\" height=\"533\" src=\"https:\/\/i0.wp.com\/blogdoeloiltoncajuhy.com.br\/site\/wp-content\/uploads\/2024\/04\/Placas-Mercosul-so-mostram-pais-de-origem-do-veiculo-%E2%80%94-Foto-Autoesporte-Andre-Schaun.webp?resize=800%2C533&#038;ssl=1\" alt=\"\" class=\"wp-image-80353\" style=\"width:728px;height:auto\" srcset=\"https:\/\/i0.wp.com\/blogdoeloiltoncajuhy.com.br\/site\/wp-content\/uploads\/2024\/04\/Placas-Mercosul-so-mostram-pais-de-origem-do-veiculo-%E2%80%94-Foto-Autoesporte-Andre-Schaun.webp?w=1000&amp;ssl=1 1000w, https:\/\/i0.wp.com\/blogdoeloiltoncajuhy.com.br\/site\/wp-content\/uploads\/2024\/04\/Placas-Mercosul-so-mostram-pais-de-origem-do-veiculo-%E2%80%94-Foto-Autoesporte-Andre-Schaun.webp?resize=300%2C200&amp;ssl=1 300w, https:\/\/i0.wp.com\/blogdoeloiltoncajuhy.com.br\/site\/wp-content\/uploads\/2024\/04\/Placas-Mercosul-so-mostram-pais-de-origem-do-veiculo-%E2%80%94-Foto-Autoesporte-Andre-Schaun.webp?resize=768%2C511&amp;ssl=1 768w\" sizes=\"(max-width: 800px) 100vw, 800px\" \/><\/a><figcaption class=\"wp-element-caption\"><sub>Placas Mercosul s\u00f3 mostram pa\u00eds de origem do ve\u00edculo \u2014 Foto: Autoesporte\/Andr\u00e9 Schaun<\/sub><\/figcaption><\/figure>\n\n\n\n<p>Neste padr\u00e3o, as placas apresentam apenas a bandeira do pa\u00eds de origem do ve\u00edculo, mas omitem a cidade e estado. Essas informa\u00e7\u00f5es s\u00f3 podem ser identificadas por consultas em um aplicativo.<\/p>\n\n\n\n<p>Vale lembrar que a troca da placa para o padr\u00e3o Mercosul n\u00e3o \u00e9 obrigat\u00f3ria. A mudan\u00e7a acontece somente em casos de novos emplacamentos ou para ve\u00edculos que tiveram transfer\u00eancia de propriedade, ou categoria. Ainda assim, quem quiser a nova placa, pode fazer a atualiza\u00e7\u00e3o de forma volunt\u00e1ria.<\/p>\n","protected":false},"excerpt":{"rendered":"<p>Proposta vai seguir para vota\u00e7\u00e3o na Comiss\u00e3o de Constitui\u00e7\u00e3o e Justi\u00e7a. Por Vit\u00f3ria Drehmer\/Autoesporte A Comiss\u00e3o de Assuntos Econ\u00f4micos (CAE) aprovou, nesta ter\u00e7a-feira (16), o Projeto de Lei 3.214\/2023, que defende que placas de ve\u00edculos voltem a exibir o estado e o munic\u00edpio de registro no Brasil. Agora, a proposta seguir\u00e1 para vota\u00e7\u00e3o na Comiss\u00e3o [&hellip;]<\/p>\n","protected":false},"author":2,"featured_media":80352,"comment_status":"open","ping_status":"open","sticky":false,"template":"","format":"standard","meta":{"_acf_changed":false,"_monsterinsights_skip_tracking":false,"_monsterinsights_sitenote_active":false,"_monsterinsights_sitenote_note":"","_monsterinsights_sitenote_category":0,"_jetpack_memberships_contains_paid_content":false,"footnotes":"","jetpack_publicize_message":"","jetpack_publicize_feature_enabled":true,"jetpack_social_post_already_shared":true,"jetpack_social_options":{"image_generator_settings":{"template":"highway","default_image_id":0,"font":"","enabled":false},"version":2}},"categories":[5],"tags":[],"class_list":["post-80351","post","type-post","status-publish","format-standard","has-post-thumbnail","hentry","category-cotidiano"],"acf":[],"jetpack_publicize_connections":[],"jetpack_featured_media_url":"https:\/\/i0.wp.com\/blogdoeloiltoncajuhy.com.br\/site\/wp-content\/uploads\/2024\/04\/Placa-Mercosul-%E2%80%94-Foto-Divulgacao-Autoesporte.webp?fit=888%2C592&ssl=1","jetpack_sharing_enabled":true,"publishpress_future_workflow_manual_trigger":{"enabledWorkflows":[]},"_links":{"self":[{"href":"https:\/\/blogdoeloiltoncajuhy.com.br\/site\/wp-json\/wp\/v2\/posts\/80351","targetHints":{"allow":["GET"]}}],"collection":[{"href":"https:\/\/blogdoeloiltoncajuhy.com.br\/site\/wp-json\/wp\/v2\/posts"}],"about":[{"href":"https:\/\/blogdoeloiltoncajuhy.com.br\/site\/wp-json\/wp\/v2\/types\/post"}],"author":[{"embeddable":true,"href":"https:\/\/blogdoeloiltoncajuhy.com.br\/site\/wp-json\/wp\/v2\/users\/2"}],"replies":[{"embeddable":true,"href":"https:\/\/blogdoeloiltoncajuhy.com.br\/site\/wp-json\/wp\/v2\/comments?post=80351"}],"version-history":[{"count":1,"href":"https:\/\/blogdoeloiltoncajuhy.com.br\/site\/wp-json\/wp\/v2\/posts\/80351\/revisions"}],"predecessor-version":[{"id":80354,"href":"https:\/\/blogdoeloiltoncajuhy.com.br\/site\/wp-json\/wp\/v2\/posts\/80351\/revisions\/80354"}],"wp:featuredmedia":[{"embeddable":true,"href":"https:\/\/blogdoeloiltoncajuhy.com.br\/site\/wp-json\/wp\/v2\/media\/80352"}],"wp:attachment":[{"href":"https:\/\/blogdoeloiltoncajuhy.com.br\/site\/wp-json\/wp\/v2\/media?parent=80351"}],"wp:term":[{"taxonomy":"category","embeddable":true,"href":"https:\/\/blogdoeloiltoncajuhy.com.br\/site\/wp-json\/wp\/v2\/categories?post=80351"},{"taxonomy":"post_tag","embeddable":true,"href":"https:\/\/blogdoeloiltoncajuhy.com.br\/site\/wp-json\/wp\/v2\/tags?post=80351"}],"curies":[{"name":"wp","href":"https:\/\/api.w.org\/{rel}","templated":true}]}}