{"id":80276,"date":"2024-04-15T16:00:46","date_gmt":"2024-04-15T19:00:46","guid":{"rendered":"https:\/\/blogdoeloiltoncajuhy.com.br\/site\/?p=80276"},"modified":"2024-04-15T16:00:48","modified_gmt":"2024-04-15T19:00:48","slug":"cnj-afasta-hardt-e-magistrados-do-trf-4-por-irregularidades-na-lava-jato","status":"publish","type":"post","link":"https:\/\/blogdoeloiltoncajuhy.com.br\/site\/cnj-afasta-hardt-e-magistrados-do-trf-4-por-irregularidades-na-lava-jato\/","title":{"rendered":"CNJ afasta Hardt e magistrados do TRF-4 por irregularidades na Lava Jato"},"content":{"rendered":"\n<p class=\"has-medium-font-size\"><strong>Corregedor nacional de Justi\u00e7a finaliza inspe\u00e7\u00e3o, cita suspeita de esquema na Lava Jato e desobedi\u00eancia a ordens do STF.<\/strong><\/p>\n\n\n\n<p><strong>Por Blog Daniela Lima<\/strong><\/p>\n\n\n\n<figure class=\"wp-block-image aligncenter size-full\"><a href=\"https:\/\/i0.wp.com\/blogdoeloiltoncajuhy.com.br\/site\/wp-content\/uploads\/2024\/04\/Gabriela-Hardt-%E2%80%94-Foto-Eduardo-Matysiak-Futura-Press-Estadao-Conteudo.png?ssl=1\"><img data-recalc-dims=\"1\" fetchpriority=\"high\" decoding=\"async\" width=\"800\" height=\"537\" src=\"https:\/\/i0.wp.com\/blogdoeloiltoncajuhy.com.br\/site\/wp-content\/uploads\/2024\/04\/Gabriela-Hardt-%E2%80%94-Foto-Eduardo-Matysiak-Futura-Press-Estadao-Conteudo.png?resize=800%2C537&#038;ssl=1\" alt=\"\" class=\"wp-image-80277\" srcset=\"https:\/\/i0.wp.com\/blogdoeloiltoncajuhy.com.br\/site\/wp-content\/uploads\/2024\/04\/Gabriela-Hardt-%E2%80%94-Foto-Eduardo-Matysiak-Futura-Press-Estadao-Conteudo.png?w=822&amp;ssl=1 822w, https:\/\/i0.wp.com\/blogdoeloiltoncajuhy.com.br\/site\/wp-content\/uploads\/2024\/04\/Gabriela-Hardt-%E2%80%94-Foto-Eduardo-Matysiak-Futura-Press-Estadao-Conteudo.png?resize=300%2C201&amp;ssl=1 300w, https:\/\/i0.wp.com\/blogdoeloiltoncajuhy.com.br\/site\/wp-content\/uploads\/2024\/04\/Gabriela-Hardt-%E2%80%94-Foto-Eduardo-Matysiak-Futura-Press-Estadao-Conteudo.png?resize=768%2C516&amp;ssl=1 768w\" sizes=\"(max-width: 800px) 100vw, 800px\" \/><\/a><figcaption class=\"wp-element-caption\"><sub>Gabriela Hardt, ex-titular da 13\u00aa vara de Curitiba \u2014 Foto: Eduardo Matysiak\/Futura Press\/Estad\u00e3o Conte\u00fado<\/sub><\/figcaption><\/figure>\n\n\n\n<p>O corregedor nacional de Justi\u00e7a, Lu\u00eds Felipe Salom\u00e3o, decidiu afastar do Judici\u00e1rio a ex-titular da 13\u00aa Vara de Curitiba Gabriela Hardt e tr\u00eas magistrados que atuam no Tribunal Regional Federal da quarta regi\u00e3o, o TRF-4, por burlar a ordem processual, violar o c\u00f3digo da magistratura, prevaricar e at\u00e9 burlar decis\u00f5es do Supremo.<\/p>\n\n\n\n<p>Hardt, que substituiu Sergio Moro na 13\u00aa Vara, foi respons\u00e1vel pela homologa\u00e7\u00e3o do trato que viabilizou a cria\u00e7\u00e3o da funda\u00e7\u00e3o privada que seria abastecida com recursos da Lava Jato e teria integrantes da for\u00e7a-tarefa entre seus gestores. A empreitada foi jocosamente tratada como &#8220;funda\u00e7\u00e3o crian\u00e7a esperan\u00e7a&#8221; pelo ministro do Supremo Tribunal Federal (STF) Gilmar Mendes.<\/p>\n\n\n\n<p>Segundo informa\u00e7\u00e3o obtida pelo <strong>blog<\/strong>, a decis\u00e3o do corregedor, j\u00e1 encaminhada aos pares do Conselho Nacional de Justi\u00e7a (CNJ), cita que a ju\u00edza admitiu ter discutido previamente decis\u00f5es com integrantes da extinta for\u00e7a-tarefa e viola\u00e7\u00f5es &#8220;ao dever funcional de prud\u00eancia, de separa\u00e7\u00e3o dos poderes, e ao c\u00f3digo de \u00e9tica da magistratura&#8221;.<\/p>\n\n\n\n<p>Hardt, segundo a corregedoria do CNJ, avalizou a cria\u00e7\u00e3o da funda\u00e7\u00e3o da Lava Jato abastecida com recursos da Petrobras com base &#8220;em informa\u00e7\u00f5es incompletas e informais, fornecidas at\u00e9 mesmo fora dos autos&#8221; pelos procuradores de Curitiba. E que a opera\u00e7\u00e3o, agora sob investiga\u00e7\u00e3o, se assemelha a um esquema de &#8220;cash back&#8221;.<\/p>\n\n\n\n<p>A impertin\u00eancia da cria\u00e7\u00e3o de uma funda\u00e7\u00e3o privada com recursos da Lava Jato foi apontada pela ent\u00e3o procuradora-geral da Rep\u00fablica Raquel Dodge. Na ocasi\u00e3o, ela foi alvo de retalia\u00e7\u00e3o interna e da classe, mas o Supremo acatou a tese e declarou a ilegalidade do neg\u00f3cio.<\/p>\n\n\n\n<p>Salom\u00e3o ressalta os feitos da Lava Jato, assevera que a investiga\u00e7\u00e3o produziu achados relevantes para o pa\u00eds, mas que, em dado momento, &#8220;descambou para a ilegalidade&#8221;.<\/p>\n\n\n\n<p class=\"has-medium-font-size\"><strong><mark style=\"background-color:rgba(0, 0, 0, 0)\" class=\"has-inline-color has-vivid-red-color\">&#8220;A natureza da atividade desenvolvida pela reclamada exige e imp\u00f5e atuar probo, l\u00eddimo, \u00edntegro e transparente, sendo inaceit\u00e1vel que, aparentemente descambando para a ilegalidade, valha-se da relevante fun\u00e7\u00e3o que o Estado lhe confiou para fazer valer suas convic\u00e7\u00f5es pessoais&#8221;, afirmou o corregedor no documento que determina o afastamento.<\/mark><\/strong><\/p>\n\n\n\n<p>Segundo Salom\u00e3o, \u00e9 &#8220;inconceb\u00edvel que a investigada possa prosseguir atuando, quando paira sobre ele a suspeita de que o seu atuar n\u00e3o seja o l\u00eddimo e imparcial agir a que se espera&#8221;, diz sobre Hardt.<\/p>\n\n\n\n<p>J\u00e1 os magistrados Thompson Flores e Loraci Flores de Lima, ambos desembargadores, e Danilo Pereira J\u00fanior (atual juiz titular da 13\u00aa Vara) acabaram na malha fina do corregedor por desobedi\u00eancia a decis\u00f5es do STF.<\/p>\n\n\n\n<p>Para o corregedor nacional de Justi\u00e7a, os magistrados do TRF-4 que foram afastados tinham mais do que &#8220;falta de zelo&#8221; como motiva\u00e7\u00e3o. Salom\u00e3o afirma que, na pr\u00e1tica, houve uma tentativa deliberada de burlar ordens do STF.<\/p>\n\n\n\n<p>O pedido para an\u00e1lise da burla a decis\u00f5es da Corte foi feito \u00e0 Corregedoria pelo ministro do STF Dias Toffoli, ele mesmo autor de ordens que teriam sido desacatadas.<\/p>\n\n\n\n<p>Os magistrados alvo do CNJ chegaram a decretar pris\u00e3o de investigados que j\u00e1 tinham tido os processos na primeira inst\u00e2ncia suspensos pelo Supremo, por suspeita de irregularidades na condu\u00e7\u00e3o das investiga\u00e7\u00f5es.<\/p>\n\n\n\n<p>O <strong>g1<\/strong> entrou em contato com o TRF4, que afirmou ainda n\u00e3o ter sido comunicado oficialmente da decis\u00e3o.<\/p>\n\n\n\n<p>O gabinete de Danilo Pereira J\u00fanior disse que o juiz ainda n\u00e3o foi oficialmente comunicado da decis\u00e3o do CNJ.<\/p>\n","protected":false},"excerpt":{"rendered":"<p>Corregedor nacional de Justi\u00e7a finaliza inspe\u00e7\u00e3o, cita suspeita de esquema na Lava Jato e desobedi\u00eancia a ordens do STF. Por Blog Daniela Lima O corregedor nacional de Justi\u00e7a, Lu\u00eds Felipe Salom\u00e3o, decidiu afastar do Judici\u00e1rio a ex-titular da 13\u00aa Vara de Curitiba Gabriela Hardt e tr\u00eas magistrados que atuam no Tribunal Regional Federal da quarta [&hellip;]<\/p>\n","protected":false},"author":2,"featured_media":80277,"comment_status":"open","ping_status":"open","sticky":false,"template":"","format":"standard","meta":{"_acf_changed":false,"_monsterinsights_skip_tracking":false,"_monsterinsights_sitenote_active":false,"_monsterinsights_sitenote_note":"","_monsterinsights_sitenote_category":0,"_jetpack_memberships_contains_paid_content":false,"footnotes":"","jetpack_publicize_message":"","jetpack_publicize_feature_enabled":true,"jetpack_social_post_already_shared":true,"jetpack_social_options":{"image_generator_settings":{"template":"highway","default_image_id":0,"font":"","enabled":false},"version":2}},"categories":[3],"tags":[],"class_list":["post-80276","post","type-post","status-publish","format-standard","has-post-thumbnail","hentry","category-politica"],"acf":[],"jetpack_publicize_connections":[],"jetpack_featured_media_url":"https:\/\/i0.wp.com\/blogdoeloiltoncajuhy.com.br\/site\/wp-content\/uploads\/2024\/04\/Gabriela-Hardt-%E2%80%94-Foto-Eduardo-Matysiak-Futura-Press-Estadao-Conteudo.png?fit=822%2C552&ssl=1","jetpack_sharing_enabled":true,"publishpress_future_workflow_manual_trigger":{"enabledWorkflows":[]},"_links":{"self":[{"href":"https:\/\/blogdoeloiltoncajuhy.com.br\/site\/wp-json\/wp\/v2\/posts\/80276","targetHints":{"allow":["GET"]}}],"collection":[{"href":"https:\/\/blogdoeloiltoncajuhy.com.br\/site\/wp-json\/wp\/v2\/posts"}],"about":[{"href":"https:\/\/blogdoeloiltoncajuhy.com.br\/site\/wp-json\/wp\/v2\/types\/post"}],"author":[{"embeddable":true,"href":"https:\/\/blogdoeloiltoncajuhy.com.br\/site\/wp-json\/wp\/v2\/users\/2"}],"replies":[{"embeddable":true,"href":"https:\/\/blogdoeloiltoncajuhy.com.br\/site\/wp-json\/wp\/v2\/comments?post=80276"}],"version-history":[{"count":1,"href":"https:\/\/blogdoeloiltoncajuhy.com.br\/site\/wp-json\/wp\/v2\/posts\/80276\/revisions"}],"predecessor-version":[{"id":80278,"href":"https:\/\/blogdoeloiltoncajuhy.com.br\/site\/wp-json\/wp\/v2\/posts\/80276\/revisions\/80278"}],"wp:featuredmedia":[{"embeddable":true,"href":"https:\/\/blogdoeloiltoncajuhy.com.br\/site\/wp-json\/wp\/v2\/media\/80277"}],"wp:attachment":[{"href":"https:\/\/blogdoeloiltoncajuhy.com.br\/site\/wp-json\/wp\/v2\/media?parent=80276"}],"wp:term":[{"taxonomy":"category","embeddable":true,"href":"https:\/\/blogdoeloiltoncajuhy.com.br\/site\/wp-json\/wp\/v2\/categories?post=80276"},{"taxonomy":"post_tag","embeddable":true,"href":"https:\/\/blogdoeloiltoncajuhy.com.br\/site\/wp-json\/wp\/v2\/tags?post=80276"}],"curies":[{"name":"wp","href":"https:\/\/api.w.org\/{rel}","templated":true}]}}