{"id":80267,"date":"2024-04-15T08:16:17","date_gmt":"2024-04-15T11:16:17","guid":{"rendered":"https:\/\/blogdoeloiltoncajuhy.com.br\/site\/?p=80267"},"modified":"2024-04-15T08:16:19","modified_gmt":"2024-04-15T11:16:19","slug":"enem-2024-prazo-para-pedir-isencao-comeca-nesta-segunda-saiba-quem-tem-direito-e-como-solicitar","status":"publish","type":"post","link":"https:\/\/blogdoeloiltoncajuhy.com.br\/site\/enem-2024-prazo-para-pedir-isencao-comeca-nesta-segunda-saiba-quem-tem-direito-e-como-solicitar\/","title":{"rendered":"Enem 2024: prazo para pedir isen\u00e7\u00e3o come\u00e7a nesta segunda; saiba quem tem direito e como solicitar"},"content":{"rendered":"\n<p class=\"has-medium-font-size\"><strong>Candidatos que tiveram isen\u00e7\u00e3o no Enem 2023 e n\u00e3o compareceram nos dias das provas precisam justificar a aus\u00eancia para ter direito ao n\u00e3o pagamento em 2024.<\/strong><\/p>\n\n\n\n<p><strong>Por g1<\/strong><\/p>\n\n\n\n<figure class=\"wp-block-image aligncenter size-full is-resized\"><a href=\"https:\/\/i0.wp.com\/blogdoeloiltoncajuhy.com.br\/site\/wp-content\/uploads\/2024\/04\/Enem-Foto-Divulgacao-Depositphotos.png?ssl=1\"><img data-recalc-dims=\"1\" fetchpriority=\"high\" decoding=\"async\" width=\"800\" height=\"539\" src=\"https:\/\/i0.wp.com\/blogdoeloiltoncajuhy.com.br\/site\/wp-content\/uploads\/2024\/04\/Enem-Foto-Divulgacao-Depositphotos.png?resize=800%2C539&#038;ssl=1\" alt=\"\" class=\"wp-image-80268\" style=\"width:700px;height:auto\" srcset=\"https:\/\/i0.wp.com\/blogdoeloiltoncajuhy.com.br\/site\/wp-content\/uploads\/2024\/04\/Enem-Foto-Divulgacao-Depositphotos.png?w=819&amp;ssl=1 819w, https:\/\/i0.wp.com\/blogdoeloiltoncajuhy.com.br\/site\/wp-content\/uploads\/2024\/04\/Enem-Foto-Divulgacao-Depositphotos.png?resize=300%2C202&amp;ssl=1 300w, https:\/\/i0.wp.com\/blogdoeloiltoncajuhy.com.br\/site\/wp-content\/uploads\/2024\/04\/Enem-Foto-Divulgacao-Depositphotos.png?resize=768%2C518&amp;ssl=1 768w\" sizes=\"(max-width: 800px) 100vw, 800px\" \/><\/a><figcaption class=\"wp-element-caption\"><sub>Pedidos de isen\u00e7\u00e3o para o Enem 2924 devem ser feitos at\u00e9 26 de abril. Na imagem, participante acessa p\u00e1gina do Enem \u2014 Foto: Divulga\u00e7\u00e3o\/Depositphotos<\/sub><\/figcaption><\/figure>\n\n\n\n<p>Come\u00e7a nesta segunda-feira (15) o prazo para solicitar a isen\u00e7\u00e3o de pagamento da taxa de inscri\u00e7\u00e3o do <a href=\"https:\/\/g1.globo.com\/tudo-sobre\/enem\/\" data-type=\"link\" data-id=\"https:\/\/g1.globo.com\/tudo-sobre\/enem\/\"><strong><mark style=\"background-color:rgba(0, 0, 0, 0)\" class=\"has-inline-color has-vivid-cyan-blue-color\">Exame Nacional do Ensino M\u00e9dio<\/mark><\/strong><\/a> (Enem) 2024. Na edi\u00e7\u00e3o de 2023, o valor da inscri\u00e7\u00e3o foi de R$ 85.<\/p>\n\n\n\n<p>Os pedidos de isen\u00e7\u00e3o devem ser submetidos na P\u00e1gina do Participante (<a href=\"https:\/\/enem.inep.gov.br\/participante\/#!\/\"><strong><mark style=\"background-color:rgba(0, 0, 0, 0)\" class=\"has-inline-color has-vivid-cyan-blue-color\">enem.inep.gov.br\/participante<\/mark><\/strong><\/a>) com o login do gov.br at\u00e9 26 de abril.<\/p>\n\n\n\n<p>Abaixo, confira as respostas para as principais d\u00favidas sobre o benef\u00edcio e sobre o Enem 2024.<\/p>\n\n\n\n<p class=\"has-black-color has-text-color has-link-color wp-elements-36c4227dfa9115a7e052318fefe7cf61\"><strong>Quem tem direito \u00e0 isen\u00e7\u00e3o de taxa?<\/strong><\/p>\n\n\n\n<ul class=\"wp-block-list\">\n<li>Participantes que est\u00e3o no 3\u00ba ano do ensino m\u00e9dio de escolas p\u00fablicas;<\/li>\n\n\n\n<li>alunos que estudaram durante todo o ensino m\u00e9dio na rede p\u00fablica ou como bolsistas integrais da rede privada, desde que tenham renda familiar per capita igual ou inferior a 1,5 sal\u00e1rio m\u00ednimo (R$ 1.980);<\/li>\n\n\n\n<li>cidad\u00e3os em vulnerabilidade social, membros de fam\u00edlia de baixa renda com inscri\u00e7\u00e3o no Cadastro \u00danico para programas sociais do governo federal (Cad\u00danico).<\/li>\n<\/ul>\n\n\n\n<p><\/p>\n\n\n\n<p><strong><mark style=\"background-color:rgba(0, 0, 0, 0)\" class=\"has-inline-color has-black-color\">Como solicitar a isen\u00e7\u00e3o?<\/mark><\/strong> \u00c9 preciso entrar na <a href=\"https:\/\/enem.inep.gov.br\/participante\/#!\/\" data-type=\"link\" data-id=\"https:\/\/enem.inep.gov.br\/participante\/#!\/\"><strong><mark style=\"background-color:rgba(0, 0, 0, 0)\" class=\"has-inline-color has-vivid-cyan-blue-color\">P\u00e1gina do Participante<\/mark><\/strong><\/a> e informar o CPF, a data de nascimento, o e-mail e um n\u00famero de telefone v\u00e1lido.<\/p>\n\n\n\n<p><strong><mark style=\"background-color:rgba(0, 0, 0, 0)\" class=\"has-inline-color has-black-color\">E quem estava isento no Enem 2023, mas n\u00e3o fez a prova?<\/mark><\/strong> Nesse caso, \u00e9 necess\u00e1rio entrar na P\u00e1gina do Participante e justificar a aus\u00eancia (anexando um atestado m\u00e9dico ou um boletim de ocorr\u00eancia, por exemplo). Caso contr\u00e1rio, perder\u00e1 o direito \u00e0 isen\u00e7\u00e3o.<\/p>\n\n\n\n<p><strong><mark style=\"background-color:rgba(0, 0, 0, 0)\" class=\"has-inline-color has-black-color\">Quando saem os resultados da isen\u00e7\u00e3o?<\/mark><\/strong> Em 13 de maio. Caso o pedido seja negado, \u00e9 poss\u00edvel entrar com recurso entre 13 e 17 de maio.<\/p>\n\n\n\n<p><strong><mark style=\"background-color:rgba(0, 0, 0, 0)\" class=\"has-inline-color has-black-color\">Quem conseguir a isen\u00e7\u00e3o precisa se inscrever no Enem?<\/mark><\/strong> Sim. Todos, isentos ou n\u00e3o, dever\u00e3o fazer a inscri\u00e7\u00e3o no Enem 2024, no per\u00edodo que ainda vai ser divulgado pelo Inep.<\/p>\n\n\n\n<p class=\"has-black-color has-text-color has-link-color wp-elements-bed3ce2912bf6d38cd8364ecd1f2d3e8\"><strong>Datas do per\u00edodo de isen\u00e7\u00e3o e justificativa<\/strong><\/p>\n\n\n\n<ul class=\"wp-block-list\">\n<li>15 a 26 de abril: justificativa de aus\u00eancia no Enem 2023 e solicita\u00e7\u00e3o de isen\u00e7\u00e3o do Enem 2024.<\/li>\n\n\n\n<li>13 de maio: resultado da justificativa de aus\u00eancia no Enem 2023 e solicita\u00e7\u00e3o de isen\u00e7\u00e3o do Enem 2024.<\/li>\n\n\n\n<li>13 a 17 de maio: recurso da justificativa de aus\u00eancia no Enem 2023 e solicita\u00e7\u00e3o de isen\u00e7\u00e3o do Enem 2024.<\/li>\n\n\n\n<li>24 de maio: resultado do recurso da justificativa de aus\u00eancia no Enem 2023 e solicita\u00e7\u00e3o de isen\u00e7\u00e3o do Enem 2024.<\/li>\n<\/ul>\n","protected":false},"excerpt":{"rendered":"<p>Candidatos que tiveram isen\u00e7\u00e3o no Enem 2023 e n\u00e3o compareceram nos dias das provas precisam justificar a aus\u00eancia para ter direito ao n\u00e3o pagamento em 2024. Por g1 Come\u00e7a nesta segunda-feira (15) o prazo para solicitar a isen\u00e7\u00e3o de pagamento da taxa de inscri\u00e7\u00e3o do Exame Nacional do Ensino M\u00e9dio (Enem) 2024. Na edi\u00e7\u00e3o de [&hellip;]<\/p>\n","protected":false},"author":2,"featured_media":80268,"comment_status":"open","ping_status":"open","sticky":false,"template":"","format":"standard","meta":{"_acf_changed":false,"_monsterinsights_skip_tracking":false,"_monsterinsights_sitenote_active":false,"_monsterinsights_sitenote_note":"","_monsterinsights_sitenote_category":0,"_jetpack_memberships_contains_paid_content":false,"footnotes":"","jetpack_publicize_message":"","jetpack_publicize_feature_enabled":true,"jetpack_social_post_already_shared":true,"jetpack_social_options":{"image_generator_settings":{"template":"highway","default_image_id":0,"font":"","enabled":false},"version":2}},"categories":[14],"tags":[],"class_list":["post-80267","post","type-post","status-publish","format-standard","has-post-thumbnail","hentry","category-educacao"],"acf":[],"jetpack_publicize_connections":[],"jetpack_featured_media_url":"https:\/\/i0.wp.com\/blogdoeloiltoncajuhy.com.br\/site\/wp-content\/uploads\/2024\/04\/Enem-Foto-Divulgacao-Depositphotos.png?fit=819%2C552&ssl=1","jetpack_sharing_enabled":true,"publishpress_future_workflow_manual_trigger":{"enabledWorkflows":[]},"_links":{"self":[{"href":"https:\/\/blogdoeloiltoncajuhy.com.br\/site\/wp-json\/wp\/v2\/posts\/80267","targetHints":{"allow":["GET"]}}],"collection":[{"href":"https:\/\/blogdoeloiltoncajuhy.com.br\/site\/wp-json\/wp\/v2\/posts"}],"about":[{"href":"https:\/\/blogdoeloiltoncajuhy.com.br\/site\/wp-json\/wp\/v2\/types\/post"}],"author":[{"embeddable":true,"href":"https:\/\/blogdoeloiltoncajuhy.com.br\/site\/wp-json\/wp\/v2\/users\/2"}],"replies":[{"embeddable":true,"href":"https:\/\/blogdoeloiltoncajuhy.com.br\/site\/wp-json\/wp\/v2\/comments?post=80267"}],"version-history":[{"count":1,"href":"https:\/\/blogdoeloiltoncajuhy.com.br\/site\/wp-json\/wp\/v2\/posts\/80267\/revisions"}],"predecessor-version":[{"id":80269,"href":"https:\/\/blogdoeloiltoncajuhy.com.br\/site\/wp-json\/wp\/v2\/posts\/80267\/revisions\/80269"}],"wp:featuredmedia":[{"embeddable":true,"href":"https:\/\/blogdoeloiltoncajuhy.com.br\/site\/wp-json\/wp\/v2\/media\/80268"}],"wp:attachment":[{"href":"https:\/\/blogdoeloiltoncajuhy.com.br\/site\/wp-json\/wp\/v2\/media?parent=80267"}],"wp:term":[{"taxonomy":"category","embeddable":true,"href":"https:\/\/blogdoeloiltoncajuhy.com.br\/site\/wp-json\/wp\/v2\/categories?post=80267"},{"taxonomy":"post_tag","embeddable":true,"href":"https:\/\/blogdoeloiltoncajuhy.com.br\/site\/wp-json\/wp\/v2\/tags?post=80267"}],"curies":[{"name":"wp","href":"https:\/\/api.w.org\/{rel}","templated":true}]}}