{"id":80264,"date":"2024-04-15T07:57:35","date_gmt":"2024-04-15T10:57:35","guid":{"rendered":"https:\/\/blogdoeloiltoncajuhy.com.br\/site\/?p=80264"},"modified":"2024-04-15T07:57:37","modified_gmt":"2024-04-15T10:57:37","slug":"bonfim-associacao-cultural-dos-espadeiros-elege-nova-diretoria","status":"publish","type":"post","link":"https:\/\/blogdoeloiltoncajuhy.com.br\/site\/bonfim-associacao-cultural-dos-espadeiros-elege-nova-diretoria\/","title":{"rendered":"Bonfim: Associa\u00e7\u00e3o Cultural dos Espadeiros elege nova diretoria"},"content":{"rendered":"\n<p><strong>Blog do Eloilton Cajuhy<\/strong><\/p>\n\n\n\n<figure class=\"wp-block-image aligncenter size-full is-resized\"><a href=\"https:\/\/i0.wp.com\/blogdoeloiltoncajuhy.com.br\/site\/wp-content\/uploads\/2024\/04\/Acesb-nova-diretoria_130424_divulgacao.jpg?ssl=1\"><img data-recalc-dims=\"1\" fetchpriority=\"high\" decoding=\"async\" width=\"720\" height=\"700\" src=\"https:\/\/i0.wp.com\/blogdoeloiltoncajuhy.com.br\/site\/wp-content\/uploads\/2024\/04\/Acesb-nova-diretoria_130424_divulgacao.jpg?resize=720%2C700&#038;ssl=1\" alt=\"\" class=\"wp-image-80265\" style=\"width:586px;height:auto\" srcset=\"https:\/\/i0.wp.com\/blogdoeloiltoncajuhy.com.br\/site\/wp-content\/uploads\/2024\/04\/Acesb-nova-diretoria_130424_divulgacao.jpg?w=720&amp;ssl=1 720w, https:\/\/i0.wp.com\/blogdoeloiltoncajuhy.com.br\/site\/wp-content\/uploads\/2024\/04\/Acesb-nova-diretoria_130424_divulgacao.jpg?resize=300%2C292&amp;ssl=1 300w\" sizes=\"(max-width: 720px) 100vw, 720px\" \/><\/a><figcaption class=\"wp-element-caption\"><sub>Foto: Divulga\u00e7\u00e3o\/Acesb<\/sub><\/figcaption><\/figure>\n\n\n\n<p>A Associa\u00e7\u00e3o Cultural dos Espadeiros de Senhor do Bonfim (Acesb) se reuniu no s\u00e1bado (13) para eleger sua nova diretoria para o bi\u00eanio 2024\/2026. Segundo a entidade, a composi\u00e7\u00e3o da nova gest\u00e3o conta com nomes comprometidos com a preserva\u00e7\u00e3o e promo\u00e7\u00e3o das tradi\u00e7\u00f5es culturais bonfinenses.<\/p>\n\n\n\n<p>O comando da institui\u00e7\u00e3o ficar\u00e1 a cargo de Alex Barbosa, eleito presidente, tendo ao seu lado Darlan Valverde como vice-presidente, Hyezza Tavares como secret\u00e1ria de Finan\u00e7as, Hylo Amauri secret\u00e1rio de Cultura e Omar Guimar\u00e3es J\u00fanior secret\u00e1rio de Produ\u00e7\u00e3o. O Conselho Fiscal foi composto por Igo Matos, Mozart N\u00e9ris e Uesley Renato. Ficaram ainda como suplentes Rodrigo Pez\u00e3o, Bruno Cavalcanti e Luan Silva.<\/p>\n\n\n\n<p>Fundada em 2017, a Acesb desempenha um papel crucial na preserva\u00e7\u00e3o e valoriza\u00e7\u00e3o dos festejos juninos de Senhor do Bonfim. O presidente eleito, Alex Barbosa, destaca a import\u00e2ncia de ampliar o di\u00e1logo sobre a Guerra de Espadas com a comunidade, poder p\u00fablico e institui\u00e7\u00f5es, afirmando que a gest\u00e3o ser\u00e1 marcada por buscar solu\u00e7\u00f5es para regulamentar e evitar a criminaliza\u00e7\u00e3o dessa tradi\u00e7\u00e3o cultural.<\/p>\n\n\n\n<p>De acordo com a nova gest\u00e3o, o entendimento da nova diretoria \u00e9 que o di\u00e1logo com diversas esferas de poder \u00e9 essencial para abordar a quest\u00e3o da Guerra de Espadas. Isso inclui o governo municipal, o legislativo municipal, \u00f3rg\u00e3os de seguran\u00e7a p\u00fablica, a comunidade local, associa\u00e7\u00f5es culturais, institui\u00e7\u00f5es de sa\u00fade, o Minist\u00e9rio P\u00fablico e o Poder Judici\u00e1rio, visando encontrar solu\u00e7\u00f5es e estabelecer diretrizes de seguran\u00e7a que possam garantir a realiza\u00e7\u00e3o do evento, ao mesmo tempo em que se preserva essa t\u00e3o importante tradi\u00e7\u00e3o cultural bonfinense.<\/p>\n","protected":false},"excerpt":{"rendered":"<p>Blog do Eloilton Cajuhy A Associa\u00e7\u00e3o Cultural dos Espadeiros de Senhor do Bonfim (Acesb) se reuniu no s\u00e1bado (13) para eleger sua nova diretoria para o bi\u00eanio 2024\/2026. Segundo a entidade, a composi\u00e7\u00e3o da nova gest\u00e3o conta com nomes comprometidos com a preserva\u00e7\u00e3o e promo\u00e7\u00e3o das tradi\u00e7\u00f5es culturais bonfinenses. O comando da institui\u00e7\u00e3o ficar\u00e1 a [&hellip;]<\/p>\n","protected":false},"author":2,"featured_media":80265,"comment_status":"open","ping_status":"open","sticky":false,"template":"","format":"standard","meta":{"_acf_changed":false,"_monsterinsights_skip_tracking":false,"_monsterinsights_sitenote_active":false,"_monsterinsights_sitenote_note":"","_monsterinsights_sitenote_category":0,"_jetpack_memberships_contains_paid_content":false,"footnotes":"","jetpack_publicize_message":"","jetpack_publicize_feature_enabled":true,"jetpack_social_post_already_shared":true,"jetpack_social_options":{"image_generator_settings":{"template":"highway","default_image_id":0,"font":"","enabled":false},"version":2}},"categories":[8],"tags":[],"class_list":["post-80264","post","type-post","status-publish","format-standard","has-post-thumbnail","hentry","category-cultura"],"acf":[],"jetpack_publicize_connections":[],"jetpack_featured_media_url":"https:\/\/i0.wp.com\/blogdoeloiltoncajuhy.com.br\/site\/wp-content\/uploads\/2024\/04\/Acesb-nova-diretoria_130424_divulgacao.jpg?fit=720%2C700&ssl=1","jetpack_sharing_enabled":true,"publishpress_future_workflow_manual_trigger":{"enabledWorkflows":[]},"_links":{"self":[{"href":"https:\/\/blogdoeloiltoncajuhy.com.br\/site\/wp-json\/wp\/v2\/posts\/80264","targetHints":{"allow":["GET"]}}],"collection":[{"href":"https:\/\/blogdoeloiltoncajuhy.com.br\/site\/wp-json\/wp\/v2\/posts"}],"about":[{"href":"https:\/\/blogdoeloiltoncajuhy.com.br\/site\/wp-json\/wp\/v2\/types\/post"}],"author":[{"embeddable":true,"href":"https:\/\/blogdoeloiltoncajuhy.com.br\/site\/wp-json\/wp\/v2\/users\/2"}],"replies":[{"embeddable":true,"href":"https:\/\/blogdoeloiltoncajuhy.com.br\/site\/wp-json\/wp\/v2\/comments?post=80264"}],"version-history":[{"count":1,"href":"https:\/\/blogdoeloiltoncajuhy.com.br\/site\/wp-json\/wp\/v2\/posts\/80264\/revisions"}],"predecessor-version":[{"id":80266,"href":"https:\/\/blogdoeloiltoncajuhy.com.br\/site\/wp-json\/wp\/v2\/posts\/80264\/revisions\/80266"}],"wp:featuredmedia":[{"embeddable":true,"href":"https:\/\/blogdoeloiltoncajuhy.com.br\/site\/wp-json\/wp\/v2\/media\/80265"}],"wp:attachment":[{"href":"https:\/\/blogdoeloiltoncajuhy.com.br\/site\/wp-json\/wp\/v2\/media?parent=80264"}],"wp:term":[{"taxonomy":"category","embeddable":true,"href":"https:\/\/blogdoeloiltoncajuhy.com.br\/site\/wp-json\/wp\/v2\/categories?post=80264"},{"taxonomy":"post_tag","embeddable":true,"href":"https:\/\/blogdoeloiltoncajuhy.com.br\/site\/wp-json\/wp\/v2\/tags?post=80264"}],"curies":[{"name":"wp","href":"https:\/\/api.w.org\/{rel}","templated":true}]}}