{"id":80244,"date":"2024-04-13T09:55:27","date_gmt":"2024-04-13T12:55:27","guid":{"rendered":"https:\/\/blogdoeloiltoncajuhy.com.br\/site\/?p=80244"},"modified":"2024-04-13T09:55:30","modified_gmt":"2024-04-13T12:55:30","slug":"entenda-em-quais-casos-a-saidinha-de-presos-fica-permitida-ou-proibida","status":"publish","type":"post","link":"https:\/\/blogdoeloiltoncajuhy.com.br\/site\/entenda-em-quais-casos-a-saidinha-de-presos-fica-permitida-ou-proibida\/","title":{"rendered":"Entenda em quais casos a saidinha de presos fica permitida ou proibida"},"content":{"rendered":"\n<p class=\"has-medium-font-size\"><strong>Lei que restringe o benef\u00edcio foi sancionada com vetos.<\/strong><\/p>\n\n\n\n<p><strong>Por Ag\u00eancia Brasil<\/strong><\/p>\n\n\n\n<figure class=\"wp-block-image aligncenter size-full is-resized\"><a href=\"https:\/\/i0.wp.com\/blogdoeloiltoncajuhy.com.br\/site\/wp-content\/uploads\/2024\/04\/Presos-saidinha-Creditos-Antonio-Cruz-Agencia-Brasil.jpeg?ssl=1\"><img data-recalc-dims=\"1\" fetchpriority=\"high\" decoding=\"async\" width=\"700\" height=\"419\" src=\"https:\/\/i0.wp.com\/blogdoeloiltoncajuhy.com.br\/site\/wp-content\/uploads\/2024\/04\/Presos-saidinha-Creditos-Antonio-Cruz-Agencia-Brasil.jpeg?resize=700%2C419&#038;ssl=1\" alt=\"\" class=\"wp-image-80245\" style=\"width:837px;height:auto\" srcset=\"https:\/\/i0.wp.com\/blogdoeloiltoncajuhy.com.br\/site\/wp-content\/uploads\/2024\/04\/Presos-saidinha-Creditos-Antonio-Cruz-Agencia-Brasil.jpeg?w=700&amp;ssl=1 700w, https:\/\/i0.wp.com\/blogdoeloiltoncajuhy.com.br\/site\/wp-content\/uploads\/2024\/04\/Presos-saidinha-Creditos-Antonio-Cruz-Agencia-Brasil.jpeg?resize=300%2C180&amp;ssl=1 300w\" sizes=\"(max-width: 700px) 100vw, 700px\" \/><\/a><figcaption class=\"wp-element-caption\"><sub>Cr\u00e9ditos: Antonio Cruz\/Ag\u00eancia Brasil<\/sub><\/figcaption><\/figure>\n\n\n\n<p>O presidente Luiz In\u00e1cio Lula da Silva sancionou com vetos a lei aprovada pelo Congresso para restringir a chamada \u201csaidinha\u201d dos presos em regime semiaberto, que t\u00eam o direito de cinco sa\u00eddas anuais, incluindo para visita a familiares.<\/p>\n\n\n\n<p>No \u00faltimo dia do prazo, Lula decidiu vetar o dispositivo que exclu\u00eda a visita a familiares como um dos motivos para a sa\u00edda tempor\u00e1ria de presos. Tamb\u00e9m foi vetado o trecho que acabava com a possibilidade de sa\u00edda para atividades de ressocializa\u00e7\u00e3o.<\/p>\n\n\n\n<p>Os vetos j\u00e1 haviam sido antecipados pelo ministro da Justi\u00e7a e Seguran\u00e7a P\u00fablica, Ricardo Lewandowski, em an\u00fancio feito na quinta-feira (11). &#8220;N\u00f3s entendemos que a proibi\u00e7\u00e3o de visita \u00e0s fam\u00edlias dos presos que j\u00e1 se encontram no regime semiaberto atenta contra valores fundamentais da Constitui\u00e7\u00e3o, contra o princ\u00edpio da dignidade da pessoa humana\u201d, disse Lewandowski.<\/p>\n\n\n\n<p>O conselho foi acatado por Lula. Outros pontos da nova lei, contudo, foram sancionados pelo presidente. Entre eles, o artigo que veda a sa\u00edda tempor\u00e1ria para os condenados por crimes hediondos e o que prev\u00ea o uso obrigat\u00f3rio de tornozeleira eletr\u00f4nica para quem usufrui do direito da saidinha.<\/p>\n\n\n\n<p>Os vetos de Lula ainda podem ser derrubados pelo Congresso Nacional. O projeto de lei para restringir a sa\u00edda de presos foi aprovado com margem ampla no Senado &#8211; 62 votos favor\u00e1veis e dois contr\u00e1rios. Na C\u00e2mara, o projeto foi aprovado com vota\u00e7\u00e3o simb\u00f3lica, sem registro individual dos votos, tamanho o consenso sobre a mat\u00e9ria.<\/p>\n\n\n\n<p>Enquanto os vetos n\u00e3o s\u00e3o analisados por deputados e senadores, vale a lei da forma como foi sancionada pelo presidente. Com isso, os presos continuam a ter direito de visitar a fam\u00edlia em feriados, em sa\u00eddas tempor\u00e1rias de sete dias.<\/p>\n\n\n\n<p>O direito \u00e0s sa\u00eddas tempor\u00e1rias existe desde 1984, quando foi sancionada a Lei de Execu\u00e7\u00f5es Penais. Em entrevista \u00e0 Ag\u00eancia Brasil, especialistas do tema avaliam que a extin\u00e7\u00e3o da saidinha n\u00e3o se configura uma solu\u00e7\u00e3o para queda na criminalidade.<\/p>\n\n\n\n<p class=\"has-black-color has-text-color has-link-color wp-elements-3fe7c53b9bcc5d10214c6376bc6a43c6\"><strong>Entenda como ficou a sa\u00edda tempor\u00e1ria de presos conforme a lei sancionada e publicada no Di\u00e1rio Oficial da Uni\u00e3o (DOU):<\/strong><\/p>\n\n\n\n<ul class=\"wp-block-list\">\n<li>Os presos no semiaberto mant\u00eam o direito a cinco sa\u00eddas anuais de sete dias, que podem ser utilizadas para: &#8211; Visita a familiares, em especial em feriados, como P\u00e1scoa e Natal. &#8211; Participa\u00e7\u00e3o em atividades sociais (ressocializa\u00e7\u00e3o). &#8211; Frequ\u00eancia a curso supletivo profissionalizante, bem como de instru\u00e7\u00e3o do 2\u00ba grau ou superior, na Comarca do Ju\u00edzo da Execu\u00e7\u00e3o;<\/li>\n\n\n\n<li>Os crit\u00e9rios a serem observados s\u00e3o: comportamento adequado na pris\u00e3o; cumprimento m\u00ednimo de 1\/6 da pena, se o condenado for prim\u00e1rio, e 1\/4, se reincidente; e compatibilidade do benef\u00edcio com os objetivos da pena.<\/li>\n\n\n\n<li>Ficam proibidas as sa\u00eddas tempor\u00e1rias para presos no regime semiaberto que tenham cometido crimes hediondos ou com viol\u00eancia ou grave amea\u00e7a, como estupro ou homic\u00eddio.<\/li>\n\n\n\n<li>Passa a ser obrigat\u00f3ria a realiza\u00e7\u00e3o de exame criminol\u00f3gico para que o preso possa progredir do regime fechado para o semiaberto, e assim ter acesso ao direito \u00e0s saidinhas.<\/li>\n\n\n\n<li>Os presos que progridem do regime semiaberto para o aberto devem ser obrigatoriamente monitorados eletronicamente, por meio de tornozeleiras eletr\u00f4nicas.<\/li>\n\n\n\n<li>Conforme regras que j\u00e1 valiam antes, para ter direito ao benef\u00edcio, o preso precisa obter autoriza\u00e7\u00e3o do juiz respons\u00e1vel por sua execu\u00e7\u00e3o penal e parecer positivo do Minist\u00e9rio P\u00fablico e da administra\u00e7\u00e3o prisional.<\/li>\n<\/ul>\n","protected":false},"excerpt":{"rendered":"<p>Lei que restringe o benef\u00edcio foi sancionada com vetos. Por Ag\u00eancia Brasil O presidente Luiz In\u00e1cio Lula da Silva sancionou com vetos a lei aprovada pelo Congresso para restringir a chamada \u201csaidinha\u201d dos presos em regime semiaberto, que t\u00eam o direito de cinco sa\u00eddas anuais, incluindo para visita a familiares. No \u00faltimo dia do prazo, [&hellip;]<\/p>\n","protected":false},"author":2,"featured_media":80245,"comment_status":"open","ping_status":"open","sticky":false,"template":"","format":"standard","meta":{"_acf_changed":false,"_monsterinsights_skip_tracking":false,"_monsterinsights_sitenote_active":false,"_monsterinsights_sitenote_note":"","_monsterinsights_sitenote_category":0,"_jetpack_memberships_contains_paid_content":false,"footnotes":"","jetpack_publicize_message":"","jetpack_publicize_feature_enabled":true,"jetpack_social_post_already_shared":true,"jetpack_social_options":{"image_generator_settings":{"template":"highway","default_image_id":0,"font":"","enabled":false},"version":2}},"categories":[5],"tags":[],"class_list":["post-80244","post","type-post","status-publish","format-standard","has-post-thumbnail","hentry","category-cotidiano"],"acf":[],"jetpack_publicize_connections":[],"jetpack_featured_media_url":"https:\/\/i0.wp.com\/blogdoeloiltoncajuhy.com.br\/site\/wp-content\/uploads\/2024\/04\/Presos-saidinha-Creditos-Antonio-Cruz-Agencia-Brasil.jpeg?fit=700%2C419&ssl=1","jetpack_sharing_enabled":true,"publishpress_future_workflow_manual_trigger":{"enabledWorkflows":[]},"_links":{"self":[{"href":"https:\/\/blogdoeloiltoncajuhy.com.br\/site\/wp-json\/wp\/v2\/posts\/80244","targetHints":{"allow":["GET"]}}],"collection":[{"href":"https:\/\/blogdoeloiltoncajuhy.com.br\/site\/wp-json\/wp\/v2\/posts"}],"about":[{"href":"https:\/\/blogdoeloiltoncajuhy.com.br\/site\/wp-json\/wp\/v2\/types\/post"}],"author":[{"embeddable":true,"href":"https:\/\/blogdoeloiltoncajuhy.com.br\/site\/wp-json\/wp\/v2\/users\/2"}],"replies":[{"embeddable":true,"href":"https:\/\/blogdoeloiltoncajuhy.com.br\/site\/wp-json\/wp\/v2\/comments?post=80244"}],"version-history":[{"count":1,"href":"https:\/\/blogdoeloiltoncajuhy.com.br\/site\/wp-json\/wp\/v2\/posts\/80244\/revisions"}],"predecessor-version":[{"id":80246,"href":"https:\/\/blogdoeloiltoncajuhy.com.br\/site\/wp-json\/wp\/v2\/posts\/80244\/revisions\/80246"}],"wp:featuredmedia":[{"embeddable":true,"href":"https:\/\/blogdoeloiltoncajuhy.com.br\/site\/wp-json\/wp\/v2\/media\/80245"}],"wp:attachment":[{"href":"https:\/\/blogdoeloiltoncajuhy.com.br\/site\/wp-json\/wp\/v2\/media?parent=80244"}],"wp:term":[{"taxonomy":"category","embeddable":true,"href":"https:\/\/blogdoeloiltoncajuhy.com.br\/site\/wp-json\/wp\/v2\/categories?post=80244"},{"taxonomy":"post_tag","embeddable":true,"href":"https:\/\/blogdoeloiltoncajuhy.com.br\/site\/wp-json\/wp\/v2\/tags?post=80244"}],"curies":[{"name":"wp","href":"https:\/\/api.w.org\/{rel}","templated":true}]}}