{"id":80239,"date":"2024-04-13T08:55:50","date_gmt":"2024-04-13T11:55:50","guid":{"rendered":"https:\/\/blogdoeloiltoncajuhy.com.br\/site\/?p=80239"},"modified":"2024-04-13T08:55:52","modified_gmt":"2024-04-13T11:55:52","slug":"concurso-publico-do-exercito-tem-mais-de-200-vagas","status":"publish","type":"post","link":"https:\/\/blogdoeloiltoncajuhy.com.br\/site\/concurso-publico-do-exercito-tem-mais-de-200-vagas\/","title":{"rendered":"Concurso p\u00fablico do Ex\u00e9rcito tem mais de 200 vagas"},"content":{"rendered":"\n<p><strong>Catraca Livre<\/strong><\/p>\n\n\n\n<figure class=\"wp-block-image aligncenter size-full\"><a href=\"https:\/\/i0.wp.com\/blogdoeloiltoncajuhy.com.br\/site\/wp-content\/uploads\/2024\/04\/Concursos-Cursos-Creditos-iStotock.jpg?ssl=1\"><img data-recalc-dims=\"1\" fetchpriority=\"high\" decoding=\"async\" width=\"768\" height=\"512\" src=\"https:\/\/i0.wp.com\/blogdoeloiltoncajuhy.com.br\/site\/wp-content\/uploads\/2024\/04\/Concursos-Cursos-Creditos-iStotock.jpg?resize=768%2C512&#038;ssl=1\" alt=\"\" class=\"wp-image-80240\" srcset=\"https:\/\/i0.wp.com\/blogdoeloiltoncajuhy.com.br\/site\/wp-content\/uploads\/2024\/04\/Concursos-Cursos-Creditos-iStotock.jpg?w=768&amp;ssl=1 768w, https:\/\/i0.wp.com\/blogdoeloiltoncajuhy.com.br\/site\/wp-content\/uploads\/2024\/04\/Concursos-Cursos-Creditos-iStotock.jpg?resize=300%2C200&amp;ssl=1 300w\" sizes=\"(max-width: 768px) 100vw, 768px\" \/><\/a><figcaption class=\"wp-element-caption\"><sub>Cr\u00e9ditos: iStock<\/sub><\/figcaption><\/figure>\n\n\n\n<p>A Escola de Sa\u00fade e Forma\u00e7\u00e3o Complementar do Ex\u00e9rcito (EsFCEx) anuncia dois editais para admiss\u00e3o aos Cursos de Forma\u00e7\u00e3o de Oficiais 2024. O concurso p\u00fablico oferece 210 vagas imediatas para profissionais de n\u00edvel superior em diferentes \u00e1reas de atua\u00e7\u00e3o.<\/p>\n\n\n\n<p>O primeiro edital de concurso p\u00fablico oferece tr\u00eas vagas para o Quadro de Capel\u00e3es, sendo duas de Padre Cat\u00f3lico e uma de Pastor Evang\u00e9lico. Os candidatos a essas fun\u00e7\u00f5es devem comprovar, pelo menos, tr\u00eas anos de atividades pastorais.<\/p>\n\n\n\n<p>H\u00e1 ainda outras 44 vagas para o Quadro de Oficiais, com forma\u00e7\u00e3o de n\u00edvel superior nas \u00e1reas de:<\/p>\n\n\n\n<ul class=\"wp-block-list\">\n<li>Administra\u00e7\u00e3o;<\/li>\n\n\n\n<li>Ci\u00eancias Cont\u00e1beis;<\/li>\n\n\n\n<li>Comunica\u00e7\u00e3o Social (Jornalismo);<\/li>\n\n\n\n<li>Direito;<\/li>\n\n\n\n<li>Enfermagem;<\/li>\n\n\n\n<li>Estat\u00edstica;<\/li>\n\n\n\n<li>Inform\u00e1tica;<\/li>\n\n\n\n<li>Pedagogia;<\/li>\n\n\n\n<li>Veterin\u00e1ria;<\/li>\n\n\n\n<li>Magist\u00e9rio Biologia;<\/li>\n\n\n\n<li>Magist\u00e9rio Espanhol;<\/li>\n\n\n\n<li>Magist\u00e9rio Geografia;<\/li>\n\n\n\n<li>Magist\u00e9rio Hist\u00f3ria;<\/li>\n\n\n\n<li>Magist\u00e9rio Ingl\u00eas;<\/li>\n\n\n\n<li>Magist\u00e9rio Matem\u00e1tica;<\/li>\n\n\n\n<li>Magist\u00e9rio Portugu\u00eas;<\/li>\n\n\n\n<li>Magist\u00e9rio Qu\u00edmica;<\/li>\n\n\n\n<li>Magist\u00e9rio F\u00edsica.<\/li>\n<\/ul>\n\n\n\n<p><\/p>\n\n\n\n<p>J\u00e1 o segundo edital do concurso oferece 162 vagas para o Quadro de Oficiais em Servi\u00e7o de Sa\u00fade. As oportunidades est\u00e3o divididas assim:<\/p>\n\n\n\n<ul class=\"wp-block-list\">\n<li>M\u00e9dico sem especialidade: 41 vagas;<\/li>\n\n\n\n<li>M\u00e9dico Especialista: 111 vagas (Anestesiologia, Cancerologia\/Oncologia, Cardiologia, Cardiologia Intervencionista \u2013 Hemodin\u00e2mica, Cirurgia de Cabe\u00e7a e Pesco\u00e7o, Cirurgia Geral, Cirurgia de M\u00e3o, Cirurgia Pedi\u00e1trica, Cirurgia Pl\u00e1stica, Cirurgia Tor\u00e1cica, Cirurgia Vascular, Cl\u00ednica M\u00e9dica, Dermatologia, Endocrinologia, Endoscopia Digestiva, Geriatria, Ginecologia e Obstetr\u00edcia, Hematologia e Hemoterapia, Infectologia, Mastologia, Medicina da Fam\u00edlia \u2013 Sa\u00fade da Fam\u00edlia, Medicina Intensiva, Medicina Intensiva Pedi\u00e1trica, Nefrologia, Neonatalogia, Neurocirurgia, Neurologia, Oftalmologia, Ortopedia e Traumatologia, Otorrinolaringologia, Patologia, Pediatria, Pneumologia, Proctologia, Psiquiatria, Radiologia, Reumatologia, Urologia);<\/li>\n\n\n\n<li>Farmac\u00eautico: 5 vagas;<\/li>\n\n\n\n<li>Dentista: 6 vagas (Cirurgia e Traumatologia Bucomaxilofacial, Dent\u00edstica Restauradora, Ortodontia e Ortopedia Facial, Periodontia, Pr\u00f3tese Dental).<\/li>\n<\/ul>\n\n\n\n<p><\/p>\n\n\n\n<p>As inscri\u00e7\u00f5es devem ser realizadas atrav\u00e9s do site oficial at\u00e9 as 15h do dia 14 de junho de 2024. A taxa tem o valor de R$ 150,00.<\/p>\n","protected":false},"excerpt":{"rendered":"<p>Catraca Livre A Escola de Sa\u00fade e Forma\u00e7\u00e3o Complementar do Ex\u00e9rcito (EsFCEx) anuncia dois editais para admiss\u00e3o aos Cursos de Forma\u00e7\u00e3o de Oficiais 2024. O concurso p\u00fablico oferece 210 vagas imediatas para profissionais de n\u00edvel superior em diferentes \u00e1reas de atua\u00e7\u00e3o. O primeiro edital de concurso p\u00fablico oferece tr\u00eas vagas para o Quadro de Capel\u00e3es, [&hellip;]<\/p>\n","protected":false},"author":2,"featured_media":80240,"comment_status":"open","ping_status":"open","sticky":false,"template":"","format":"standard","meta":{"_acf_changed":false,"_monsterinsights_skip_tracking":false,"_monsterinsights_sitenote_active":false,"_monsterinsights_sitenote_note":"","_monsterinsights_sitenote_category":0,"_jetpack_memberships_contains_paid_content":false,"footnotes":"","jetpack_publicize_message":"","jetpack_publicize_feature_enabled":true,"jetpack_social_post_already_shared":true,"jetpack_social_options":{"image_generator_settings":{"template":"highway","default_image_id":0,"font":"","enabled":false},"version":2}},"categories":[32],"tags":[],"class_list":["post-80239","post","type-post","status-publish","format-standard","has-post-thumbnail","hentry","category-emprego"],"acf":[],"jetpack_publicize_connections":[],"jetpack_featured_media_url":"https:\/\/i0.wp.com\/blogdoeloiltoncajuhy.com.br\/site\/wp-content\/uploads\/2024\/04\/Concursos-Cursos-Creditos-iStotock.jpg?fit=768%2C512&ssl=1","jetpack_sharing_enabled":true,"publishpress_future_workflow_manual_trigger":{"enabledWorkflows":[]},"_links":{"self":[{"href":"https:\/\/blogdoeloiltoncajuhy.com.br\/site\/wp-json\/wp\/v2\/posts\/80239","targetHints":{"allow":["GET"]}}],"collection":[{"href":"https:\/\/blogdoeloiltoncajuhy.com.br\/site\/wp-json\/wp\/v2\/posts"}],"about":[{"href":"https:\/\/blogdoeloiltoncajuhy.com.br\/site\/wp-json\/wp\/v2\/types\/post"}],"author":[{"embeddable":true,"href":"https:\/\/blogdoeloiltoncajuhy.com.br\/site\/wp-json\/wp\/v2\/users\/2"}],"replies":[{"embeddable":true,"href":"https:\/\/blogdoeloiltoncajuhy.com.br\/site\/wp-json\/wp\/v2\/comments?post=80239"}],"version-history":[{"count":1,"href":"https:\/\/blogdoeloiltoncajuhy.com.br\/site\/wp-json\/wp\/v2\/posts\/80239\/revisions"}],"predecessor-version":[{"id":80241,"href":"https:\/\/blogdoeloiltoncajuhy.com.br\/site\/wp-json\/wp\/v2\/posts\/80239\/revisions\/80241"}],"wp:featuredmedia":[{"embeddable":true,"href":"https:\/\/blogdoeloiltoncajuhy.com.br\/site\/wp-json\/wp\/v2\/media\/80240"}],"wp:attachment":[{"href":"https:\/\/blogdoeloiltoncajuhy.com.br\/site\/wp-json\/wp\/v2\/media?parent=80239"}],"wp:term":[{"taxonomy":"category","embeddable":true,"href":"https:\/\/blogdoeloiltoncajuhy.com.br\/site\/wp-json\/wp\/v2\/categories?post=80239"},{"taxonomy":"post_tag","embeddable":true,"href":"https:\/\/blogdoeloiltoncajuhy.com.br\/site\/wp-json\/wp\/v2\/tags?post=80239"}],"curies":[{"name":"wp","href":"https:\/\/api.w.org\/{rel}","templated":true}]}}