{"id":80213,"date":"2024-04-11T15:44:30","date_gmt":"2024-04-11T18:44:30","guid":{"rendered":"https:\/\/blogdoeloiltoncajuhy.com.br\/site\/?p=80213"},"modified":"2024-04-11T16:03:35","modified_gmt":"2024-04-11T19:03:35","slug":"vitimas-que-morreram-apos-onibus-de-turismo-do-rio-de-janeiro-tombar-na-bahia-sao-identificadas","status":"publish","type":"post","link":"https:\/\/blogdoeloiltoncajuhy.com.br\/site\/vitimas-que-morreram-apos-onibus-de-turismo-do-rio-de-janeiro-tombar-na-bahia-sao-identificadas\/","title":{"rendered":"V\u00edtimas que morreram ap\u00f3s \u00f4nibus de turismo do Rio de Janeiro tombar na Bahia s\u00e3o identificadas"},"content":{"rendered":"\n<p class=\"has-medium-font-size\"><strong>Nomes de 8 das 9 pessoas que n\u00e3o resistiram foram divulgados pelo Departamento de Pol\u00edcia T\u00e9cnica. Acidente aconteceu nesta quinta-feira (11), na BR-101, no trecho da cidade de Teixeira de Freitas.<\/strong><\/p>\n\n\n\n<p><strong>Por g1 BA e TV Santa Cruz<\/strong><\/p>\n\n\n\n<figure class=\"wp-block-image aligncenter size-full\"><a href=\"https:\/\/i0.wp.com\/blogdoeloiltoncajuhy.com.br\/site\/wp-content\/uploads\/2024\/04\/Veiculo-tinha-Porto-Seguro-como-destino-%E2%80%94-Foto-Lenio-Cidreira-Liberdade-News.jpeg?ssl=1\"><img data-recalc-dims=\"1\" fetchpriority=\"high\" decoding=\"async\" width=\"700\" height=\"315\" src=\"https:\/\/i0.wp.com\/blogdoeloiltoncajuhy.com.br\/site\/wp-content\/uploads\/2024\/04\/Veiculo-tinha-Porto-Seguro-como-destino-%E2%80%94-Foto-Lenio-Cidreira-Liberdade-News.jpeg?resize=700%2C315&#038;ssl=1\" alt=\"\" class=\"wp-image-80214\" srcset=\"https:\/\/i0.wp.com\/blogdoeloiltoncajuhy.com.br\/site\/wp-content\/uploads\/2024\/04\/Veiculo-tinha-Porto-Seguro-como-destino-%E2%80%94-Foto-Lenio-Cidreira-Liberdade-News.jpeg?w=700&amp;ssl=1 700w, https:\/\/i0.wp.com\/blogdoeloiltoncajuhy.com.br\/site\/wp-content\/uploads\/2024\/04\/Veiculo-tinha-Porto-Seguro-como-destino-%E2%80%94-Foto-Lenio-Cidreira-Liberdade-News.jpeg?resize=300%2C135&amp;ssl=1 300w\" sizes=\"(max-width: 700px) 100vw, 700px\" \/><\/a><figcaption class=\"wp-element-caption\"><sub>Ve\u00edculo tinha como Porto Seguro como destino \u2014 Foto: L\u00eanio Cidreira \/ Liberdade News<\/sub><\/figcaption><\/figure>\n\n\n\n<p>Oito das nove v\u00edtimas que morreram ap\u00f3s um \u00f4nibus de turismo tombar na manh\u00e3 desta quinta-feira (11), na BR-101, no trecho da cidade de Teixeira de Freitas, no extremo sul da Bahia, tiveram os nomes divulgados pelo Departamento de Pol\u00edcia T\u00e9cnica (DPT) do munic\u00edpio. <strong>Veja abaixo:<\/strong><\/p>\n\n\n\n<p>1. Cl\u00e9a da Concei\u00e7\u00e3o Faria;<br>2. Concei\u00e7\u00e3o Maria dos Santos Rangel;<br>3. Gl\u00f3ria Regina do Nascimento Cunha;<br>4. Irapu\u00e3 de Azevedo;<br>5. Maria Jos\u00e9 Nicomedes Sinfr\u00f4nio;<br>6. Regina Maura Feitosa;<br>7. Valter Nery;<br>8. Ronaldo do Esp\u00edrito Santo de Oliveira.<\/p>\n\n\n\n<p>Segundo a Pol\u00edcia Rodovi\u00e1ria Federal (PRF), o acidente aconteceu no km 885 da rodovia, por volta das 4h30, no sentido do distrito de Posto da Mata, e 23 pessoas ficaram feridas.<\/p>\n\n\n\n<figure class=\"wp-block-image aligncenter size-full\"><a href=\"https:\/\/i0.wp.com\/blogdoeloiltoncajuhy.com.br\/site\/wp-content\/uploads\/2024\/04\/Acidente-aconteceu-por-volta-das-4h30-em-trecho-de-Teixeira-de-Freitas-%E2%80%94-Foto-Lenio-Cidreira-Liberdade-News.jpeg?ssl=1\"><img data-recalc-dims=\"1\" decoding=\"async\" width=\"700\" height=\"315\" src=\"https:\/\/i0.wp.com\/blogdoeloiltoncajuhy.com.br\/site\/wp-content\/uploads\/2024\/04\/Acidente-aconteceu-por-volta-das-4h30-em-trecho-de-Teixeira-de-Freitas-%E2%80%94-Foto-Lenio-Cidreira-Liberdade-News.jpeg?resize=700%2C315&#038;ssl=1\" alt=\"\" class=\"wp-image-80215\" srcset=\"https:\/\/i0.wp.com\/blogdoeloiltoncajuhy.com.br\/site\/wp-content\/uploads\/2024\/04\/Acidente-aconteceu-por-volta-das-4h30-em-trecho-de-Teixeira-de-Freitas-%E2%80%94-Foto-Lenio-Cidreira-Liberdade-News.jpeg?w=700&amp;ssl=1 700w, https:\/\/i0.wp.com\/blogdoeloiltoncajuhy.com.br\/site\/wp-content\/uploads\/2024\/04\/Acidente-aconteceu-por-volta-das-4h30-em-trecho-de-Teixeira-de-Freitas-%E2%80%94-Foto-Lenio-Cidreira-Liberdade-News.jpeg?resize=300%2C135&amp;ssl=1 300w\" sizes=\"(max-width: 700px) 100vw, 700px\" \/><\/a><figcaption class=\"wp-element-caption\"><sub>Acidente aconteceu por volta das 4h30, em trecho de Teixeira de Freitas \u2014 Foto: L\u00eanio Cidreira\/ Liberdade News<\/sub><\/figcaption><\/figure>\n\n\n\n<p>O ve\u00edculo saiu do Rio de Janeiro, e o destino era Porto Seguro, tamb\u00e9m no extremo sul baiano. O trajeto completo entre as duas cidades \u00e9 de cerca de 1.100 quil\u00f4metros.<\/p>\n\n\n\n<p>As v\u00edtimas feridas foram levadas pelo Servi\u00e7o de Atendimento M\u00f3vel de Urg\u00eancia (Samu) para o Hospital Municipal de Teixeira de Freitas. N\u00e3o h\u00e1 detalhes sobre o estado de sa\u00fade delas.<\/p>\n\n\n\n<p>Informa\u00e7\u00f5es iniciais passadas pela PRF apontam que 34 pessoas estavam no \u00f4nibus. Oito passageiros morreram no local e 24 ficaram feridos. Os dois motoristas n\u00e3o tiveram ferimentos. Por volta das 9h30, a morte da nona v\u00edtima foi confirmada. Ela estava no Hospital Municipal de Teixeira de Freitas e n\u00e3o resistiu aos ferimentos ap\u00f3s uma cirurgia.<\/p>\n\n\n\n<figure class=\"wp-block-image aligncenter size-full\"><a href=\"https:\/\/i0.wp.com\/blogdoeloiltoncajuhy.com.br\/site\/wp-content\/uploads\/2024\/04\/Vitimas-feridas-foram-socorridas-%E2%80%94-Foto-Lenio-Cidreira-Liberdade-News.jpeg?ssl=1\"><img data-recalc-dims=\"1\" decoding=\"async\" width=\"700\" height=\"315\" src=\"https:\/\/i0.wp.com\/blogdoeloiltoncajuhy.com.br\/site\/wp-content\/uploads\/2024\/04\/Vitimas-feridas-foram-socorridas-%E2%80%94-Foto-Lenio-Cidreira-Liberdade-News.jpeg?resize=700%2C315&#038;ssl=1\" alt=\"\" class=\"wp-image-80216\" srcset=\"https:\/\/i0.wp.com\/blogdoeloiltoncajuhy.com.br\/site\/wp-content\/uploads\/2024\/04\/Vitimas-feridas-foram-socorridas-%E2%80%94-Foto-Lenio-Cidreira-Liberdade-News.jpeg?w=700&amp;ssl=1 700w, https:\/\/i0.wp.com\/blogdoeloiltoncajuhy.com.br\/site\/wp-content\/uploads\/2024\/04\/Vitimas-feridas-foram-socorridas-%E2%80%94-Foto-Lenio-Cidreira-Liberdade-News.jpeg?resize=300%2C135&amp;ssl=1 300w\" sizes=\"(max-width: 700px) 100vw, 700px\" \/><\/a><figcaption class=\"wp-element-caption\"><sub>V\u00edtimas feridas foram socorridas e levadas para o Hospital Municipal de Teixeira de Freitas \u2014 Foto: L\u00eanio Cidreira \/ Liberdade News<\/sub><\/figcaption><\/figure>\n\n\n\n<p>O \u00f4nibus da empresa RM Viagens e Turismo saiu do bairro da Penha, Zona Norte do Rio, \u00e0s 13h de quarta-feira (10) e tinha previs\u00e3o de chegar em Porto Seguro \u00e0s 9h desta quinta.<\/p>\n\n\n\n<p>Ao programa Encontro, da TV Globo, V\u00e2nia Mathias de Jesus, uma das passageiras, disse que acredita que o motorista do \u00f4nibus perdeu o controle da dire\u00e7\u00e3o do ve\u00edculo ap\u00f3s ser atrapalhado pelo farol de um caminh\u00e3o. No entanto, a causa do acidente segue em investiga\u00e7\u00e3o pela Pol\u00edcia Rodovi\u00e1ria Federal e Pol\u00edcia Civil.<\/p>\n","protected":false},"excerpt":{"rendered":"<p>Nomes de 8 das 9 pessoas que n\u00e3o resistiram foram divulgados pelo Departamento de Pol\u00edcia T\u00e9cnica. Acidente aconteceu nesta quinta-feira (11), na BR-101, no trecho da cidade de Teixeira de Freitas. Por g1 BA e TV Santa Cruz Oito das nove v\u00edtimas que morreram ap\u00f3s um \u00f4nibus de turismo tombar na manh\u00e3 desta quinta-feira (11), [&hellip;]<\/p>\n","protected":false},"author":2,"featured_media":80216,"comment_status":"open","ping_status":"open","sticky":false,"template":"","format":"standard","meta":{"_acf_changed":false,"_monsterinsights_skip_tracking":false,"_monsterinsights_sitenote_active":false,"_monsterinsights_sitenote_note":"","_monsterinsights_sitenote_category":0,"_jetpack_memberships_contains_paid_content":false,"footnotes":"","jetpack_publicize_message":"","jetpack_publicize_feature_enabled":true,"jetpack_social_post_already_shared":true,"jetpack_social_options":{"image_generator_settings":{"template":"highway","default_image_id":0,"font":"","enabled":false},"version":2}},"categories":[15],"tags":[],"class_list":["post-80213","post","type-post","status-publish","format-standard","has-post-thumbnail","hentry","category-policia"],"acf":[],"jetpack_publicize_connections":[],"jetpack_featured_media_url":"https:\/\/i0.wp.com\/blogdoeloiltoncajuhy.com.br\/site\/wp-content\/uploads\/2024\/04\/Vitimas-feridas-foram-socorridas-%E2%80%94-Foto-Lenio-Cidreira-Liberdade-News.jpeg?fit=700%2C315&ssl=1","jetpack_sharing_enabled":true,"publishpress_future_workflow_manual_trigger":{"enabledWorkflows":[]},"_links":{"self":[{"href":"https:\/\/blogdoeloiltoncajuhy.com.br\/site\/wp-json\/wp\/v2\/posts\/80213","targetHints":{"allow":["GET"]}}],"collection":[{"href":"https:\/\/blogdoeloiltoncajuhy.com.br\/site\/wp-json\/wp\/v2\/posts"}],"about":[{"href":"https:\/\/blogdoeloiltoncajuhy.com.br\/site\/wp-json\/wp\/v2\/types\/post"}],"author":[{"embeddable":true,"href":"https:\/\/blogdoeloiltoncajuhy.com.br\/site\/wp-json\/wp\/v2\/users\/2"}],"replies":[{"embeddable":true,"href":"https:\/\/blogdoeloiltoncajuhy.com.br\/site\/wp-json\/wp\/v2\/comments?post=80213"}],"version-history":[{"count":2,"href":"https:\/\/blogdoeloiltoncajuhy.com.br\/site\/wp-json\/wp\/v2\/posts\/80213\/revisions"}],"predecessor-version":[{"id":80219,"href":"https:\/\/blogdoeloiltoncajuhy.com.br\/site\/wp-json\/wp\/v2\/posts\/80213\/revisions\/80219"}],"wp:featuredmedia":[{"embeddable":true,"href":"https:\/\/blogdoeloiltoncajuhy.com.br\/site\/wp-json\/wp\/v2\/media\/80216"}],"wp:attachment":[{"href":"https:\/\/blogdoeloiltoncajuhy.com.br\/site\/wp-json\/wp\/v2\/media?parent=80213"}],"wp:term":[{"taxonomy":"category","embeddable":true,"href":"https:\/\/blogdoeloiltoncajuhy.com.br\/site\/wp-json\/wp\/v2\/categories?post=80213"},{"taxonomy":"post_tag","embeddable":true,"href":"https:\/\/blogdoeloiltoncajuhy.com.br\/site\/wp-json\/wp\/v2\/tags?post=80213"}],"curies":[{"name":"wp","href":"https:\/\/api.w.org\/{rel}","templated":true}]}}