{"id":80211,"date":"2024-04-11T09:04:30","date_gmt":"2024-04-11T12:04:30","guid":{"rendered":"https:\/\/blogdoeloiltoncajuhy.com.br\/site\/?p=80211"},"modified":"2024-04-11T09:04:32","modified_gmt":"2024-04-11T12:04:32","slug":"associacao-dos-espadeiros-realiza-eleicao-para-nova-diretoria-em-senhor-do-bonfim","status":"publish","type":"post","link":"https:\/\/blogdoeloiltoncajuhy.com.br\/site\/associacao-dos-espadeiros-realiza-eleicao-para-nova-diretoria-em-senhor-do-bonfim\/","title":{"rendered":"Associa\u00e7\u00e3o dos Espadeiros realiza elei\u00e7\u00e3o para nova diretoria em Senhor do Bonfim"},"content":{"rendered":"\n<p class=\"has-medium-font-size\"><strong>Elei\u00e7\u00e3o da ACESB: Fortalecendo a Cultura de Senhor do Bonfim para os pr\u00f3ximos dois anos.<\/strong><\/p>\n\n\n\n<p><strong>Blog do Eloilton Cajuhy<\/strong><\/p>\n\n\n\n<figure class=\"wp-block-image aligncenter size-full is-resized\"><a href=\"https:\/\/i0.wp.com\/blogdoeloiltoncajuhy.com.br\/site\/wp-content\/uploads\/2017\/04\/guerra-de-espadas_1-e1493133841666.jpg\"><img data-recalc-dims=\"1\" fetchpriority=\"high\" decoding=\"async\" width=\"460\" height=\"301\" src=\"https:\/\/i0.wp.com\/blogdoeloiltoncajuhy.com.br\/site\/wp-content\/uploads\/2017\/04\/guerra-de-espadas_1-e1493133841666.jpg?resize=460%2C301\" alt=\"\" class=\"wp-image-17010\" style=\"width:552px;height:auto\"\/><\/a><figcaption class=\"wp-element-caption\"><sub>Reprodu\u00e7\u00e3o<\/sub><\/figcaption><\/figure>\n\n\n\n<p>No pr\u00f3ximo s\u00e1bado, dia 13 de abril, a Associa\u00e7\u00e3o Cultural dos Espadeiros de Senhor do Bonfim (ACESB) estar\u00e1 promovendo a elei\u00e7\u00e3o que determinar\u00e1 a nova diretoria da entidade para o bi\u00eanio 2024\/2026. O evento ter\u00e1 in\u00edcio \u00e0s 15h e ser\u00e1 realizado no Leste Coletivo, situado na Rua Francisco Vital, n\u00ba 43, Centro, em frente \u00e0 Pra\u00e7a do Acaraj\u00e9.<\/p>\n\n\n\n<p>Fundada em 2017, a ACESB \u00e9 uma organiza\u00e7\u00e3o privada e sem fins lucrativos dedicada \u00e0 preserva\u00e7\u00e3o, defesa e promo\u00e7\u00e3o das pol\u00edticas culturais, com especial aten\u00e7\u00e3o aos festejos juninos de Senhor do Bonfim.<\/p>\n\n\n\n<p>A participa\u00e7\u00e3o dos associados \u00e9 fundamental para assegurar uma gest\u00e3o representativa e alinhada aos interesses da comunidade bonfinense. Este \u00e9 um momento prop\u00edcio para todos contribu\u00edrem com ideias e sugest\u00f5es para fortalecer ainda mais a cultura local.<\/p>\n\n\n\n<p>Todos os associados est\u00e3o convidados a comparecerem e exercerem seu direito de voto. &#8220;Juntos, podemos continuar fazendo a diferen\u00e7a na preserva\u00e7\u00e3o e valoriza\u00e7\u00e3o da nossa rica tradi\u00e7\u00e3o cultural&#8221;, afirma a ACESB em nota.<\/p>\n\n\n\n<p>A ACESB conta com a participa\u00e7\u00e3o e apoio de todos os interessados em manter viva a ess\u00eancia cultural de Senhor do Bonfim.<\/p>\n","protected":false},"excerpt":{"rendered":"<p>Elei\u00e7\u00e3o da ACESB: Fortalecendo a Cultura de Senhor do Bonfim para os pr\u00f3ximos dois anos. Blog do Eloilton Cajuhy No pr\u00f3ximo s\u00e1bado, dia 13 de abril, a Associa\u00e7\u00e3o Cultural dos Espadeiros de Senhor do Bonfim (ACESB) estar\u00e1 promovendo a elei\u00e7\u00e3o que determinar\u00e1 a nova diretoria da entidade para o bi\u00eanio 2024\/2026. O evento ter\u00e1 in\u00edcio [&hellip;]<\/p>\n","protected":false},"author":2,"featured_media":35118,"comment_status":"open","ping_status":"open","sticky":false,"template":"","format":"standard","meta":{"_acf_changed":false,"_monsterinsights_skip_tracking":false,"_monsterinsights_sitenote_active":false,"_monsterinsights_sitenote_note":"","_monsterinsights_sitenote_category":0,"_jetpack_memberships_contains_paid_content":false,"footnotes":"","jetpack_publicize_message":"","jetpack_publicize_feature_enabled":true,"jetpack_social_post_already_shared":true,"jetpack_social_options":{"image_generator_settings":{"template":"highway","default_image_id":0,"font":"","enabled":false},"version":2}},"categories":[4],"tags":[],"class_list":["post-80211","post","type-post","status-publish","format-standard","has-post-thumbnail","hentry","category-local"],"acf":[],"jetpack_publicize_connections":[],"jetpack_featured_media_url":"https:\/\/i0.wp.com\/blogdoeloiltoncajuhy.com.br\/site\/wp-content\/uploads\/2019\/06\/guerra-de-espadas3-cortada.png?fit=552%2C345&ssl=1","jetpack_sharing_enabled":true,"publishpress_future_workflow_manual_trigger":{"enabledWorkflows":[]},"_links":{"self":[{"href":"https:\/\/blogdoeloiltoncajuhy.com.br\/site\/wp-json\/wp\/v2\/posts\/80211","targetHints":{"allow":["GET"]}}],"collection":[{"href":"https:\/\/blogdoeloiltoncajuhy.com.br\/site\/wp-json\/wp\/v2\/posts"}],"about":[{"href":"https:\/\/blogdoeloiltoncajuhy.com.br\/site\/wp-json\/wp\/v2\/types\/post"}],"author":[{"embeddable":true,"href":"https:\/\/blogdoeloiltoncajuhy.com.br\/site\/wp-json\/wp\/v2\/users\/2"}],"replies":[{"embeddable":true,"href":"https:\/\/blogdoeloiltoncajuhy.com.br\/site\/wp-json\/wp\/v2\/comments?post=80211"}],"version-history":[{"count":1,"href":"https:\/\/blogdoeloiltoncajuhy.com.br\/site\/wp-json\/wp\/v2\/posts\/80211\/revisions"}],"predecessor-version":[{"id":80212,"href":"https:\/\/blogdoeloiltoncajuhy.com.br\/site\/wp-json\/wp\/v2\/posts\/80211\/revisions\/80212"}],"wp:featuredmedia":[{"embeddable":true,"href":"https:\/\/blogdoeloiltoncajuhy.com.br\/site\/wp-json\/wp\/v2\/media\/35118"}],"wp:attachment":[{"href":"https:\/\/blogdoeloiltoncajuhy.com.br\/site\/wp-json\/wp\/v2\/media?parent=80211"}],"wp:term":[{"taxonomy":"category","embeddable":true,"href":"https:\/\/blogdoeloiltoncajuhy.com.br\/site\/wp-json\/wp\/v2\/categories?post=80211"},{"taxonomy":"post_tag","embeddable":true,"href":"https:\/\/blogdoeloiltoncajuhy.com.br\/site\/wp-json\/wp\/v2\/tags?post=80211"}],"curies":[{"name":"wp","href":"https:\/\/api.w.org\/{rel}","templated":true}]}}