{"id":80209,"date":"2024-04-11T08:50:36","date_gmt":"2024-04-11T11:50:36","guid":{"rendered":"https:\/\/blogdoeloiltoncajuhy.com.br\/site\/?p=80209"},"modified":"2024-04-11T08:50:38","modified_gmt":"2024-04-11T11:50:38","slug":"plenaria-do-pt-apresenta-pre-candidatos-para-eleicoes-de-2024-em-senhor-do-bonfim","status":"publish","type":"post","link":"https:\/\/blogdoeloiltoncajuhy.com.br\/site\/plenaria-do-pt-apresenta-pre-candidatos-para-eleicoes-de-2024-em-senhor-do-bonfim\/","title":{"rendered":"Plen\u00e1ria do PT apresenta pr\u00e9-candidatos para elei\u00e7\u00f5es de 2024 em Senhor do Bonfim"},"content":{"rendered":"\n<p class=\"has-medium-font-size\"><strong>A plen\u00e1ria promete ser um evento marcante, onde ideias ser\u00e3o compartilhadas, debates ser\u00e3o travados e esperan\u00e7as ser\u00e3o renovadas.<\/strong><\/p>\n\n\n\n<p><strong>Blog do Eloilton Cajuhy<\/strong><\/p>\n\n\n\n<figure class=\"wp-block-image aligncenter size-full is-resized\"><a href=\"https:\/\/i0.wp.com\/blogdoeloiltoncajuhy.com.br\/site\/wp-content\/uploads\/2019\/02\/PrefeituraBonfimAerea.png\"><img data-recalc-dims=\"1\" fetchpriority=\"high\" decoding=\"async\" width=\"543\" height=\"307\" src=\"https:\/\/i0.wp.com\/blogdoeloiltoncajuhy.com.br\/site\/wp-content\/uploads\/2019\/02\/PrefeituraBonfimAerea.png?resize=543%2C307\" alt=\"\" class=\"wp-image-31961\" style=\"width:663px;height:auto\" srcset=\"https:\/\/i0.wp.com\/blogdoeloiltoncajuhy.com.br\/site\/wp-content\/uploads\/2019\/02\/PrefeituraBonfimAerea.png?w=543&amp;ssl=1 543w, https:\/\/i0.wp.com\/blogdoeloiltoncajuhy.com.br\/site\/wp-content\/uploads\/2019\/02\/PrefeituraBonfimAerea.png?resize=300%2C170&amp;ssl=1 300w, https:\/\/i0.wp.com\/blogdoeloiltoncajuhy.com.br\/site\/wp-content\/uploads\/2019\/02\/PrefeituraBonfimAerea.png?resize=250%2C141&amp;ssl=1 250w\" sizes=\"(max-width: 543px) 100vw, 543px\" \/><\/a><figcaption class=\"wp-element-caption\"><sub>Reprodu\u00e7\u00e3o \/ Redes Sociais<\/sub><\/figcaption><\/figure>\n\n\n\n<p>O Partido dos Trabalhadores (PT) est\u00e1 pronto para apresentar seus pr\u00e9-candidatos em uma emocionante plen\u00e1ria destinada a moldar o futuro de Senhor do Bonfim. Com um convite aberto \u00e0 comunidade, o evento promete revelar os nomes que buscar\u00e3o liderar a cidade rumo a novos horizontes.<\/p>\n\n\n\n<p>Marcado para o dia 15 de abril, \u00e0s 18h30, no Vila Florida, o encontro se tornar\u00e1 um palco para os aspirantes a cargos p\u00fablicos do PT demonstrarem suas vis\u00f5es, compromissos e ideais para uma Senhor do Bonfim pr\u00f3spera e inclusiva.<\/p>\n\n\n\n<p>A plen\u00e1ria, que promete ser um marco no cen\u00e1rio pol\u00edtico local, oferecer\u00e1 aos cidad\u00e3os a oportunidade de conhecer de perto os potenciais representantes do partido e suas propostas para enfrentar os desafios que a cidade enfrenta.<\/p>\n\n\n\n<p>&#8220;Juntos, vamos construir um futuro melhor para nossa cidade&#8221;, enfatiza o convite do PT, destacando o esp\u00edrito colaborativo e inclusivo que permeia a miss\u00e3o do partido em servir \u00e0 comunidade de Senhor do Bonfim.<\/p>\n\n\n\n<p>Com a presen\u00e7a esperada de membros do partido, l\u00edderes comunit\u00e1rios, eleitores e interessados em contribuir para o desenvolvimento local, a plen\u00e1ria promete ser um evento marcante, onde ideias ser\u00e3o compartilhadas, debates ser\u00e3o travados e esperan\u00e7as ser\u00e3o renovadas para uma Senhor do Bonfim grande novamente.<\/p>\n\n\n\n<p>Portanto, todos est\u00e3o convidados a participar deste momento crucial na vida pol\u00edtica da cidade, onde a voz do povo se torna protagonista na escolha de seus representantes para as elei\u00e7\u00f5es de 2024.<\/p>\n","protected":false},"excerpt":{"rendered":"<p>A plen\u00e1ria promete ser um evento marcante, onde ideias ser\u00e3o compartilhadas, debates ser\u00e3o travados e esperan\u00e7as ser\u00e3o renovadas. Blog do Eloilton Cajuhy O Partido dos Trabalhadores (PT) est\u00e1 pronto para apresentar seus pr\u00e9-candidatos em uma emocionante plen\u00e1ria destinada a moldar o futuro de Senhor do Bonfim. Com um convite aberto \u00e0 comunidade, o evento promete [&hellip;]<\/p>\n","protected":false},"author":2,"featured_media":31961,"comment_status":"open","ping_status":"open","sticky":false,"template":"","format":"standard","meta":{"_acf_changed":false,"_monsterinsights_skip_tracking":false,"_monsterinsights_sitenote_active":false,"_monsterinsights_sitenote_note":"","_monsterinsights_sitenote_category":0,"_jetpack_memberships_contains_paid_content":false,"footnotes":"","jetpack_publicize_message":"","jetpack_publicize_feature_enabled":true,"jetpack_social_post_already_shared":true,"jetpack_social_options":{"image_generator_settings":{"template":"highway","default_image_id":0,"font":"","enabled":false},"version":2}},"categories":[3],"tags":[],"class_list":["post-80209","post","type-post","status-publish","format-standard","has-post-thumbnail","hentry","category-politica"],"acf":[],"jetpack_publicize_connections":[],"jetpack_featured_media_url":"https:\/\/i0.wp.com\/blogdoeloiltoncajuhy.com.br\/site\/wp-content\/uploads\/2019\/02\/PrefeituraBonfimAerea.png?fit=543%2C307&ssl=1","jetpack_sharing_enabled":true,"publishpress_future_workflow_manual_trigger":{"enabledWorkflows":[]},"_links":{"self":[{"href":"https:\/\/blogdoeloiltoncajuhy.com.br\/site\/wp-json\/wp\/v2\/posts\/80209","targetHints":{"allow":["GET"]}}],"collection":[{"href":"https:\/\/blogdoeloiltoncajuhy.com.br\/site\/wp-json\/wp\/v2\/posts"}],"about":[{"href":"https:\/\/blogdoeloiltoncajuhy.com.br\/site\/wp-json\/wp\/v2\/types\/post"}],"author":[{"embeddable":true,"href":"https:\/\/blogdoeloiltoncajuhy.com.br\/site\/wp-json\/wp\/v2\/users\/2"}],"replies":[{"embeddable":true,"href":"https:\/\/blogdoeloiltoncajuhy.com.br\/site\/wp-json\/wp\/v2\/comments?post=80209"}],"version-history":[{"count":1,"href":"https:\/\/blogdoeloiltoncajuhy.com.br\/site\/wp-json\/wp\/v2\/posts\/80209\/revisions"}],"predecessor-version":[{"id":80210,"href":"https:\/\/blogdoeloiltoncajuhy.com.br\/site\/wp-json\/wp\/v2\/posts\/80209\/revisions\/80210"}],"wp:featuredmedia":[{"embeddable":true,"href":"https:\/\/blogdoeloiltoncajuhy.com.br\/site\/wp-json\/wp\/v2\/media\/31961"}],"wp:attachment":[{"href":"https:\/\/blogdoeloiltoncajuhy.com.br\/site\/wp-json\/wp\/v2\/media?parent=80209"}],"wp:term":[{"taxonomy":"category","embeddable":true,"href":"https:\/\/blogdoeloiltoncajuhy.com.br\/site\/wp-json\/wp\/v2\/categories?post=80209"},{"taxonomy":"post_tag","embeddable":true,"href":"https:\/\/blogdoeloiltoncajuhy.com.br\/site\/wp-json\/wp\/v2\/tags?post=80209"}],"curies":[{"name":"wp","href":"https:\/\/api.w.org\/{rel}","templated":true}]}}