{"id":80184,"date":"2024-04-09T17:22:20","date_gmt":"2024-04-09T20:22:20","guid":{"rendered":"https:\/\/blogdoeloiltoncajuhy.com.br\/site\/?p=80184"},"modified":"2024-04-09T17:22:23","modified_gmt":"2024-04-09T20:22:23","slug":"senhor-do-bonfim-rodrigo-matias-lanca-pre-candidatura-a-vereador-pelo-avante","status":"publish","type":"post","link":"https:\/\/blogdoeloiltoncajuhy.com.br\/site\/senhor-do-bonfim-rodrigo-matias-lanca-pre-candidatura-a-vereador-pelo-avante\/","title":{"rendered":"Senhor do Bonfim: Rodrigo Matias lan\u00e7a pr\u00e9-candidatura a vereador pelo Avante"},"content":{"rendered":"\n<p class=\"has-medium-font-size\"><strong>Rodrigo busca um novo horizonte na pol\u00edtica de Bonfim.<\/strong><\/p>\n\n\n\n<p><strong>Por Mirielle Cajuhy\/Blog do Eloilton Cajuhy<\/strong><\/p>\n\n\n\n<figure class=\"wp-block-image aligncenter size-full is-resized\"><a href=\"https:\/\/i0.wp.com\/blogdoeloiltoncajuhy.com.br\/site\/wp-content\/uploads\/2024\/04\/Rodrigo_Instagram.jpeg?ssl=1\"><img data-recalc-dims=\"1\" fetchpriority=\"high\" decoding=\"async\" width=\"659\" height=\"700\" src=\"https:\/\/i0.wp.com\/blogdoeloiltoncajuhy.com.br\/site\/wp-content\/uploads\/2024\/04\/Rodrigo_Instagram.jpeg?resize=659%2C700&#038;ssl=1\" alt=\"\" class=\"wp-image-80185\" style=\"width:527px;height:auto\" srcset=\"https:\/\/i0.wp.com\/blogdoeloiltoncajuhy.com.br\/site\/wp-content\/uploads\/2024\/04\/Rodrigo_Instagram.jpeg?w=659&amp;ssl=1 659w, https:\/\/i0.wp.com\/blogdoeloiltoncajuhy.com.br\/site\/wp-content\/uploads\/2024\/04\/Rodrigo_Instagram.jpeg?resize=282%2C300&amp;ssl=1 282w\" sizes=\"(max-width: 659px) 100vw, 659px\" \/><\/a><figcaption class=\"wp-element-caption\"><sub>Reprodu\u00e7\u00e3o \/ Instagram<\/sub><\/figcaption><\/figure>\n\n\n\n<p>O cen\u00e1rio pol\u00edtico de Senhor do Bonfim ganha um novo protagonista com o an\u00fancio de Rodrigo Matias Duarte Belas Torres como pr\u00e9-candidato a vereador pelo Partido Avante. Com o intuito de representar um recome\u00e7o e trazer uma renova\u00e7\u00e3o ao legislativo municipal, Rodrigo, de 31 anos, traz consigo uma bagagem de experi\u00eancia e comprometimento com a comunidade bonfinense.<\/p>\n\n\n\n<p>Formado em Direito pela Universidade Cat\u00f3lica do Salvador e com uma s\u00f3lida trajet\u00f3ria como gestor da capela Cristo Rei na grande Gamboa, Rodrigo adquiriu conhecimento, identidade e amizades que o inspiraram a buscar novas formas de servir \u00e0 popula\u00e7\u00e3o. Filho de Joselma Duarte Guimar\u00e3es e Joelson Belas Torres, com quem divide valores de honestidade e responsabilidade, Rodrigo conta tamb\u00e9m com o apoio e exemplo do honroso Jos\u00e9 Ranulfo Guimar\u00e3es, figura paterna em sua vida.<\/p>\n\n\n\n<p>Em um convite ao avan\u00e7o e \u00e0 mudan\u00e7a, Rodrigo destaca a import\u00e2ncia de acompanhar os ventos da transforma\u00e7\u00e3o para alcan\u00e7ar os mais necessitados. Inspirado pela passagem b\u00edblica que instiga a &#8220;avan\u00e7ar para \u00e1guas mais profundas&#8221;, Rodrigo enxerga na pol\u00edtica uma oportunidade de promover mudan\u00e7as significativas na vida dos bonfinenses.<\/p>\n\n\n\n<p>Pronto para o desafio de legislar em busca de dias melhores e pol\u00edticas p\u00fablicas mais eficazes, Rodrigo se coloca \u00e0 disposi\u00e7\u00e3o da comunidade bonfinense para trilhar esse caminho de renova\u00e7\u00e3o e esperan\u00e7a. Com sua pr\u00e9-candidatura, ele se prop\u00f5e a ser uma voz ativa em prol do desenvolvimento e bem-estar de todos os cidad\u00e3os de Senhor do Bonfim.<\/p>\n","protected":false},"excerpt":{"rendered":"<p>Rodrigo busca um novo horizonte na pol\u00edtica de Bonfim. Por Mirielle Cajuhy\/Blog do Eloilton Cajuhy O cen\u00e1rio pol\u00edtico de Senhor do Bonfim ganha um novo protagonista com o an\u00fancio de Rodrigo Matias Duarte Belas Torres como pr\u00e9-candidato a vereador pelo Partido Avante. Com o intuito de representar um recome\u00e7o e trazer uma renova\u00e7\u00e3o ao legislativo [&hellip;]<\/p>\n","protected":false},"author":2,"featured_media":80185,"comment_status":"open","ping_status":"open","sticky":false,"template":"","format":"standard","meta":{"_acf_changed":false,"_monsterinsights_skip_tracking":false,"_monsterinsights_sitenote_active":false,"_monsterinsights_sitenote_note":"","_monsterinsights_sitenote_category":0,"_jetpack_memberships_contains_paid_content":false,"footnotes":"","jetpack_publicize_message":"","jetpack_publicize_feature_enabled":true,"jetpack_social_post_already_shared":true,"jetpack_social_options":{"image_generator_settings":{"template":"highway","default_image_id":0,"font":"","enabled":false},"version":2}},"categories":[3],"tags":[],"class_list":["post-80184","post","type-post","status-publish","format-standard","has-post-thumbnail","hentry","category-politica"],"acf":[],"jetpack_publicize_connections":[],"jetpack_featured_media_url":"https:\/\/i0.wp.com\/blogdoeloiltoncajuhy.com.br\/site\/wp-content\/uploads\/2024\/04\/Rodrigo_Instagram.jpeg?fit=659%2C700&ssl=1","jetpack_sharing_enabled":true,"publishpress_future_workflow_manual_trigger":{"enabledWorkflows":[]},"_links":{"self":[{"href":"https:\/\/blogdoeloiltoncajuhy.com.br\/site\/wp-json\/wp\/v2\/posts\/80184","targetHints":{"allow":["GET"]}}],"collection":[{"href":"https:\/\/blogdoeloiltoncajuhy.com.br\/site\/wp-json\/wp\/v2\/posts"}],"about":[{"href":"https:\/\/blogdoeloiltoncajuhy.com.br\/site\/wp-json\/wp\/v2\/types\/post"}],"author":[{"embeddable":true,"href":"https:\/\/blogdoeloiltoncajuhy.com.br\/site\/wp-json\/wp\/v2\/users\/2"}],"replies":[{"embeddable":true,"href":"https:\/\/blogdoeloiltoncajuhy.com.br\/site\/wp-json\/wp\/v2\/comments?post=80184"}],"version-history":[{"count":1,"href":"https:\/\/blogdoeloiltoncajuhy.com.br\/site\/wp-json\/wp\/v2\/posts\/80184\/revisions"}],"predecessor-version":[{"id":80186,"href":"https:\/\/blogdoeloiltoncajuhy.com.br\/site\/wp-json\/wp\/v2\/posts\/80184\/revisions\/80186"}],"wp:featuredmedia":[{"embeddable":true,"href":"https:\/\/blogdoeloiltoncajuhy.com.br\/site\/wp-json\/wp\/v2\/media\/80185"}],"wp:attachment":[{"href":"https:\/\/blogdoeloiltoncajuhy.com.br\/site\/wp-json\/wp\/v2\/media?parent=80184"}],"wp:term":[{"taxonomy":"category","embeddable":true,"href":"https:\/\/blogdoeloiltoncajuhy.com.br\/site\/wp-json\/wp\/v2\/categories?post=80184"},{"taxonomy":"post_tag","embeddable":true,"href":"https:\/\/blogdoeloiltoncajuhy.com.br\/site\/wp-json\/wp\/v2\/tags?post=80184"}],"curies":[{"name":"wp","href":"https:\/\/api.w.org\/{rel}","templated":true}]}}