{"id":80180,"date":"2024-04-09T15:52:08","date_gmt":"2024-04-09T18:52:08","guid":{"rendered":"https:\/\/blogdoeloiltoncajuhy.com.br\/site\/?p=80180"},"modified":"2024-04-09T15:52:10","modified_gmt":"2024-04-09T18:52:10","slug":"suspeito-do-maior-vazamento-de-dados-da-internet-brasileira-e-preso-na-ba-223-milhoes-de-pessoas-tiveram-informacoes-divulgadas","status":"publish","type":"post","link":"https:\/\/blogdoeloiltoncajuhy.com.br\/site\/suspeito-do-maior-vazamento-de-dados-da-internet-brasileira-e-preso-na-ba-223-milhoes-de-pessoas-tiveram-informacoes-divulgadas\/","title":{"rendered":"Suspeito do maior vazamento de dados da internet brasileira \u00e9 preso na BA; 223 milh\u00f5es de pessoas tiveram informa\u00e7\u00f5es divulgadas"},"content":{"rendered":"\n<p class=\"has-medium-font-size\"><strong>Pol\u00edcia Federal encontrou suspeito em Feira de Santana, nesta ter\u00e7a-feira (9).<\/strong><\/p>\n\n\n\n<p><strong>Por g1 BA<\/strong><\/p>\n\n\n\n<figure class=\"wp-block-image aligncenter size-full is-resized\"><a href=\"https:\/\/i0.wp.com\/blogdoeloiltoncajuhy.com.br\/site\/wp-content\/uploads\/2024\/04\/Dados-Internet-Redes-Foto-Pixabay.jpg?ssl=1\"><img data-recalc-dims=\"1\" fetchpriority=\"high\" decoding=\"async\" width=\"700\" height=\"470\" src=\"https:\/\/i0.wp.com\/blogdoeloiltoncajuhy.com.br\/site\/wp-content\/uploads\/2024\/04\/Dados-Internet-Redes-Foto-Pixabay.jpg?resize=700%2C470&#038;ssl=1\" alt=\"\" class=\"wp-image-80181\" style=\"width:652px;height:auto\" srcset=\"https:\/\/i0.wp.com\/blogdoeloiltoncajuhy.com.br\/site\/wp-content\/uploads\/2024\/04\/Dados-Internet-Redes-Foto-Pixabay.jpg?w=700&amp;ssl=1 700w, https:\/\/i0.wp.com\/blogdoeloiltoncajuhy.com.br\/site\/wp-content\/uploads\/2024\/04\/Dados-Internet-Redes-Foto-Pixabay.jpg?resize=300%2C201&amp;ssl=1 300w\" sizes=\"(max-width: 700px) 100vw, 700px\" \/><\/a><figcaption class=\"wp-element-caption\"><sub>Dados foram divulgados em 2021, de acordo com a PF \u2014 Foto: Pixabay<\/sub><\/figcaption><\/figure>\n\n\n\n<p>Um homem apontado como suspeito pelo maior vazamento de dados na internet brasileira foi preso nesta ter\u00e7a-feira (9), em Feira de Santana. De acordo com a Pol\u00edcia Federal, o hacker \u00e9 investigado por vazar informa\u00e7\u00f5es privadas de 223 milh\u00f5es de pessoas.<\/p>\n\n\n\n<p>O suspeito foi identificado como Marcos Roberto Correia da Silva, de 24 anos. No ambiente virtual, ele usava o nome &#8220;Vandathegod&#8221;.<\/p>\n\n\n\n<p>O vazamento aconteceu em 2021 e, na \u00e9poca, ele foi preso em Uberl\u00e2ndia, no interior de Minas Gerais, durante a Opera\u00e7\u00e3o Deepwater, deflagrada pela Pol\u00edcia Federal. As investiga\u00e7\u00f5es apontaram que o suspeito obteve ilegalmente e colocou \u00e0 venda na internet as seguintes informa\u00e7\u00f5es:<\/p>\n\n\n\n<ul class=\"wp-block-list\">\n<li>Dados b\u00e1sicos relativos ao CPF (nome, data de nascimento e endere\u00e7o);<br><\/li>\n\n\n\n<li>Endere\u00e7os;<br><\/li>\n\n\n\n<li>Fotos de rosto;<br><\/li>\n\n\n\n<li>Score de cr\u00e9dito (que diz se \u00e9 bom pagador), renda, cheques sem fundo e outras informa\u00e7\u00f5es financeiras;<br><\/li>\n\n\n\n<li>Imposto de renda de pessoa f\u00edsica;<br><\/li>\n\n\n\n<li>Dados cadastrais de servi\u00e7os de telefonia;<br><\/li>\n\n\n\n<li>Escolaridade;<br><\/li>\n\n\n\n<li>Benef\u00edcios do INSS;<br><\/li>\n\n\n\n<li>Dados relativos a servidores p\u00fablicos;<br><\/li>\n\n\n\n<li>Informa\u00e7\u00f5es do LinkedIn.<\/li>\n<\/ul>\n\n\n\n<ul class=\"wp-block-list\"><\/ul>\n\n\n\n<p><\/p>\n\n\n\n<figure class=\"wp-block-image aligncenter size-full is-resized\"><a href=\"https:\/\/i0.wp.com\/blogdoeloiltoncajuhy.com.br\/site\/wp-content\/uploads\/2024\/04\/Policiais-federais-apreenderam-equipamentos-eletronicos-em-operacao-contra-divulgacao-de-dados-de-brasileiros-em-2021-%E2%80%94-Foto-PF-Divulgacao.jpg?ssl=1\"><img data-recalc-dims=\"1\" decoding=\"async\" width=\"700\" height=\"347\" src=\"https:\/\/i0.wp.com\/blogdoeloiltoncajuhy.com.br\/site\/wp-content\/uploads\/2024\/04\/Policiais-federais-apreenderam-equipamentos-eletronicos-em-operacao-contra-divulgacao-de-dados-de-brasileiros-em-2021-%E2%80%94-Foto-PF-Divulgacao.jpg?resize=700%2C347&#038;ssl=1\" alt=\"\" class=\"wp-image-80182\" style=\"width:785px;height:auto\" srcset=\"https:\/\/i0.wp.com\/blogdoeloiltoncajuhy.com.br\/site\/wp-content\/uploads\/2024\/04\/Policiais-federais-apreenderam-equipamentos-eletronicos-em-operacao-contra-divulgacao-de-dados-de-brasileiros-em-2021-%E2%80%94-Foto-PF-Divulgacao.jpg?w=700&amp;ssl=1 700w, https:\/\/i0.wp.com\/blogdoeloiltoncajuhy.com.br\/site\/wp-content\/uploads\/2024\/04\/Policiais-federais-apreenderam-equipamentos-eletronicos-em-operacao-contra-divulgacao-de-dados-de-brasileiros-em-2021-%E2%80%94-Foto-PF-Divulgacao.jpg?resize=300%2C149&amp;ssl=1 300w\" sizes=\"(max-width: 700px) 100vw, 700px\" \/><\/a><figcaption class=\"wp-element-caption\"><sub>Policiais federais apreenderam equipamentos eletr\u00f4nicos em opera\u00e7\u00e3o contra divulga\u00e7\u00e3o de dados de brasileiros, em 2021 \u2014 Foto: PF\/Divulga\u00e7\u00e3o<\/sub><\/figcaption><\/figure>\n\n\n\n<p>Em 2021, ele cumpria pris\u00e3o domiciliar com uso de tornozeleira eletr\u00f4nica. Em 2023, se tornou foragido da Justi\u00e7a ap\u00f3s romper a tornozeleira.<\/p>\n\n\n\n<p>Al\u00e9m de divulgar os dados de milh\u00f5es de brasileiros, o suspeito era investigado por outros crimes cibern\u00e9ticos e j\u00e1 havia sido preso em 2019, na Opera\u00e7\u00e3o Defaced, por suspeita de invadir sites de \u00f3rg\u00e3os p\u00fablicos.<\/p>\n\n\n\n<p class=\"has-black-color has-text-color has-link-color wp-elements-6721068a448058a37fddf2492eb36849\"><strong>Ele \u00e9 suspeito de invadir os seguintes sites e sistemas:<\/strong><\/p>\n\n\n\n<ul class=\"wp-block-list\">\n<li>Site do Ex\u00e9rcito Brasileiro (2019);<\/li>\n\n\n\n<li>Site da Pol\u00edcia Civil de Minas Gerais (2019);<\/li>\n\n\n\n<li>Site do Minist\u00e9rio P\u00fablico de Minas Gerais (2019);<\/li>\n\n\n\n<li>Site do Tribunal de Justi\u00e7a de Goi\u00e1s (2019);<\/li>\n\n\n\n<li>Sistema do Senado Federal (2020);<\/li>\n\n\n\n<li>Sistema do Supremo Tribunal Eleitoral (2020).<\/li>\n<\/ul>\n\n\n\n<p><\/p>\n\n\n\n<p>O mandado de pris\u00e3o preventiva foi expedido pela 1\u00aa Vara Federal de Uberl\u00e2ndia\/MG e o suspeito ficar\u00e1 \u00e0 disposi\u00e7\u00e3o da Justi\u00e7a no Centro de Observa\u00e7\u00e3o Penal, em Salvador.<\/p>\n","protected":false},"excerpt":{"rendered":"<p>Pol\u00edcia Federal encontrou suspeito em Feira de Santana, nesta ter\u00e7a-feira (9). Por g1 BA Um homem apontado como suspeito pelo maior vazamento de dados na internet brasileira foi preso nesta ter\u00e7a-feira (9), em Feira de Santana. De acordo com a Pol\u00edcia Federal, o hacker \u00e9 investigado por vazar informa\u00e7\u00f5es privadas de 223 milh\u00f5es de pessoas. [&hellip;]<\/p>\n","protected":false},"author":2,"featured_media":80182,"comment_status":"open","ping_status":"open","sticky":false,"template":"","format":"standard","meta":{"_acf_changed":false,"_monsterinsights_skip_tracking":false,"_monsterinsights_sitenote_active":false,"_monsterinsights_sitenote_note":"","_monsterinsights_sitenote_category":0,"_jetpack_memberships_contains_paid_content":false,"footnotes":"","jetpack_publicize_message":"","jetpack_publicize_feature_enabled":true,"jetpack_social_post_already_shared":true,"jetpack_social_options":{"image_generator_settings":{"template":"highway","default_image_id":0,"font":"","enabled":false},"version":2}},"categories":[15],"tags":[],"class_list":["post-80180","post","type-post","status-publish","format-standard","has-post-thumbnail","hentry","category-policia"],"acf":[],"jetpack_publicize_connections":[],"jetpack_featured_media_url":"https:\/\/i0.wp.com\/blogdoeloiltoncajuhy.com.br\/site\/wp-content\/uploads\/2024\/04\/Policiais-federais-apreenderam-equipamentos-eletronicos-em-operacao-contra-divulgacao-de-dados-de-brasileiros-em-2021-%E2%80%94-Foto-PF-Divulgacao.jpg?fit=700%2C347&ssl=1","jetpack_sharing_enabled":true,"publishpress_future_workflow_manual_trigger":{"enabledWorkflows":[]},"_links":{"self":[{"href":"https:\/\/blogdoeloiltoncajuhy.com.br\/site\/wp-json\/wp\/v2\/posts\/80180","targetHints":{"allow":["GET"]}}],"collection":[{"href":"https:\/\/blogdoeloiltoncajuhy.com.br\/site\/wp-json\/wp\/v2\/posts"}],"about":[{"href":"https:\/\/blogdoeloiltoncajuhy.com.br\/site\/wp-json\/wp\/v2\/types\/post"}],"author":[{"embeddable":true,"href":"https:\/\/blogdoeloiltoncajuhy.com.br\/site\/wp-json\/wp\/v2\/users\/2"}],"replies":[{"embeddable":true,"href":"https:\/\/blogdoeloiltoncajuhy.com.br\/site\/wp-json\/wp\/v2\/comments?post=80180"}],"version-history":[{"count":1,"href":"https:\/\/blogdoeloiltoncajuhy.com.br\/site\/wp-json\/wp\/v2\/posts\/80180\/revisions"}],"predecessor-version":[{"id":80183,"href":"https:\/\/blogdoeloiltoncajuhy.com.br\/site\/wp-json\/wp\/v2\/posts\/80180\/revisions\/80183"}],"wp:featuredmedia":[{"embeddable":true,"href":"https:\/\/blogdoeloiltoncajuhy.com.br\/site\/wp-json\/wp\/v2\/media\/80182"}],"wp:attachment":[{"href":"https:\/\/blogdoeloiltoncajuhy.com.br\/site\/wp-json\/wp\/v2\/media?parent=80180"}],"wp:term":[{"taxonomy":"category","embeddable":true,"href":"https:\/\/blogdoeloiltoncajuhy.com.br\/site\/wp-json\/wp\/v2\/categories?post=80180"},{"taxonomy":"post_tag","embeddable":true,"href":"https:\/\/blogdoeloiltoncajuhy.com.br\/site\/wp-json\/wp\/v2\/tags?post=80180"}],"curies":[{"name":"wp","href":"https:\/\/api.w.org\/{rel}","templated":true}]}}