{"id":80172,"date":"2024-04-09T13:53:24","date_gmt":"2024-04-09T16:53:24","guid":{"rendered":"https:\/\/blogdoeloiltoncajuhy.com.br\/site\/?p=80172"},"modified":"2024-04-09T13:53:26","modified_gmt":"2024-04-09T16:53:26","slug":"cinco-pms-suspeitos-de-integrar-grupo-miliciano-sao-suspensos-de-atividades-publicas-na-bahia","status":"publish","type":"post","link":"https:\/\/blogdoeloiltoncajuhy.com.br\/site\/cinco-pms-suspeitos-de-integrar-grupo-miliciano-sao-suspensos-de-atividades-publicas-na-bahia\/","title":{"rendered":"Cinco PMs suspeitos de integrar grupo miliciano s\u00e3o suspensos de atividades p\u00fablicas na Bahia"},"content":{"rendered":"\n<p class=\"has-medium-font-size\"><strong>Suspens\u00e3o ocorreu durante opera\u00e7\u00e3o da Pol\u00edcia Federal em Feira de Santana nesta ter\u00e7a-feira (9). Uma pessoa foi presa e 17 mandados de pris\u00e3o foram cumpridos.<\/strong><\/p>\n\n\n\n<p><strong>Por g1 BA<\/strong><\/p>\n\n\n\n<figure class=\"wp-block-image aligncenter size-full\"><a href=\"https:\/\/i0.wp.com\/blogdoeloiltoncajuhy.com.br\/site\/wp-content\/uploads\/2024\/04\/SSA_Policia-Federal-%E2%80%94-Foto-Divulgacao-Policia-Federal.jpeg?ssl=1\"><img data-recalc-dims=\"1\" fetchpriority=\"high\" decoding=\"async\" width=\"700\" height=\"472\" src=\"https:\/\/i0.wp.com\/blogdoeloiltoncajuhy.com.br\/site\/wp-content\/uploads\/2024\/04\/SSA_Policia-Federal-%E2%80%94-Foto-Divulgacao-Policia-Federal.jpeg?resize=700%2C472&#038;ssl=1\" alt=\"\" class=\"wp-image-80173\" srcset=\"https:\/\/i0.wp.com\/blogdoeloiltoncajuhy.com.br\/site\/wp-content\/uploads\/2024\/04\/SSA_Policia-Federal-%E2%80%94-Foto-Divulgacao-Policia-Federal.jpeg?w=700&amp;ssl=1 700w, https:\/\/i0.wp.com\/blogdoeloiltoncajuhy.com.br\/site\/wp-content\/uploads\/2024\/04\/SSA_Policia-Federal-%E2%80%94-Foto-Divulgacao-Policia-Federal.jpeg?resize=300%2C202&amp;ssl=1 300w\" sizes=\"(max-width: 700px) 100vw, 700px\" \/><\/a><figcaption class=\"wp-element-caption\"><sub>Policia Federal cumpriu mandados de pris\u00e3o e busca e apreens\u00e3o na Bahia nesta ter\u00e7a-feira (9) \u2014 Foto: Divulga\u00e7\u00e3o\/Pol\u00edcia Federal<\/sub><\/figcaption><\/figure>\n\n\n\n<p>Cinco policiais militares suspeitos de integrar um grupo miliciano na cidade de Feira de Santana e em munic\u00edpios vizinhos, foram suspensos de atividades p\u00fablicas. As suspens\u00f5es fazem parte da opera\u00e7\u00e3o Hybris, deflagrada nesta ter\u00e7a-feira (9) pela Pol\u00edcia Federal, Receita Federal, Minist\u00e9rio P\u00fablico da Bahia (MP-BA), For\u00e7a Correcional Integrada e a Corregedoria da Pol\u00edcia Militar.<\/p>\n\n\n\n<p>De acordo com a Pol\u00edcia Federal (PF), o grupo \u00e9 investigado por lavar dinheiro do jogo do bicho, agiotagem, extors\u00e3o e recepta\u00e7\u00e3o qualificada.<\/p>\n\n\n\n<p>A Opera\u00e7\u00e3o Hybris \u00e9 um desdobramento da \u00c9l Patron, que foi deflagrada no ano passado e investigou o deputado Binho Galinha. Na ocasi\u00e3o, tr\u00eas PMS foram presos. Esses policiais n\u00e3o s\u00e3o os mesmos que tiveram as suspens\u00f5es das atividades nesta ter\u00e7a-feira. A PF n\u00e3o especificou quem foi preso, nem as circunst\u00e2ncias da pris\u00e3o. <strong><em><mark style=\"background-color:rgba(0, 0, 0, 0)\" class=\"has-inline-color has-black-color\">[Relembre o caso ao final da mat\u00e9ria]<\/mark><\/em><\/strong><\/p>\n\n\n\n<p class=\"has-black-color has-text-color has-link-color wp-elements-122e19288068648f82d1f322bc24747e\"><strong>Durante a opera\u00e7\u00e3o, foram cumpridos:<\/strong><\/p>\n\n\n\n<ul class=\"wp-block-list\">\n<li>um mandado pris\u00e3o preventiva;<\/li>\n\n\n\n<li>17 mandados de busca e apreens\u00e3o;<\/li>\n\n\n\n<li>bloqueio de aproximadamente R$ 4 milh\u00f5es das contas banc\u00e1rias dos investigados;<\/li>\n\n\n\n<li>suspens\u00e3o de atividades econ\u00f4micas de uma empresa, que n\u00e3o teve o nome divulgado.<\/li>\n<\/ul>\n\n\n\n<p><\/p>\n\n\n\n<p class=\"has-black-color has-text-color has-link-color has-medium-font-size wp-elements-09c3c3dd3fd9a215d677d400786bcdb9\"><strong>Desdobramento de opera\u00e7\u00e3o<\/strong><\/p>\n\n\n\n<figure class=\"wp-block-image aligncenter size-full\"><a href=\"https:\/\/i0.wp.com\/blogdoeloiltoncajuhy.com.br\/site\/wp-content\/uploads\/2024\/04\/SSA_Policia-Federal-2-%E2%80%94-Foto-Divulgacao-Policia-Federal.jpeg?ssl=1\"><img data-recalc-dims=\"1\" decoding=\"async\" width=\"700\" height=\"525\" src=\"https:\/\/i0.wp.com\/blogdoeloiltoncajuhy.com.br\/site\/wp-content\/uploads\/2024\/04\/SSA_Policia-Federal-2-%E2%80%94-Foto-Divulgacao-Policia-Federal.jpeg?resize=700%2C525&#038;ssl=1\" alt=\"\" class=\"wp-image-80174\" srcset=\"https:\/\/i0.wp.com\/blogdoeloiltoncajuhy.com.br\/site\/wp-content\/uploads\/2024\/04\/SSA_Policia-Federal-2-%E2%80%94-Foto-Divulgacao-Policia-Federal.jpeg?w=700&amp;ssl=1 700w, https:\/\/i0.wp.com\/blogdoeloiltoncajuhy.com.br\/site\/wp-content\/uploads\/2024\/04\/SSA_Policia-Federal-2-%E2%80%94-Foto-Divulgacao-Policia-Federal.jpeg?resize=300%2C225&amp;ssl=1 300w\" sizes=\"(max-width: 700px) 100vw, 700px\" \/><\/a><figcaption class=\"wp-element-caption\"><sub>Policiais durante mandados de pris\u00e3o e busca e apreens\u00e3o em opera\u00e7\u00e3o na Bahia nesta ter\u00e7a (9) \u2014 Foto: Divulga\u00e7\u00e3o\/Pol\u00edcia Federal<\/sub><\/figcaption><\/figure>\n\n\n\n<p>A Opera\u00e7\u00e3o Hybris \u00e9 um desdobramento da El Patron, deflagrada em dezembro do ano passado. Na ocasi\u00e3o, <strong><mark style=\"background-color:rgba(0, 0, 0, 0)\" class=\"has-inline-color has-black-color\">seis pessoas foram presas preventivamente<\/mark><\/strong> e 35 mandados de busca e apreens\u00e3o foram cumpridos, em Feira de Santana, por suspeita de formarem um uma mil\u00edcia respons\u00e1vel por lavagem de dinheiro.<\/p>\n\n\n\n<p>O chefe da organiza\u00e7\u00e3o criminosa foi apontado como o deputado Binho Galinha. Ele est\u00e1 em pris\u00e3o domiciliar por ser detentor do foro de prerrogativa de fun\u00e7\u00e3o, conhecido popularmente como foro privilegiado.<\/p>\n\n\n\n<p>Apesar disso, outros envolvidos na organiza\u00e7\u00e3o foram presos, incluindo familiares de Binho Galinha. <strong><mark style=\"background-color:rgba(0, 0, 0, 0)\" class=\"has-inline-color has-black-color\">Relembre:<\/mark><\/strong><\/p>\n\n\n\n<ul class=\"wp-block-list\">\n<li>tr\u00eas policiais militares;<\/li>\n\n\n\n<li>a esposa de Binho Galinha, Mayana Cerqueira da Silva, de 43 anos;<\/li>\n\n\n\n<li>o filho de Binho Galinha, Jo\u00e3o Guilherme Cerqueira da Silva Escolano, de 18 anos.<\/li>\n<\/ul>\n\n\n\n<p><\/p>\n\n\n\n<p>Segundo as investiga\u00e7\u00f5es, a mil\u00edcia atuava h\u00e1 20 anos na Bahia e desviou milh\u00f5es de reais ao longo das d\u00e9cadas. <strong><mark style=\"background-color:rgba(0, 0, 0, 0)\" class=\"has-inline-color has-black-color\">Cada integrante tinha uma fun\u00e7\u00e3o bem definida no grupo:<\/mark><\/strong><\/p>\n\n\n\n<p><strong><mark style=\"background-color:rgba(0, 0, 0, 0)\" class=\"has-inline-color has-black-color\">PMS:<\/mark><\/strong> atuavam como &#8220;bra\u00e7o armado&#8221; da mil\u00edcia, fazendo as cobran\u00e7as das d\u00edvidas por agiotagem e jogo do bicho.<\/p>\n\n\n\n<p><strong><mark style=\"background-color:rgba(0, 0, 0, 0)\" class=\"has-inline-color has-black-color\">Empresas:<\/mark><\/strong> os empreendimentos tinham licenciamento para funcionar, mas atuavam para lavagem de dinheiro. A PF n\u00e3o deu detalhes sobre os nomes das empresas, mas afirmou que os funcionamentos de todas elas foram suspensos.<\/p>\n\n\n\n<p><strong><mark style=\"background-color:rgba(0, 0, 0, 0)\" class=\"has-inline-color has-black-color\">Deputado estadual:<\/mark><\/strong> chefiava a organiza\u00e7\u00e3o criminosa.<\/p>\n\n\n\n<p><strong><mark style=\"background-color:rgba(0, 0, 0, 0)\" class=\"has-inline-color has-black-color\">Jo\u00e3o Guilherme Cerqueira da Silva Escolano:<\/mark><\/strong> filho do deputado estadual. Ele era respons\u00e1vel por receber o dinheiro do crime desde quando ainda tinha menos de 18 anos. Ele repassou para o pai cerca de R$ 474 mil<\/p>\n\n\n\n<p><strong><mark style=\"background-color:rgba(0, 0, 0, 0)\" class=\"has-inline-color has-black-color\">Mayana Cerqueira da Silva:<\/mark><\/strong> esposa do deputado estadual. As investiga\u00e7\u00f5es apontaram movimenta\u00e7\u00e3o financeira incompat\u00edvel com os rendimentos declarados \u00e0 Receita Federal e a maioria das transa\u00e7\u00f5es feitas por ela envolvem os outros suspeitos.<\/p>\n\n\n\n<p>Na primeira fase da opera\u00e7\u00e3o, R$ 200 milh\u00f5es e 26 propriedades rurais foram bloqueados.<\/p>\n","protected":false},"excerpt":{"rendered":"<p>Suspens\u00e3o ocorreu durante opera\u00e7\u00e3o da Pol\u00edcia Federal em Feira de Santana nesta ter\u00e7a-feira (9). Uma pessoa foi presa e 17 mandados de pris\u00e3o foram cumpridos. Por g1 BA Cinco policiais militares suspeitos de integrar um grupo miliciano na cidade de Feira de Santana e em munic\u00edpios vizinhos, foram suspensos de atividades p\u00fablicas. As suspens\u00f5es fazem [&hellip;]<\/p>\n","protected":false},"author":2,"featured_media":80174,"comment_status":"open","ping_status":"open","sticky":false,"template":"","format":"standard","meta":{"_acf_changed":false,"_monsterinsights_skip_tracking":false,"_monsterinsights_sitenote_active":false,"_monsterinsights_sitenote_note":"","_monsterinsights_sitenote_category":0,"_jetpack_memberships_contains_paid_content":false,"footnotes":"","jetpack_publicize_message":"","jetpack_publicize_feature_enabled":true,"jetpack_social_post_already_shared":true,"jetpack_social_options":{"image_generator_settings":{"template":"highway","default_image_id":0,"font":"","enabled":false},"version":2}},"categories":[15],"tags":[],"class_list":["post-80172","post","type-post","status-publish","format-standard","has-post-thumbnail","hentry","category-policia"],"acf":[],"jetpack_publicize_connections":[],"jetpack_featured_media_url":"https:\/\/i0.wp.com\/blogdoeloiltoncajuhy.com.br\/site\/wp-content\/uploads\/2024\/04\/SSA_Policia-Federal-2-%E2%80%94-Foto-Divulgacao-Policia-Federal.jpeg?fit=700%2C525&ssl=1","jetpack_sharing_enabled":true,"publishpress_future_workflow_manual_trigger":{"enabledWorkflows":[]},"_links":{"self":[{"href":"https:\/\/blogdoeloiltoncajuhy.com.br\/site\/wp-json\/wp\/v2\/posts\/80172","targetHints":{"allow":["GET"]}}],"collection":[{"href":"https:\/\/blogdoeloiltoncajuhy.com.br\/site\/wp-json\/wp\/v2\/posts"}],"about":[{"href":"https:\/\/blogdoeloiltoncajuhy.com.br\/site\/wp-json\/wp\/v2\/types\/post"}],"author":[{"embeddable":true,"href":"https:\/\/blogdoeloiltoncajuhy.com.br\/site\/wp-json\/wp\/v2\/users\/2"}],"replies":[{"embeddable":true,"href":"https:\/\/blogdoeloiltoncajuhy.com.br\/site\/wp-json\/wp\/v2\/comments?post=80172"}],"version-history":[{"count":1,"href":"https:\/\/blogdoeloiltoncajuhy.com.br\/site\/wp-json\/wp\/v2\/posts\/80172\/revisions"}],"predecessor-version":[{"id":80175,"href":"https:\/\/blogdoeloiltoncajuhy.com.br\/site\/wp-json\/wp\/v2\/posts\/80172\/revisions\/80175"}],"wp:featuredmedia":[{"embeddable":true,"href":"https:\/\/blogdoeloiltoncajuhy.com.br\/site\/wp-json\/wp\/v2\/media\/80174"}],"wp:attachment":[{"href":"https:\/\/blogdoeloiltoncajuhy.com.br\/site\/wp-json\/wp\/v2\/media?parent=80172"}],"wp:term":[{"taxonomy":"category","embeddable":true,"href":"https:\/\/blogdoeloiltoncajuhy.com.br\/site\/wp-json\/wp\/v2\/categories?post=80172"},{"taxonomy":"post_tag","embeddable":true,"href":"https:\/\/blogdoeloiltoncajuhy.com.br\/site\/wp-json\/wp\/v2\/tags?post=80172"}],"curies":[{"name":"wp","href":"https:\/\/api.w.org\/{rel}","templated":true}]}}