{"id":80170,"date":"2024-04-09T09:13:54","date_gmt":"2024-04-09T12:13:54","guid":{"rendered":"https:\/\/blogdoeloiltoncajuhy.com.br\/site\/?p=80170"},"modified":"2024-04-09T09:13:56","modified_gmt":"2024-04-09T12:13:56","slug":"regulamentacao-de-redes-sociais-no-brasil-e-inevitavel-diz-pacheco","status":"publish","type":"post","link":"https:\/\/blogdoeloiltoncajuhy.com.br\/site\/regulamentacao-de-redes-sociais-no-brasil-e-inevitavel-diz-pacheco\/","title":{"rendered":"Regulamenta\u00e7\u00e3o de redes sociais no Brasil \u00e9 inevit\u00e1vel, diz Pacheco"},"content":{"rendered":"\n<p class=\"has-medium-font-size\"><strong>Declara\u00e7\u00e3o de presidente do Senado ocorre ap\u00f3s falas de Elon Musk.<\/strong><\/p>\n\n\n\n<p><strong>Ag\u00eancia Brasil<\/strong><\/p>\n\n\n\n<figure class=\"wp-block-image aligncenter size-full is-resized\"><a href=\"https:\/\/i0.wp.com\/blogdoeloiltoncajuhy.com.br\/site\/wp-content\/uploads\/2024\/02\/Redes-Sociais_Foto_Dado-Ruvic-Reuters.jpg\"><img data-recalc-dims=\"1\" fetchpriority=\"high\" decoding=\"async\" width=\"800\" height=\"533\" src=\"https:\/\/i0.wp.com\/blogdoeloiltoncajuhy.com.br\/site\/wp-content\/uploads\/2024\/02\/Redes-Sociais_Foto_Dado-Ruvic-Reuters.jpg?resize=800%2C533\" alt=\"\" class=\"wp-image-79303\" style=\"width:720px;height:auto\" srcset=\"https:\/\/i0.wp.com\/blogdoeloiltoncajuhy.com.br\/site\/wp-content\/uploads\/2024\/02\/Redes-Sociais_Foto_Dado-Ruvic-Reuters.jpg?w=900&amp;ssl=1 900w, https:\/\/i0.wp.com\/blogdoeloiltoncajuhy.com.br\/site\/wp-content\/uploads\/2024\/02\/Redes-Sociais_Foto_Dado-Ruvic-Reuters.jpg?resize=300%2C200&amp;ssl=1 300w, https:\/\/i0.wp.com\/blogdoeloiltoncajuhy.com.br\/site\/wp-content\/uploads\/2024\/02\/Redes-Sociais_Foto_Dado-Ruvic-Reuters.jpg?resize=768%2C512&amp;ssl=1 768w\" sizes=\"(max-width: 800px) 100vw, 800px\" \/><\/a><figcaption class=\"wp-element-caption\"><sub>Foto: Dado Ruvic\/Reuters<\/sub><\/figcaption><\/figure>\n\n\n\n<p>O presidente do Senado Federal, senador Rodrigo Pacheco (PSD-MG), disse nesta segunda-feira (8) que a regulamenta\u00e7\u00e3o das redes sociais no pa\u00eds \u00e9 inevit\u00e1vel para que n\u00e3o haja discricionariedade por parte das plataformas.<\/p>\n\n\n\n<p>\u201cO que podemos contribuir para efetiva\u00e7\u00e3o da solu\u00e7\u00e3o desse debate que se travou nos \u00faltimos dias \u00e9 entregar marcos legislativos que sejam inteligentes e eficientes para poder disciplinar o uso dessas redes sociais no pa\u00eds\u201d, disse o senador, em entrevista coletiva, ap\u00f3s manifesta\u00e7\u00f5es do empres\u00e1rio Elon Musk, dono da rede X, sobre decis\u00f5es do ministro do Supremo Tribunal Federal (STF), Alexandre de Moraes.<\/p>\n\n\n\n<p>Segundo Pacheco, \u00e9 preciso ter uma disciplina legal sobre o tema, inclusive para evitar que o Poder Judici\u00e1rio tenha que decidir sobre quest\u00f5es relativas ao uso das redes sociais sem que haja uma lei que discipline o assunto.<\/p>\n\n\n\n<p>\u201cIsso acaba gerando controv\u00e9rsias como essa que n\u00f3s vimos de o Poder Judici\u00e1rio precisar agir em rela\u00e7\u00e3o a atos antidemocr\u00e1ticos, a viola\u00e7\u00f5es de direitos, atentado \u00e0 democracia e isso ser interpretado como algum tipo de censura ou inibi\u00e7\u00e3o da liberdade de express\u00e3o\u201d.<\/p>\n\n\n\n<p>Pacheco citou o projeto de lei sobre a regula\u00e7\u00e3o das plataformas digitais, que foi aprovado em 2020 no Senado e agora tramita na C\u00e2mara dos Deputados.<\/p>\n\n\n\n<p class=\"has-black-color has-text-color has-link-color has-medium-font-size wp-elements-43e4708040a87b2e1ed278ca0e16fa70\"><strong>\u201cConsidero isso fundamental, n\u00e3o \u00e9 censura, n\u00e3o \u00e9 limita\u00e7\u00e3o da liberdade de express\u00e3o, s\u00e3o regras para o uso dessas plataformas digitais para que n\u00e3o haja captura de mentes de forma indiscriminada e que possa manipular desinforma\u00e7\u00f5es, disseminar \u00f3dio, viol\u00eancia, ataques a institui\u00e7\u00f5es. H\u00e1 um papel c\u00edvico que deve ser exercido pelas plataformas digitais de n\u00e3o permitir que esse ambiente seja um ambiente de vale tudo vale tudo\u201d.<\/strong><\/p>\n\n\n\n<p>Outra proposta em debate no Congresso \u00e9 a que prev\u00ea um marco regulat\u00f3rio sobre o uso da tecnologia de intelig\u00eancia artificial (IA) no pa\u00eds, de autoria do pr\u00f3prio senador Rodrigo Pacheco.<\/p>\n\n\n\n<blockquote class=\"wp-block-quote is-layout-flow wp-block-quote-is-layout-flow\">\n<blockquote class=\"wp-block-quote is-layout-flow wp-block-quote-is-layout-flow\">\n<p>O ministro-chefe da Secretaria de Rela\u00e7\u00f5es Institucionais, Alexandre Padilha, considerou \u201cinadmiss\u00edveis\u201d os ataques de Musk ao STF. Ele tamb\u00e9m ressaltou a necessidade de aprova\u00e7\u00e3o da legisla\u00e7\u00e3o sobre intelig\u00eancia artificial, e disse que o governo apoia a proposta, que est\u00e1 sendo relatada pelo senador de oposi\u00e7\u00e3o, Eduardo Gomes (PL-TO).<\/p>\n<\/blockquote>\n<\/blockquote>\n\n\n\n<p>\u201cA melhor resposta que o Brasil pode dar a esse que eu considero um ataque inadmiss\u00edvel \u00e0 Suprema Corte e \u00e0 pr\u00f3pria soberania brasileira \u00e9 a resposta pol\u00edtico-institucional. De um lado, todo apoio ao trabalho do Judici\u00e1rio pelos instrumentos de apura\u00e7\u00e3o de quem utiliza as redes sociais para atos criminosos. E ao mesmo tempo, o debate pol\u00edtico que o Congresso Nacional vem fazendo\u201d<\/p>\n\n\n\n<p>Nos \u00faltimos dias, Elon Musk publicou uma uma s\u00e9rie de postagens criticando o ministro Alexandre de Moraes e o STF. No s\u00e1bado (6), ele usou o espa\u00e7o para coment\u00e1rios do perfil do pr\u00f3prio ministro no X para atac\u00e1-lo. Na noite de domingo, Moraes determinou a inclus\u00e3o de Musk entre os investigados do chamado Inqu\u00e9rito das Mil\u00edcias Digitais, que apura a atua\u00e7\u00e3o criminosa de grupos suspeitos de disseminar not\u00edcias falsas em redes sociais para influenciar processos pol\u00edticos. Na mesma decis\u00e3o, o ministro ordena a instaura\u00e7\u00e3o de um \u201cinqu\u00e9rito por preven\u00e7\u00e3o\u201d para apurar as condutas de Musk.<\/p>\n","protected":false},"excerpt":{"rendered":"<p>Declara\u00e7\u00e3o de presidente do Senado ocorre ap\u00f3s falas de Elon Musk. Ag\u00eancia Brasil O presidente do Senado Federal, senador Rodrigo Pacheco (PSD-MG), disse nesta segunda-feira (8) que a regulamenta\u00e7\u00e3o das redes sociais no pa\u00eds \u00e9 inevit\u00e1vel para que n\u00e3o haja discricionariedade por parte das plataformas. \u201cO que podemos contribuir para efetiva\u00e7\u00e3o da solu\u00e7\u00e3o desse debate [&hellip;]<\/p>\n","protected":false},"author":2,"featured_media":79303,"comment_status":"open","ping_status":"open","sticky":false,"template":"","format":"standard","meta":{"_acf_changed":false,"_monsterinsights_skip_tracking":false,"_monsterinsights_sitenote_active":false,"_monsterinsights_sitenote_note":"","_monsterinsights_sitenote_category":0,"_jetpack_memberships_contains_paid_content":false,"footnotes":"","jetpack_publicize_message":"","jetpack_publicize_feature_enabled":true,"jetpack_social_post_already_shared":true,"jetpack_social_options":{"image_generator_settings":{"template":"highway","default_image_id":0,"font":"","enabled":false},"version":2}},"categories":[3],"tags":[],"class_list":["post-80170","post","type-post","status-publish","format-standard","has-post-thumbnail","hentry","category-politica"],"acf":[],"jetpack_publicize_connections":[],"jetpack_featured_media_url":"https:\/\/i0.wp.com\/blogdoeloiltoncajuhy.com.br\/site\/wp-content\/uploads\/2024\/02\/Redes-Sociais_Foto_Dado-Ruvic-Reuters.jpg?fit=900%2C600&ssl=1","jetpack_sharing_enabled":true,"publishpress_future_workflow_manual_trigger":{"enabledWorkflows":[]},"_links":{"self":[{"href":"https:\/\/blogdoeloiltoncajuhy.com.br\/site\/wp-json\/wp\/v2\/posts\/80170","targetHints":{"allow":["GET"]}}],"collection":[{"href":"https:\/\/blogdoeloiltoncajuhy.com.br\/site\/wp-json\/wp\/v2\/posts"}],"about":[{"href":"https:\/\/blogdoeloiltoncajuhy.com.br\/site\/wp-json\/wp\/v2\/types\/post"}],"author":[{"embeddable":true,"href":"https:\/\/blogdoeloiltoncajuhy.com.br\/site\/wp-json\/wp\/v2\/users\/2"}],"replies":[{"embeddable":true,"href":"https:\/\/blogdoeloiltoncajuhy.com.br\/site\/wp-json\/wp\/v2\/comments?post=80170"}],"version-history":[{"count":1,"href":"https:\/\/blogdoeloiltoncajuhy.com.br\/site\/wp-json\/wp\/v2\/posts\/80170\/revisions"}],"predecessor-version":[{"id":80171,"href":"https:\/\/blogdoeloiltoncajuhy.com.br\/site\/wp-json\/wp\/v2\/posts\/80170\/revisions\/80171"}],"wp:featuredmedia":[{"embeddable":true,"href":"https:\/\/blogdoeloiltoncajuhy.com.br\/site\/wp-json\/wp\/v2\/media\/79303"}],"wp:attachment":[{"href":"https:\/\/blogdoeloiltoncajuhy.com.br\/site\/wp-json\/wp\/v2\/media?parent=80170"}],"wp:term":[{"taxonomy":"category","embeddable":true,"href":"https:\/\/blogdoeloiltoncajuhy.com.br\/site\/wp-json\/wp\/v2\/categories?post=80170"},{"taxonomy":"post_tag","embeddable":true,"href":"https:\/\/blogdoeloiltoncajuhy.com.br\/site\/wp-json\/wp\/v2\/tags?post=80170"}],"curies":[{"name":"wp","href":"https:\/\/api.w.org\/{rel}","templated":true}]}}