{"id":80164,"date":"2024-04-09T08:31:36","date_gmt":"2024-04-09T11:31:36","guid":{"rendered":"https:\/\/blogdoeloiltoncajuhy.com.br\/site\/?p=80164"},"modified":"2024-04-09T08:31:39","modified_gmt":"2024-04-09T11:31:39","slug":"auxilio-permanencia-para-universitarios-governo-da-bahia-abre-inscricoes-para-o-programa-mais-futuro","status":"publish","type":"post","link":"https:\/\/blogdoeloiltoncajuhy.com.br\/site\/auxilio-permanencia-para-universitarios-governo-da-bahia-abre-inscricoes-para-o-programa-mais-futuro\/","title":{"rendered":"Aux\u00edlio-perman\u00eancia para universit\u00e1rios: governo da Bahia abre inscri\u00e7\u00f5es para o Programa Mais Futuro"},"content":{"rendered":"\n<p class=\"has-medium-font-size\"><strong>Programa oferece aux\u00edlio-perman\u00eancia aos estudantes matriculados em curso de gradua\u00e7\u00e3o presencial e em condi\u00e7\u00f5es de vulnerabilidade socioecon\u00f4mica, oriundos de fam\u00edlias cadastradas no Cad\u00danico.<\/strong><\/p>\n\n\n\n<p><strong>Por g1 BA<\/strong><\/p>\n\n\n\n<figure class=\"wp-block-image aligncenter size-full\"><a href=\"https:\/\/i0.wp.com\/blogdoeloiltoncajuhy.com.br\/site\/wp-content\/uploads\/2024\/04\/GOVBA_Inscricoes-para-o-Programa-Mais-Futuro-%E2%80%94-Foto-Claudionor-Jr-GovBA.jpeg?ssl=1\"><img data-recalc-dims=\"1\" fetchpriority=\"high\" decoding=\"async\" width=\"700\" height=\"467\" src=\"https:\/\/i0.wp.com\/blogdoeloiltoncajuhy.com.br\/site\/wp-content\/uploads\/2024\/04\/GOVBA_Inscricoes-para-o-Programa-Mais-Futuro-%E2%80%94-Foto-Claudionor-Jr-GovBA.jpeg?resize=700%2C467&#038;ssl=1\" alt=\"\" class=\"wp-image-80165\" srcset=\"https:\/\/i0.wp.com\/blogdoeloiltoncajuhy.com.br\/site\/wp-content\/uploads\/2024\/04\/GOVBA_Inscricoes-para-o-Programa-Mais-Futuro-%E2%80%94-Foto-Claudionor-Jr-GovBA.jpeg?w=700&amp;ssl=1 700w, https:\/\/i0.wp.com\/blogdoeloiltoncajuhy.com.br\/site\/wp-content\/uploads\/2024\/04\/GOVBA_Inscricoes-para-o-Programa-Mais-Futuro-%E2%80%94-Foto-Claudionor-Jr-GovBA.jpeg?resize=300%2C200&amp;ssl=1 300w\" sizes=\"(max-width: 700px) 100vw, 700px\" \/><\/a><figcaption class=\"wp-element-caption\"><sub>Governo da Bahia abriu inscri\u00e7\u00f5es para o Programa Mais Futuro, que concede aux\u00edlio-perman\u00eancia para estudantes universit\u00e1rios \u2014 Foto: Claudionor Jr\/GOVBA<\/sub><\/figcaption><\/figure>\n\n\n\n<p>O Governo do Estado, por meio da Secretaria da Educa\u00e7\u00e3o (SEC), abriu na segunda-feira (8), as inscri\u00e7\u00f5es para o Programa Mais Futuro, que seguem at\u00e9 8 de maio.<\/p>\n\n\n\n<p>O programa, institu\u00eddo em 2015, oferece aux\u00edlio-perman\u00eancia aos estudantes em condi\u00e7\u00f5es de vulnerabilidade socioecon\u00f4mica, que s\u00e3o de fam\u00edlias cadastradas no Cad\u00danico e que estejam matriculados em curso de gradua\u00e7\u00e3o presencial, bem como n\u00e3o tenha conclu\u00eddo qualquer outro curso de n\u00edvel superior nas quatro universidades p\u00fablicas estaduais (Uefs, Uneb, Uesc e Uesb).<\/p>\n\n\n\n<p>Os interessados devem se inscrever pela internet, na <a href=\"http:\/\/maisfuturo2.educacao.ba.gov.br\/acessoestudante\" data-type=\"link\" data-id=\"http:\/\/maisfuturo2.educacao.ba.gov.br\/acessoestudante\"><strong><mark style=\"background-color:rgba(0, 0, 0, 0)\" class=\"has-inline-color has-vivid-cyan-blue-color\">p\u00e1gina do programa<\/mark><\/strong><\/a> ou no <a href=\"http:\/\/www.educacao.ba.gov.br\/\"><strong><mark style=\"background-color:rgba(0, 0, 0, 0)\" class=\"has-inline-color has-vivid-cyan-blue-color\">Portal da Educa\u00e7\u00e3o<\/mark><\/strong><\/a>. De acordo com o cronograma divulgado no edital, a publica\u00e7\u00e3o da lista final de homologados dever\u00e1 ser divulgada no dia 7 de junho. O edital tamb\u00e9m est\u00e1 dispon\u00edvel no <a href=\"http:\/\/www.educacao.ba.gov.br\/\" data-type=\"link\" data-id=\"http:\/\/www.educacao.ba.gov.br\/\"><strong><mark style=\"background-color:rgba(0, 0, 0, 0)\" class=\"has-inline-color has-vivid-cyan-blue-color\">Portal da Educa\u00e7\u00e3o<\/mark><\/strong><\/a>.<\/p>\n\n\n\n<p>De acordo com o governo do estado, o &#8220;Mais Futuro&#8221; concede tr\u00eas tipos de aux\u00edlio-perman\u00eancia. S\u00e3o R$ 300 para o Perfil B\u00e1sico, direcionado a estudantes que moram nos mesmos locais onde estudam, e R$ 600 voltados ao Perfil Moradia, para aqueles que moram a uma dist\u00e2ncia superior a 100 km da universidade onde fazem a gradua\u00e7\u00e3o.<\/p>\n\n\n\n<p>H\u00e1 ainda o Perfil Complementar, que contempla estudantes benefici\u00e1rios de aux\u00edlio estabelecido por atos normativos de institui\u00e7\u00f5es estaduais de ensino superior ou de entes federativos diversos que atendam aos crit\u00e9rios estabelecidos pelos perfis B\u00e1sico ou Moradia, conforme definido no Inciso VI do Art. 5\u00ba da Lei n\u00ba 13.458, de 10 de dezembro de 2015, alterada pela Lei n\u00ba 14.360, de 1\u00b0 de setembro de 2021.<\/p>\n\n\n\n<p>O investimento no programa \u00e9 superior a R$ 53,5 milh\u00f5es em 2024, conforme informou o governo da Bahia. O cr\u00e9dito do programa ocorrer\u00e1 durante oito meses do ano para o estudante benefici\u00e1rio do Perfil B\u00e1sico e durante 12 meses do ano para o benefici\u00e1rio enquadrado no Perfil Moradia.<\/p>\n","protected":false},"excerpt":{"rendered":"<p>Programa oferece aux\u00edlio-perman\u00eancia aos estudantes matriculados em curso de gradua\u00e7\u00e3o presencial e em condi\u00e7\u00f5es de vulnerabilidade socioecon\u00f4mica, oriundos de fam\u00edlias cadastradas no Cad\u00danico. Por g1 BA O Governo do Estado, por meio da Secretaria da Educa\u00e7\u00e3o (SEC), abriu na segunda-feira (8), as inscri\u00e7\u00f5es para o Programa Mais Futuro, que seguem at\u00e9 8 de maio. O [&hellip;]<\/p>\n","protected":false},"author":2,"featured_media":80165,"comment_status":"open","ping_status":"open","sticky":false,"template":"","format":"standard","meta":{"_acf_changed":false,"_monsterinsights_skip_tracking":false,"_monsterinsights_sitenote_active":false,"_monsterinsights_sitenote_note":"","_monsterinsights_sitenote_category":0,"_jetpack_memberships_contains_paid_content":false,"footnotes":"","jetpack_publicize_message":"","jetpack_publicize_feature_enabled":true,"jetpack_social_post_already_shared":true,"jetpack_social_options":{"image_generator_settings":{"template":"highway","default_image_id":0,"font":"","enabled":false},"version":2}},"categories":[14],"tags":[],"class_list":["post-80164","post","type-post","status-publish","format-standard","has-post-thumbnail","hentry","category-educacao"],"acf":[],"jetpack_publicize_connections":[],"jetpack_featured_media_url":"https:\/\/i0.wp.com\/blogdoeloiltoncajuhy.com.br\/site\/wp-content\/uploads\/2024\/04\/GOVBA_Inscricoes-para-o-Programa-Mais-Futuro-%E2%80%94-Foto-Claudionor-Jr-GovBA.jpeg?fit=700%2C467&ssl=1","jetpack_sharing_enabled":true,"publishpress_future_workflow_manual_trigger":{"enabledWorkflows":[]},"_links":{"self":[{"href":"https:\/\/blogdoeloiltoncajuhy.com.br\/site\/wp-json\/wp\/v2\/posts\/80164","targetHints":{"allow":["GET"]}}],"collection":[{"href":"https:\/\/blogdoeloiltoncajuhy.com.br\/site\/wp-json\/wp\/v2\/posts"}],"about":[{"href":"https:\/\/blogdoeloiltoncajuhy.com.br\/site\/wp-json\/wp\/v2\/types\/post"}],"author":[{"embeddable":true,"href":"https:\/\/blogdoeloiltoncajuhy.com.br\/site\/wp-json\/wp\/v2\/users\/2"}],"replies":[{"embeddable":true,"href":"https:\/\/blogdoeloiltoncajuhy.com.br\/site\/wp-json\/wp\/v2\/comments?post=80164"}],"version-history":[{"count":1,"href":"https:\/\/blogdoeloiltoncajuhy.com.br\/site\/wp-json\/wp\/v2\/posts\/80164\/revisions"}],"predecessor-version":[{"id":80166,"href":"https:\/\/blogdoeloiltoncajuhy.com.br\/site\/wp-json\/wp\/v2\/posts\/80164\/revisions\/80166"}],"wp:featuredmedia":[{"embeddable":true,"href":"https:\/\/blogdoeloiltoncajuhy.com.br\/site\/wp-json\/wp\/v2\/media\/80165"}],"wp:attachment":[{"href":"https:\/\/blogdoeloiltoncajuhy.com.br\/site\/wp-json\/wp\/v2\/media?parent=80164"}],"wp:term":[{"taxonomy":"category","embeddable":true,"href":"https:\/\/blogdoeloiltoncajuhy.com.br\/site\/wp-json\/wp\/v2\/categories?post=80164"},{"taxonomy":"post_tag","embeddable":true,"href":"https:\/\/blogdoeloiltoncajuhy.com.br\/site\/wp-json\/wp\/v2\/tags?post=80164"}],"curies":[{"name":"wp","href":"https:\/\/api.w.org\/{rel}","templated":true}]}}