{"id":80124,"date":"2024-04-06T13:35:57","date_gmt":"2024-04-06T16:35:57","guid":{"rendered":"https:\/\/blogdoeloiltoncajuhy.com.br\/site\/?p=80124"},"modified":"2024-04-06T13:35:59","modified_gmt":"2024-04-06T16:35:59","slug":"univasf-e-secretaria-de-educacao-da-bahia-celebram-termo-de-cessao-de-uso-de-imovel-do-antigo-codetan-em-senhor-do-bonfim","status":"publish","type":"post","link":"https:\/\/blogdoeloiltoncajuhy.com.br\/site\/univasf-e-secretaria-de-educacao-da-bahia-celebram-termo-de-cessao-de-uso-de-imovel-do-antigo-codetan-em-senhor-do-bonfim\/","title":{"rendered":"Univasf e Secretaria de Educa\u00e7\u00e3o da Bahia celebram termo de cess\u00e3o de uso de im\u00f3vel do antigo Codetan, em Senhor do Bonfim"},"content":{"rendered":"\n<p class=\"has-medium-font-size\"><strong>Parceria vai possibilitar a expans\u00e3o educacional superior em Senhor do Bonfim.<\/strong><\/p>\n\n\n\n<p><strong>Blog do Eloilton Cajuhy<\/strong><\/p>\n\n\n\n<figure class=\"wp-block-image aligncenter size-full\"><a href=\"https:\/\/i0.wp.com\/blogdoeloiltoncajuhy.com.br\/site\/wp-content\/uploads\/2024\/04\/Codetan-Bonfim_Foto-Univasf.jpeg?ssl=1\"><img data-recalc-dims=\"1\" fetchpriority=\"high\" decoding=\"async\" width=\"700\" height=\"525\" src=\"https:\/\/i0.wp.com\/blogdoeloiltoncajuhy.com.br\/site\/wp-content\/uploads\/2024\/04\/Codetan-Bonfim_Foto-Univasf.jpeg?resize=700%2C525&#038;ssl=1\" alt=\"\" class=\"wp-image-80125\" srcset=\"https:\/\/i0.wp.com\/blogdoeloiltoncajuhy.com.br\/site\/wp-content\/uploads\/2024\/04\/Codetan-Bonfim_Foto-Univasf.jpeg?w=700&amp;ssl=1 700w, https:\/\/i0.wp.com\/blogdoeloiltoncajuhy.com.br\/site\/wp-content\/uploads\/2024\/04\/Codetan-Bonfim_Foto-Univasf.jpeg?resize=300%2C225&amp;ssl=1 300w\" sizes=\"(max-width: 700px) 100vw, 700px\" \/><\/a><figcaption class=\"wp-element-caption\"><sub>Im\u00f3vel passar\u00e1 por reforma para ser utilizado em a\u00e7\u00f5es de ensino, pesquisa e extens\u00e3o &#8211; Foto: Univasf<\/sub><\/figcaption><\/figure>\n\n\n\n<p>A Universidade Federal do Vale do S\u00e3o Francisco (Univasf) e a Secretaria de Educa\u00e7\u00e3o da Bahia celebraram na quarta-feira (3) termo de cess\u00e3o de uso do im\u00f3vel onde funcionava o Cento Estadual de Educa\u00e7\u00e3o Profissional em Sa\u00fade Tancredo Neves, antigo Codetan, em Senhor do Bonfim. De acordo com a Univasf, a unidade ser\u00e1 destinada \u00e0 expans\u00e3o das atividades de ensino, pesquisa e extens\u00e3o do Campus Senhor do Bonfim. O termo foi assinado pela vice-reitora da Univasf, Lucia Marisy de Oliveira, e pela diretora do N\u00facleo Territorial de Educa\u00e7\u00e3o do Piemonte Norte do Itapicuru (NTE-25), Ana Raquel Alves Concei\u00e7\u00e3o, representando a secret\u00e1ria de Educa\u00e7\u00e3o, Ad\u00e9lia Pinheiro.<\/p>\n\n\n\n<p>O pr\u00e9dio do Codetan est\u00e1 localizado no bairro Barbosa Santos. A Secretaria de Infraestrutura da Univasf j\u00e1 fez uma visita t\u00e9cnica ao im\u00f3vel, que ir\u00e1 passar por reforma antes de ser disponibilizado para uso. A Comiss\u00e3o de Espa\u00e7os F\u00edsicos (COEF), em conjunto com a comunidade acad\u00eamica do Campus Senhor do Bonfim, ir\u00e1 definir a destina\u00e7\u00e3o dos espa\u00e7os dispon\u00edveis no pr\u00e9dio. Como contrapartida pela cess\u00e3o do pr\u00e9dio, a Univasf ofertar\u00e1 atividades de pesquisa e extens\u00e3o voltadas para o corpo estudantil em tempo integral do N\u00facleo Territorial de Educa\u00e7\u00e3o do Piemonte Norte do Itapicuru.<\/p>\n\n\n\n<figure class=\"wp-block-image aligncenter size-full\"><a href=\"https:\/\/i0.wp.com\/blogdoeloiltoncajuhy.com.br\/site\/wp-content\/uploads\/2024\/04\/Ana-Raquel.jpeg?ssl=1\"><img data-recalc-dims=\"1\" decoding=\"async\" width=\"525\" height=\"700\" src=\"https:\/\/i0.wp.com\/blogdoeloiltoncajuhy.com.br\/site\/wp-content\/uploads\/2024\/04\/Ana-Raquel.jpeg?resize=525%2C700&#038;ssl=1\" alt=\"\" class=\"wp-image-80126\" srcset=\"https:\/\/i0.wp.com\/blogdoeloiltoncajuhy.com.br\/site\/wp-content\/uploads\/2024\/04\/Ana-Raquel.jpeg?w=525&amp;ssl=1 525w, https:\/\/i0.wp.com\/blogdoeloiltoncajuhy.com.br\/site\/wp-content\/uploads\/2024\/04\/Ana-Raquel.jpeg?resize=225%2C300&amp;ssl=1 225w\" sizes=\"(max-width: 525px) 100vw, 525px\" \/><\/a><figcaption class=\"wp-element-caption\"><sub>Vice-reitora da Univasf, Lucia Marisy de Oliveira, e a diretora do N\u00facleo Territorial de Educa\u00e7\u00e3o do Piemonte Norte do Itapicuru, Ana Raquel &#8211; Foto: Univasf<\/sub><\/figcaption><\/figure>\n\n\n\n<p>A vice-reitora Lucia Marisy de Oliveira destaca que a parceria com o governo do Estado da Bahia ser\u00e1 muito positiva para a Univasf e para a comunidade de Senhor do Bonfim. \u201cO pr\u00e9dio \u00e9 grande e nos possibilitar\u00e1 ampliar a oferta de a\u00e7\u00f5es extensionistas para a comunidade, com projetos envolvendo estudantes do ensino m\u00e9dio de Senhor do Bonfim. Tamb\u00e9m ser\u00e1 muito bem utilizado para as atividades do nosso campus na cidade, que no pr\u00f3ximo semestre ter\u00e1 a abertura dos novos cursos de Hist\u00f3ria e Geologia\u201d, afirma.<\/p>\n","protected":false},"excerpt":{"rendered":"<p>Parceria vai possibilitar a expans\u00e3o educacional superior em Senhor do Bonfim. Blog do Eloilton Cajuhy A Universidade Federal do Vale do S\u00e3o Francisco (Univasf) e a Secretaria de Educa\u00e7\u00e3o da Bahia celebraram na quarta-feira (3) termo de cess\u00e3o de uso do im\u00f3vel onde funcionava o Cento Estadual de Educa\u00e7\u00e3o Profissional em Sa\u00fade Tancredo Neves, antigo [&hellip;]<\/p>\n","protected":false},"author":2,"featured_media":80126,"comment_status":"open","ping_status":"open","sticky":false,"template":"","format":"standard","meta":{"_acf_changed":false,"_monsterinsights_skip_tracking":false,"_monsterinsights_sitenote_active":false,"_monsterinsights_sitenote_note":"","_monsterinsights_sitenote_category":0,"_jetpack_memberships_contains_paid_content":false,"footnotes":"","jetpack_publicize_message":"","jetpack_publicize_feature_enabled":true,"jetpack_social_post_already_shared":true,"jetpack_social_options":{"image_generator_settings":{"template":"highway","default_image_id":0,"font":"","enabled":false},"version":2}},"categories":[14],"tags":[],"class_list":["post-80124","post","type-post","status-publish","format-standard","has-post-thumbnail","hentry","category-educacao"],"acf":[],"jetpack_publicize_connections":[],"jetpack_featured_media_url":"https:\/\/i0.wp.com\/blogdoeloiltoncajuhy.com.br\/site\/wp-content\/uploads\/2024\/04\/Ana-Raquel.jpeg?fit=525%2C700&ssl=1","jetpack_sharing_enabled":true,"publishpress_future_workflow_manual_trigger":{"enabledWorkflows":[]},"_links":{"self":[{"href":"https:\/\/blogdoeloiltoncajuhy.com.br\/site\/wp-json\/wp\/v2\/posts\/80124","targetHints":{"allow":["GET"]}}],"collection":[{"href":"https:\/\/blogdoeloiltoncajuhy.com.br\/site\/wp-json\/wp\/v2\/posts"}],"about":[{"href":"https:\/\/blogdoeloiltoncajuhy.com.br\/site\/wp-json\/wp\/v2\/types\/post"}],"author":[{"embeddable":true,"href":"https:\/\/blogdoeloiltoncajuhy.com.br\/site\/wp-json\/wp\/v2\/users\/2"}],"replies":[{"embeddable":true,"href":"https:\/\/blogdoeloiltoncajuhy.com.br\/site\/wp-json\/wp\/v2\/comments?post=80124"}],"version-history":[{"count":1,"href":"https:\/\/blogdoeloiltoncajuhy.com.br\/site\/wp-json\/wp\/v2\/posts\/80124\/revisions"}],"predecessor-version":[{"id":80127,"href":"https:\/\/blogdoeloiltoncajuhy.com.br\/site\/wp-json\/wp\/v2\/posts\/80124\/revisions\/80127"}],"wp:featuredmedia":[{"embeddable":true,"href":"https:\/\/blogdoeloiltoncajuhy.com.br\/site\/wp-json\/wp\/v2\/media\/80126"}],"wp:attachment":[{"href":"https:\/\/blogdoeloiltoncajuhy.com.br\/site\/wp-json\/wp\/v2\/media?parent=80124"}],"wp:term":[{"taxonomy":"category","embeddable":true,"href":"https:\/\/blogdoeloiltoncajuhy.com.br\/site\/wp-json\/wp\/v2\/categories?post=80124"},{"taxonomy":"post_tag","embeddable":true,"href":"https:\/\/blogdoeloiltoncajuhy.com.br\/site\/wp-json\/wp\/v2\/tags?post=80124"}],"curies":[{"name":"wp","href":"https:\/\/api.w.org\/{rel}","templated":true}]}}