{"id":80121,"date":"2024-04-06T12:41:23","date_gmt":"2024-04-06T15:41:23","guid":{"rendered":"https:\/\/blogdoeloiltoncajuhy.com.br\/site\/?p=80121"},"modified":"2024-04-06T12:41:25","modified_gmt":"2024-04-06T15:41:25","slug":"bonfim-helder-amorim-deixa-cargo-do-governo-do-estado-para-participar-das-eleicoes-municipais","status":"publish","type":"post","link":"https:\/\/blogdoeloiltoncajuhy.com.br\/site\/bonfim-helder-amorim-deixa-cargo-do-governo-do-estado-para-participar-das-eleicoes-municipais\/","title":{"rendered":"Bonfim: Helder Amorim deixa cargo do governo do estado para participar das elei\u00e7\u00f5es municipais"},"content":{"rendered":"\n<p class=\"has-medium-font-size\"><strong>Helder vai focar em projeto pol\u00edtico em Senhor do Bonfim.<\/strong><\/p>\n\n\n\n<p><strong>Blog do Eloilton Cajuhy<\/strong><\/p>\n\n\n\n<figure class=\"wp-block-image aligncenter size-full\"><a href=\"https:\/\/i0.wp.com\/blogdoeloiltoncajuhy.com.br\/site\/wp-content\/uploads\/2024\/04\/Helder-Jeronimo-Divulgacao.jpg?ssl=1\"><img data-recalc-dims=\"1\" fetchpriority=\"high\" decoding=\"async\" width=\"700\" height=\"460\" src=\"https:\/\/i0.wp.com\/blogdoeloiltoncajuhy.com.br\/site\/wp-content\/uploads\/2024\/04\/Helder-Jeronimo-Divulgacao.jpg?resize=700%2C460&#038;ssl=1\" alt=\"\" class=\"wp-image-80122\" srcset=\"https:\/\/i0.wp.com\/blogdoeloiltoncajuhy.com.br\/site\/wp-content\/uploads\/2024\/04\/Helder-Jeronimo-Divulgacao.jpg?w=700&amp;ssl=1 700w, https:\/\/i0.wp.com\/blogdoeloiltoncajuhy.com.br\/site\/wp-content\/uploads\/2024\/04\/Helder-Jeronimo-Divulgacao.jpg?resize=300%2C197&amp;ssl=1 300w\" sizes=\"(max-width: 700px) 100vw, 700px\" \/><\/a><figcaption class=\"wp-element-caption\"><sub>Divulga\u00e7\u00e3o<\/sub><\/figcaption><\/figure>\n\n\n\n<p>O professor Helder Amorim anunciou nesta sexta-feira (05) sua ren\u00fancia ao cargo de Coordenador Executivo de Projetos da Educa\u00e7\u00e3o, visando sua participa\u00e7\u00e3o nas elei\u00e7\u00f5es municipais deste ano. A decis\u00e3o est\u00e1 sendo formalizada no Di\u00e1rio Oficial do Estado deste s\u00e1bado. O ex-diretor do N\u00facleo Territorial de Educa\u00e7\u00e3o (NTE-25) de Senhor do Bonfim pretende agora focar no pleito eleitoral de outubro.<\/p>\n\n\n\n<p>&#8220;Com o apoio do Governador Jeronimo Rodrigues, estou deixando minha posi\u00e7\u00e3o na Secretaria Estadual de Educa\u00e7\u00e3o para me dedicar a um importante projeto pol\u00edtico em Senhor do Bonfim. Acredito no potencial de nossa cidade e estou pronto para contribuir para que Bonfim retome sua grandeza&#8221;, afirmou Helder Amorim.<\/p>\n","protected":false},"excerpt":{"rendered":"<p>Helder vai focar em projeto pol\u00edtico em Senhor do Bonfim. Blog do Eloilton Cajuhy O professor Helder Amorim anunciou nesta sexta-feira (05) sua ren\u00fancia ao cargo de Coordenador Executivo de Projetos da Educa\u00e7\u00e3o, visando sua participa\u00e7\u00e3o nas elei\u00e7\u00f5es municipais deste ano. A decis\u00e3o est\u00e1 sendo formalizada no Di\u00e1rio Oficial do Estado deste s\u00e1bado. O ex-diretor [&hellip;]<\/p>\n","protected":false},"author":2,"featured_media":80122,"comment_status":"open","ping_status":"open","sticky":false,"template":"","format":"standard","meta":{"_acf_changed":false,"_monsterinsights_skip_tracking":false,"_monsterinsights_sitenote_active":false,"_monsterinsights_sitenote_note":"","_monsterinsights_sitenote_category":0,"_jetpack_memberships_contains_paid_content":false,"footnotes":"","jetpack_publicize_message":"","jetpack_publicize_feature_enabled":true,"jetpack_social_post_already_shared":true,"jetpack_social_options":{"image_generator_settings":{"template":"highway","default_image_id":0,"font":"","enabled":false},"version":2}},"categories":[3],"tags":[],"class_list":["post-80121","post","type-post","status-publish","format-standard","has-post-thumbnail","hentry","category-politica"],"acf":[],"jetpack_publicize_connections":[],"jetpack_featured_media_url":"https:\/\/i0.wp.com\/blogdoeloiltoncajuhy.com.br\/site\/wp-content\/uploads\/2024\/04\/Helder-Jeronimo-Divulgacao.jpg?fit=700%2C460&ssl=1","jetpack_sharing_enabled":true,"publishpress_future_workflow_manual_trigger":{"enabledWorkflows":[]},"_links":{"self":[{"href":"https:\/\/blogdoeloiltoncajuhy.com.br\/site\/wp-json\/wp\/v2\/posts\/80121","targetHints":{"allow":["GET"]}}],"collection":[{"href":"https:\/\/blogdoeloiltoncajuhy.com.br\/site\/wp-json\/wp\/v2\/posts"}],"about":[{"href":"https:\/\/blogdoeloiltoncajuhy.com.br\/site\/wp-json\/wp\/v2\/types\/post"}],"author":[{"embeddable":true,"href":"https:\/\/blogdoeloiltoncajuhy.com.br\/site\/wp-json\/wp\/v2\/users\/2"}],"replies":[{"embeddable":true,"href":"https:\/\/blogdoeloiltoncajuhy.com.br\/site\/wp-json\/wp\/v2\/comments?post=80121"}],"version-history":[{"count":1,"href":"https:\/\/blogdoeloiltoncajuhy.com.br\/site\/wp-json\/wp\/v2\/posts\/80121\/revisions"}],"predecessor-version":[{"id":80123,"href":"https:\/\/blogdoeloiltoncajuhy.com.br\/site\/wp-json\/wp\/v2\/posts\/80121\/revisions\/80123"}],"wp:featuredmedia":[{"embeddable":true,"href":"https:\/\/blogdoeloiltoncajuhy.com.br\/site\/wp-json\/wp\/v2\/media\/80122"}],"wp:attachment":[{"href":"https:\/\/blogdoeloiltoncajuhy.com.br\/site\/wp-json\/wp\/v2\/media?parent=80121"}],"wp:term":[{"taxonomy":"category","embeddable":true,"href":"https:\/\/blogdoeloiltoncajuhy.com.br\/site\/wp-json\/wp\/v2\/categories?post=80121"},{"taxonomy":"post_tag","embeddable":true,"href":"https:\/\/blogdoeloiltoncajuhy.com.br\/site\/wp-json\/wp\/v2\/tags?post=80121"}],"curies":[{"name":"wp","href":"https:\/\/api.w.org\/{rel}","templated":true}]}}