{"id":80118,"date":"2024-04-06T12:14:43","date_gmt":"2024-04-06T15:14:43","guid":{"rendered":"https:\/\/blogdoeloiltoncajuhy.com.br\/site\/?p=80118"},"modified":"2024-04-06T19:55:53","modified_gmt":"2024-04-06T22:55:53","slug":"luto-morre-o-comunicador-e-poeta-bonfinense-welington-ramos-aos-77-anos","status":"publish","type":"post","link":"https:\/\/blogdoeloiltoncajuhy.com.br\/site\/luto-morre-o-comunicador-e-poeta-bonfinense-welington-ramos-aos-77-anos\/","title":{"rendered":"Luto: Morre o comunicador e poeta bonfinense Welington Ramos, aos 77 anos"},"content":{"rendered":"\n<p class=\"has-medium-font-size\"><strong>Welington marcou \u00e9poca, ao se tornar um dos primeiros comunicadores de Bonfim.<\/strong><\/p>\n\n\n\n<p><strong>Blog do Eloilton Cajuhy<\/strong><\/p>\n\n\n\n<figure class=\"wp-block-image aligncenter size-full\"><a href=\"https:\/\/i0.wp.com\/blogdoeloiltoncajuhy.com.br\/site\/wp-content\/uploads\/2024\/04\/Wellington-Ramos.png?ssl=1\"><img data-recalc-dims=\"1\" fetchpriority=\"high\" decoding=\"async\" width=\"800\" height=\"588\" src=\"https:\/\/i0.wp.com\/blogdoeloiltoncajuhy.com.br\/site\/wp-content\/uploads\/2024\/04\/Wellington-Ramos.png?resize=800%2C588&#038;ssl=1\" alt=\"\" class=\"wp-image-80119\" srcset=\"https:\/\/i0.wp.com\/blogdoeloiltoncajuhy.com.br\/site\/wp-content\/uploads\/2024\/04\/Wellington-Ramos.png?w=860&amp;ssl=1 860w, https:\/\/i0.wp.com\/blogdoeloiltoncajuhy.com.br\/site\/wp-content\/uploads\/2024\/04\/Wellington-Ramos.png?resize=300%2C220&amp;ssl=1 300w, https:\/\/i0.wp.com\/blogdoeloiltoncajuhy.com.br\/site\/wp-content\/uploads\/2024\/04\/Wellington-Ramos.png?resize=768%2C564&amp;ssl=1 768w\" sizes=\"(max-width: 800px) 100vw, 800px\" \/><\/a><figcaption class=\"wp-element-caption\"><sub>Reprodu\u00e7\u00e3o<\/sub><\/figcaption><\/figure>\n\n\n\n<p>Morreu por volta das 7h da manh\u00e3 deste s\u00e1bado (06), o comunicador e poeta Welington Santana Ramos, aos 77 anos. Ele foi um dos primeiros comunicadores, dos tempos da R\u00e1dio Dom Henrique, um servi\u00e7o de alto falante que destacava o dia a dia da cidade.<\/p>\n\n\n\n<p>Durante v\u00e1rios anos, Welington tamb\u00e9m apresentou o programa &#8220;Emo\u00e7\u00f5es&#8221; na R\u00e1dio Cara\u00edba. Welington Ramos \u00e9 irm\u00e3o do advogado e empres\u00e1rio Ananias Ramos, e por muito tempo foi empres\u00e1rio e representante comercial de uma marca de jeans. Bo\u00eamio, tamb\u00e9m escrevia poemas e can\u00e7\u00f5es de amor.<\/p>\n\n\n\n<p>Segundo informa\u00e7\u00f5es, Welington sofreu um acidente dom\u00e9stico em sua resid\u00eancia, na manh\u00e3 de hoje, foi socorrido para a UPA 24h, mas n\u00e3o resistiu. Seu corpo foi levado para o IML de Juazeiro, onde passou por necropsia, e j\u00e1 est\u00e1 sendo velado no Memorial Vila Nova. Seu sepultamento ser\u00e1 realizado neste domingo (07), \u00e0s 10h da manh\u00e3, no Cemit\u00e9rio S\u00e3o L\u00e1zaro, Alto da Maravilha, em Senhor do Bonfim.<\/p>\n","protected":false},"excerpt":{"rendered":"<p>Welington marcou \u00e9poca, ao se tornar um dos primeiros comunicadores de Bonfim. Blog do Eloilton Cajuhy Morreu por volta das 7h da manh\u00e3 deste s\u00e1bado (06), o comunicador e poeta Welington Santana Ramos, aos 77 anos. Ele foi um dos primeiros comunicadores, dos tempos da R\u00e1dio Dom Henrique, um servi\u00e7o de alto falante que destacava [&hellip;]<\/p>\n","protected":false},"author":2,"featured_media":80119,"comment_status":"open","ping_status":"open","sticky":false,"template":"","format":"standard","meta":{"_acf_changed":false,"_monsterinsights_skip_tracking":false,"_monsterinsights_sitenote_active":false,"_monsterinsights_sitenote_note":"","_monsterinsights_sitenote_category":0,"_jetpack_memberships_contains_paid_content":false,"footnotes":"","jetpack_publicize_message":"","jetpack_publicize_feature_enabled":true,"jetpack_social_post_already_shared":true,"jetpack_social_options":{"image_generator_settings":{"template":"highway","default_image_id":0,"font":"","enabled":false},"version":2}},"categories":[4],"tags":[],"class_list":["post-80118","post","type-post","status-publish","format-standard","has-post-thumbnail","hentry","category-local"],"acf":[],"jetpack_publicize_connections":[],"jetpack_featured_media_url":"https:\/\/i0.wp.com\/blogdoeloiltoncajuhy.com.br\/site\/wp-content\/uploads\/2024\/04\/Wellington-Ramos.png?fit=860%2C632&ssl=1","jetpack_sharing_enabled":true,"publishpress_future_workflow_manual_trigger":{"enabledWorkflows":[]},"_links":{"self":[{"href":"https:\/\/blogdoeloiltoncajuhy.com.br\/site\/wp-json\/wp\/v2\/posts\/80118","targetHints":{"allow":["GET"]}}],"collection":[{"href":"https:\/\/blogdoeloiltoncajuhy.com.br\/site\/wp-json\/wp\/v2\/posts"}],"about":[{"href":"https:\/\/blogdoeloiltoncajuhy.com.br\/site\/wp-json\/wp\/v2\/types\/post"}],"author":[{"embeddable":true,"href":"https:\/\/blogdoeloiltoncajuhy.com.br\/site\/wp-json\/wp\/v2\/users\/2"}],"replies":[{"embeddable":true,"href":"https:\/\/blogdoeloiltoncajuhy.com.br\/site\/wp-json\/wp\/v2\/comments?post=80118"}],"version-history":[{"count":4,"href":"https:\/\/blogdoeloiltoncajuhy.com.br\/site\/wp-json\/wp\/v2\/posts\/80118\/revisions"}],"predecessor-version":[{"id":80132,"href":"https:\/\/blogdoeloiltoncajuhy.com.br\/site\/wp-json\/wp\/v2\/posts\/80118\/revisions\/80132"}],"wp:featuredmedia":[{"embeddable":true,"href":"https:\/\/blogdoeloiltoncajuhy.com.br\/site\/wp-json\/wp\/v2\/media\/80119"}],"wp:attachment":[{"href":"https:\/\/blogdoeloiltoncajuhy.com.br\/site\/wp-json\/wp\/v2\/media?parent=80118"}],"wp:term":[{"taxonomy":"category","embeddable":true,"href":"https:\/\/blogdoeloiltoncajuhy.com.br\/site\/wp-json\/wp\/v2\/categories?post=80118"},{"taxonomy":"post_tag","embeddable":true,"href":"https:\/\/blogdoeloiltoncajuhy.com.br\/site\/wp-json\/wp\/v2\/tags?post=80118"}],"curies":[{"name":"wp","href":"https:\/\/api.w.org\/{rel}","templated":true}]}}