{"id":80113,"date":"2024-04-06T06:00:00","date_gmt":"2024-04-06T09:00:00","guid":{"rendered":"https:\/\/blogdoeloiltoncajuhy.com.br\/site\/?p=80113"},"modified":"2024-04-05T19:59:20","modified_gmt":"2024-04-05T22:59:20","slug":"com-aumento-de-casos-de-doencas-respiratorias-sesab-disponibiliza-mais-77-leitos-pediatricos","status":"publish","type":"post","link":"https:\/\/blogdoeloiltoncajuhy.com.br\/site\/com-aumento-de-casos-de-doencas-respiratorias-sesab-disponibiliza-mais-77-leitos-pediatricos\/","title":{"rendered":"Com aumento de casos de doen\u00e7as respirat\u00f3rias, Sesab disponibiliza mais 77 leitos pedi\u00e1tricos"},"content":{"rendered":"\n<p><strong>Ascom Sesab<\/strong><\/p>\n\n\n\n<figure class=\"wp-block-image aligncenter size-full\"><a href=\"https:\/\/i0.wp.com\/blogdoeloiltoncajuhy.com.br\/site\/wp-content\/uploads\/2024\/04\/GOVBA_Leitos_Doencas-Respiratorias_Foto-Leonardo-Rattes-Ascom-Sesab.jpg?ssl=1\"><img data-recalc-dims=\"1\" fetchpriority=\"high\" decoding=\"async\" width=\"700\" height=\"467\" src=\"https:\/\/i0.wp.com\/blogdoeloiltoncajuhy.com.br\/site\/wp-content\/uploads\/2024\/04\/GOVBA_Leitos_Doencas-Respiratorias_Foto-Leonardo-Rattes-Ascom-Sesab.jpg?resize=700%2C467&#038;ssl=1\" alt=\"\" class=\"wp-image-80114\" srcset=\"https:\/\/i0.wp.com\/blogdoeloiltoncajuhy.com.br\/site\/wp-content\/uploads\/2024\/04\/GOVBA_Leitos_Doencas-Respiratorias_Foto-Leonardo-Rattes-Ascom-Sesab.jpg?w=700&amp;ssl=1 700w, https:\/\/i0.wp.com\/blogdoeloiltoncajuhy.com.br\/site\/wp-content\/uploads\/2024\/04\/GOVBA_Leitos_Doencas-Respiratorias_Foto-Leonardo-Rattes-Ascom-Sesab.jpg?resize=300%2C200&amp;ssl=1 300w\" sizes=\"(max-width: 700px) 100vw, 700px\" \/><\/a><figcaption class=\"wp-element-caption\"><sub>Foto: Leonardo Rattes\/Ascom Sesab<\/sub><\/figcaption><\/figure>\n\n\n\n<p>Neste per\u00edodo que, historicamente, apresenta eleva\u00e7\u00e3o das interna\u00e7\u00f5es de crian\u00e7as, principalmente por conta de doen\u00e7as respirat\u00f3rias, a Secretaria da Sa\u00fade do Estado (Sesab) vem aumentando a assist\u00eancia aos pequenos baianos. Somente em unidades da pasta est\u00e3o sendo abertos 38 leitos de Terapia Intensiva (UTI) e outros oito de enfermaria.<\/p>\n\n\n\n<p>Do total de leitos de UTI, 20 s\u00e3o no Hospital 2 de Julho, em Salvador, 10 no Hospital Geral de Vit\u00f3ria da Conquista e 8 no Hospital Regional M\u00e1rio Dourado Sobrinho, em Irec\u00ea. Os leitos de enfermaria s\u00e3o todos no 2 de Julho. A expectativa \u00e9 de que, at\u00e9 o dia 12 de abril, todos os leitos j\u00e1 estejam recebendo pacientes.<\/p>\n\n\n\n<p>Al\u00e9m da amplia\u00e7\u00e3o na rede pr\u00f3pria, outros 28 leitos de enfermaria est\u00e3o sendo disponibilizados no Hospital Martag\u00e3o Gesteira, em Salvador. Para aumentar a capacidade de atendimento na unidade, a Sesab fez a cess\u00e3o de mais de meio milh\u00e3o de reais em equipamentos. S\u00e3o aparelhos como ventiladores de alta frequ\u00eancia e monitores multiparam\u00e9tricos.<\/p>\n\n\n\n<figure class=\"wp-block-image aligncenter size-full\"><a href=\"https:\/\/i0.wp.com\/blogdoeloiltoncajuhy.com.br\/site\/wp-content\/uploads\/2024\/04\/GOVBA_Leitos_Doencas-Respiratorias-02_Foto-Leonardo-Rattes-Ascom-Sesab.jpg?ssl=1\"><img data-recalc-dims=\"1\" decoding=\"async\" width=\"700\" height=\"467\" src=\"https:\/\/i0.wp.com\/blogdoeloiltoncajuhy.com.br\/site\/wp-content\/uploads\/2024\/04\/GOVBA_Leitos_Doencas-Respiratorias-02_Foto-Leonardo-Rattes-Ascom-Sesab.jpg?resize=700%2C467&#038;ssl=1\" alt=\"\" class=\"wp-image-80115\" srcset=\"https:\/\/i0.wp.com\/blogdoeloiltoncajuhy.com.br\/site\/wp-content\/uploads\/2024\/04\/GOVBA_Leitos_Doencas-Respiratorias-02_Foto-Leonardo-Rattes-Ascom-Sesab.jpg?w=700&amp;ssl=1 700w, https:\/\/i0.wp.com\/blogdoeloiltoncajuhy.com.br\/site\/wp-content\/uploads\/2024\/04\/GOVBA_Leitos_Doencas-Respiratorias-02_Foto-Leonardo-Rattes-Ascom-Sesab.jpg?resize=300%2C200&amp;ssl=1 300w\" sizes=\"(max-width: 700px) 100vw, 700px\" \/><\/a><figcaption class=\"wp-element-caption\"><sub>Foto: Leonardo Rattes\/Ascom Sesab<\/sub><\/figcaption><\/figure>\n\n\n\n<p>Tamb\u00e9m na rede complementar, h\u00e1 previs\u00e3o de disponibiliza\u00e7\u00e3o de tr\u00eas leitos de UTI em Feira de Santana, que ser\u00e3o contratados em uma unidade privada. \u201cSabemos que, no per\u00edodo do outono e do inverno, h\u00e1 um crescimento no n\u00famero de atendimentos \u00e0s crian\u00e7as por conta do aumento da incid\u00eancia das s\u00edndromes respirat\u00f3rias. Essas amplia\u00e7\u00f5es s\u00e3o fundamentais para seguirmos prestando um atendimento de qualidade \u00e0 popula\u00e7\u00e3o, sobretudo, para o p\u00fablico infantil, que demanda uma aten\u00e7\u00e3o maior e mais eficaz\u201d, afirma a secret\u00e1ria da Sa\u00fade, Roberta Santana.<\/p>\n\n\n\n<p class=\"has-black-color has-text-color has-link-color has-medium-font-size wp-elements-e774d8a2823aa2a68c74a3475d7fcf80\"><strong>Casos de SRAG<\/strong><\/p>\n\n\n\n<p>Na Bahia, em 2024, at\u00e9 o dia 1 de abril, foram notificados 2.165 casos de S\u00edndrome Respirat\u00f3ria Aguda Grave (Srag), com registro de 128 \u00f3bitos. No mesmo per\u00edodo de 2023, foram notificados 2004 casos, observando-se um aumento de 8,03%. A faixa et\u00e1ria de maior incid\u00eancia de casos de Srag no ano 2024 foi a de menores de 1 ano (179,3\/100.000 hab) seguida de 1 a 4 anos (62,7\/100.000 hab).<\/p>\n","protected":false},"excerpt":{"rendered":"<p>Ascom Sesab Neste per\u00edodo que, historicamente, apresenta eleva\u00e7\u00e3o das interna\u00e7\u00f5es de crian\u00e7as, principalmente por conta de doen\u00e7as respirat\u00f3rias, a Secretaria da Sa\u00fade do Estado (Sesab) vem aumentando a assist\u00eancia aos pequenos baianos. Somente em unidades da pasta est\u00e3o sendo abertos 38 leitos de Terapia Intensiva (UTI) e outros oito de enfermaria. Do total de leitos [&hellip;]<\/p>\n","protected":false},"author":2,"featured_media":80115,"comment_status":"open","ping_status":"open","sticky":false,"template":"","format":"standard","meta":{"_acf_changed":false,"_monsterinsights_skip_tracking":false,"_monsterinsights_sitenote_active":false,"_monsterinsights_sitenote_note":"","_monsterinsights_sitenote_category":0,"_jetpack_memberships_contains_paid_content":false,"footnotes":"","jetpack_publicize_message":"","jetpack_publicize_feature_enabled":true,"jetpack_social_post_already_shared":true,"jetpack_social_options":{"image_generator_settings":{"template":"highway","default_image_id":0,"font":"","enabled":false},"version":2}},"categories":[7],"tags":[],"class_list":["post-80113","post","type-post","status-publish","format-standard","has-post-thumbnail","hentry","category-saude"],"acf":[],"jetpack_publicize_connections":[],"jetpack_featured_media_url":"https:\/\/i0.wp.com\/blogdoeloiltoncajuhy.com.br\/site\/wp-content\/uploads\/2024\/04\/GOVBA_Leitos_Doencas-Respiratorias-02_Foto-Leonardo-Rattes-Ascom-Sesab.jpg?fit=700%2C467&ssl=1","jetpack_sharing_enabled":true,"publishpress_future_workflow_manual_trigger":{"enabledWorkflows":[]},"_links":{"self":[{"href":"https:\/\/blogdoeloiltoncajuhy.com.br\/site\/wp-json\/wp\/v2\/posts\/80113","targetHints":{"allow":["GET"]}}],"collection":[{"href":"https:\/\/blogdoeloiltoncajuhy.com.br\/site\/wp-json\/wp\/v2\/posts"}],"about":[{"href":"https:\/\/blogdoeloiltoncajuhy.com.br\/site\/wp-json\/wp\/v2\/types\/post"}],"author":[{"embeddable":true,"href":"https:\/\/blogdoeloiltoncajuhy.com.br\/site\/wp-json\/wp\/v2\/users\/2"}],"replies":[{"embeddable":true,"href":"https:\/\/blogdoeloiltoncajuhy.com.br\/site\/wp-json\/wp\/v2\/comments?post=80113"}],"version-history":[{"count":1,"href":"https:\/\/blogdoeloiltoncajuhy.com.br\/site\/wp-json\/wp\/v2\/posts\/80113\/revisions"}],"predecessor-version":[{"id":80116,"href":"https:\/\/blogdoeloiltoncajuhy.com.br\/site\/wp-json\/wp\/v2\/posts\/80113\/revisions\/80116"}],"wp:featuredmedia":[{"embeddable":true,"href":"https:\/\/blogdoeloiltoncajuhy.com.br\/site\/wp-json\/wp\/v2\/media\/80115"}],"wp:attachment":[{"href":"https:\/\/blogdoeloiltoncajuhy.com.br\/site\/wp-json\/wp\/v2\/media?parent=80113"}],"wp:term":[{"taxonomy":"category","embeddable":true,"href":"https:\/\/blogdoeloiltoncajuhy.com.br\/site\/wp-json\/wp\/v2\/categories?post=80113"},{"taxonomy":"post_tag","embeddable":true,"href":"https:\/\/blogdoeloiltoncajuhy.com.br\/site\/wp-json\/wp\/v2\/tags?post=80113"}],"curies":[{"name":"wp","href":"https:\/\/api.w.org\/{rel}","templated":true}]}}