{"id":80083,"date":"2024-04-04T19:29:53","date_gmt":"2024-04-04T22:29:53","guid":{"rendered":"https:\/\/blogdoeloiltoncajuhy.com.br\/site\/?p=80083"},"modified":"2024-04-04T19:29:56","modified_gmt":"2024-04-04T22:29:56","slug":"visando-a-economia-solidaria-cesol-e-if-baiano-formam-parceria-em-bonfim","status":"publish","type":"post","link":"https:\/\/blogdoeloiltoncajuhy.com.br\/site\/visando-a-economia-solidaria-cesol-e-if-baiano-formam-parceria-em-bonfim\/","title":{"rendered":"Visando a economia solid\u00e1ria, Cesol e IF Baiano formam parceria em Bonfim"},"content":{"rendered":"\n<p class=\"has-medium-font-size\"><strong>Capacita\u00e7\u00e3o t\u00e9cnica e tecnol\u00f3gica para o desenvolvimento sustent\u00e1vel regional.<\/strong><\/p>\n\n\n\n<p><strong>Blog do Eloilton Cajuhy<\/strong><\/p>\n\n\n\n<figure class=\"wp-block-image aligncenter size-full is-resized\"><a href=\"https:\/\/i0.wp.com\/blogdoeloiltoncajuhy.com.br\/site\/wp-content\/uploads\/2024\/04\/Cesol-e-If-Baiano_01.jpg?ssl=1\"><img data-recalc-dims=\"1\" fetchpriority=\"high\" decoding=\"async\" width=\"700\" height=\"350\" src=\"https:\/\/i0.wp.com\/blogdoeloiltoncajuhy.com.br\/site\/wp-content\/uploads\/2024\/04\/Cesol-e-If-Baiano_01.jpg?resize=700%2C350&#038;ssl=1\" alt=\"\" class=\"wp-image-80084\" style=\"width:812px;height:auto\" srcset=\"https:\/\/i0.wp.com\/blogdoeloiltoncajuhy.com.br\/site\/wp-content\/uploads\/2024\/04\/Cesol-e-If-Baiano_01.jpg?w=700&amp;ssl=1 700w, https:\/\/i0.wp.com\/blogdoeloiltoncajuhy.com.br\/site\/wp-content\/uploads\/2024\/04\/Cesol-e-If-Baiano_01.jpg?resize=300%2C150&amp;ssl=1 300w\" sizes=\"(max-width: 700px) 100vw, 700px\" \/><\/a><figcaption class=\"wp-element-caption\"><sub>Representantes do Colegiado, do IF Baiano e das organiza\u00e7\u00f5es sociais &#8211; Foto: Divulga\u00e7\u00e3o<\/sub><\/figcaption><\/figure>\n\n\n\n<p>No dia 26 de mar\u00e7o de 2024, os coordenadores Nilo Ramos, Ana Paula Cerqueira e Railton Xavier, do Cesol Piemonte da Diamantina e Munic\u00edpios \/ ADESBA, participaram da reuni\u00e3o do colegiado de desenvolvimento territorial sustent\u00e1vel Piemonte Norte do Itapicuru, ocorrida no audit\u00f3rio do Instituto Federal (IF) Baiano, campus de Senhor do Bonfim\u2013BA.<\/p>\n\n\n\n<p>Dentre os tr\u00eas pontos de pauta abordados, segundo os organizadores do evento, o destaque recaiu sobre a apresenta\u00e7\u00e3o da proposta do curso de bacharelado em Administra\u00e7\u00e3o no TIPNI pelo IF Baiano em Senhor do Bonfim.<\/p>\n\n\n\n<p>A proposta, conduzida pelos professores Welington e Guilherme, foi elaborada com base nas voca\u00e7\u00f5es territoriais, incluindo uma an\u00e1lise das cadeias produtivas em evid\u00eancia.<\/p>\n\n\n\n<p>Uma das preocupa\u00e7\u00f5es centrais da proposta \u00e9 a inclus\u00e3o da economia solid\u00e1ria como componente formador para os futuros estudantes, evidenciando o cont\u00ednuo destaque da economia popular e solid\u00e1ria nos ambientes educacionais, inclusive na forma\u00e7\u00e3o t\u00e9cnico-profissional. Assim, renova-se a esperan\u00e7a de uma sociedade mais justa e igualit\u00e1ria, por meio da forma\u00e7\u00e3o de novos modelos de gest\u00e3o e administra\u00e7\u00e3o de empreendimentos econ\u00f4micos.<\/p>\n\n\n\n<figure class=\"wp-block-image aligncenter size-full\"><a href=\"https:\/\/i0.wp.com\/blogdoeloiltoncajuhy.com.br\/site\/wp-content\/uploads\/2024\/04\/Cesol-e-If-Baiano_02.jpg?ssl=1\"><img data-recalc-dims=\"1\" decoding=\"async\" width=\"700\" height=\"526\" src=\"https:\/\/i0.wp.com\/blogdoeloiltoncajuhy.com.br\/site\/wp-content\/uploads\/2024\/04\/Cesol-e-If-Baiano_02.jpg?resize=700%2C526&#038;ssl=1\" alt=\"\" class=\"wp-image-80085\" srcset=\"https:\/\/i0.wp.com\/blogdoeloiltoncajuhy.com.br\/site\/wp-content\/uploads\/2024\/04\/Cesol-e-If-Baiano_02.jpg?w=700&amp;ssl=1 700w, https:\/\/i0.wp.com\/blogdoeloiltoncajuhy.com.br\/site\/wp-content\/uploads\/2024\/04\/Cesol-e-If-Baiano_02.jpg?resize=300%2C225&amp;ssl=1 300w\" sizes=\"(max-width: 700px) 100vw, 700px\" \/><\/a><figcaption class=\"wp-element-caption\"><sub>Professores Welington e Guilherme &#8211; Foto: Divulga\u00e7\u00e3o<\/sub><\/figcaption><\/figure>\n\n\n\n<p>Os respons\u00e1veis pelo encontro ressaltaram, ainda, a import\u00e2ncia crucial do ensino t\u00e9cnico e tecnol\u00f3gico na promo\u00e7\u00e3o e fortalecimento da economia solid\u00e1ria. Os programas educacionais voltados para o ensino t\u00e9cnico proporcionam aos estudantes n\u00e3o apenas conhecimentos te\u00f3ricos, mas tamb\u00e9m habilidades pr\u00e1ticas essenciais para o sucesso na gest\u00e3o de empreendimentos solid\u00e1rios. Ao adquirirem compet\u00eancias espec\u00edficas em \u00e1reas como administra\u00e7\u00e3o, contabilidade, marketing e gest\u00e3o de recursos humanos, os alunos est\u00e3o melhor preparados para enfrentar os desafios do mercado e contribuir para o crescimento sustent\u00e1vel dos neg\u00f3cios solid\u00e1rios.<\/p>\n\n\n\n<p>Al\u00e9m disso, o ensino t\u00e9cnico e tecnol\u00f3gico promove a inova\u00e7\u00e3o e o desenvolvimento de solu\u00e7\u00f5es criativas para os problemas enfrentados pelas comunidades locais, estimulando a cria\u00e7\u00e3o de novos empreendimentos e a diversifica\u00e7\u00e3o da economia. Ao capacitar os alunos para identificar oportunidades de neg\u00f3cio e implementar pr\u00e1ticas sustent\u00e1veis, o ensino t\u00e9cnico desempenha um papel fundamental na constru\u00e7\u00e3o de uma sociedade mais inclusiva e resiliente, onde todos t\u00eam a oportunidade de prosperar e contribuir para o bem-estar coletivo.<\/p>\n\n\n\n<p>Ainda foi destacada a parceria entre o Cesol Piemonte da Diamantina e Munic\u00edpios \/ ADESBA e o IF Baiano &#8211; Campus de Senhor do Bonfim. O primeiro est\u00e1gio disponibilizado para um aluno do curso t\u00e9cnico subsequente de zootecnia neste ano representa o in\u00edcio de uma colabora\u00e7\u00e3o promissora. Espera-se que o Cesol receba novos estagi\u00e1rios e participe de outros projetos em conjunto com o IF Baiano, fortalecendo assim os la\u00e7os entre a educa\u00e7\u00e3o t\u00e9cnica e a promo\u00e7\u00e3o da economia solid\u00e1ria na regi\u00e3o.<\/p>\n","protected":false},"excerpt":{"rendered":"<p>Capacita\u00e7\u00e3o t\u00e9cnica e tecnol\u00f3gica para o desenvolvimento sustent\u00e1vel regional. Blog do Eloilton Cajuhy No dia 26 de mar\u00e7o de 2024, os coordenadores Nilo Ramos, Ana Paula Cerqueira e Railton Xavier, do Cesol Piemonte da Diamantina e Munic\u00edpios \/ ADESBA, participaram da reuni\u00e3o do colegiado de desenvolvimento territorial sustent\u00e1vel Piemonte Norte do Itapicuru, ocorrida no audit\u00f3rio [&hellip;]<\/p>\n","protected":false},"author":2,"featured_media":80084,"comment_status":"open","ping_status":"open","sticky":false,"template":"","format":"standard","meta":{"_acf_changed":false,"_monsterinsights_skip_tracking":false,"_monsterinsights_sitenote_active":false,"_monsterinsights_sitenote_note":"","_monsterinsights_sitenote_category":0,"_jetpack_memberships_contains_paid_content":false,"footnotes":"","jetpack_publicize_message":"","jetpack_publicize_feature_enabled":true,"jetpack_social_post_already_shared":true,"jetpack_social_options":{"image_generator_settings":{"template":"highway","default_image_id":0,"font":"","enabled":false},"version":2}},"categories":[14],"tags":[],"class_list":["post-80083","post","type-post","status-publish","format-standard","has-post-thumbnail","hentry","category-educacao"],"acf":[],"jetpack_publicize_connections":[],"jetpack_featured_media_url":"https:\/\/i0.wp.com\/blogdoeloiltoncajuhy.com.br\/site\/wp-content\/uploads\/2024\/04\/Cesol-e-If-Baiano_01.jpg?fit=700%2C350&ssl=1","jetpack_sharing_enabled":true,"publishpress_future_workflow_manual_trigger":{"enabledWorkflows":[]},"_links":{"self":[{"href":"https:\/\/blogdoeloiltoncajuhy.com.br\/site\/wp-json\/wp\/v2\/posts\/80083","targetHints":{"allow":["GET"]}}],"collection":[{"href":"https:\/\/blogdoeloiltoncajuhy.com.br\/site\/wp-json\/wp\/v2\/posts"}],"about":[{"href":"https:\/\/blogdoeloiltoncajuhy.com.br\/site\/wp-json\/wp\/v2\/types\/post"}],"author":[{"embeddable":true,"href":"https:\/\/blogdoeloiltoncajuhy.com.br\/site\/wp-json\/wp\/v2\/users\/2"}],"replies":[{"embeddable":true,"href":"https:\/\/blogdoeloiltoncajuhy.com.br\/site\/wp-json\/wp\/v2\/comments?post=80083"}],"version-history":[{"count":1,"href":"https:\/\/blogdoeloiltoncajuhy.com.br\/site\/wp-json\/wp\/v2\/posts\/80083\/revisions"}],"predecessor-version":[{"id":80086,"href":"https:\/\/blogdoeloiltoncajuhy.com.br\/site\/wp-json\/wp\/v2\/posts\/80083\/revisions\/80086"}],"wp:featuredmedia":[{"embeddable":true,"href":"https:\/\/blogdoeloiltoncajuhy.com.br\/site\/wp-json\/wp\/v2\/media\/80084"}],"wp:attachment":[{"href":"https:\/\/blogdoeloiltoncajuhy.com.br\/site\/wp-json\/wp\/v2\/media?parent=80083"}],"wp:term":[{"taxonomy":"category","embeddable":true,"href":"https:\/\/blogdoeloiltoncajuhy.com.br\/site\/wp-json\/wp\/v2\/categories?post=80083"},{"taxonomy":"post_tag","embeddable":true,"href":"https:\/\/blogdoeloiltoncajuhy.com.br\/site\/wp-json\/wp\/v2\/tags?post=80083"}],"curies":[{"name":"wp","href":"https:\/\/api.w.org\/{rel}","templated":true}]}}