{"id":80075,"date":"2024-04-04T17:37:26","date_gmt":"2024-04-04T20:37:26","guid":{"rendered":"https:\/\/blogdoeloiltoncajuhy.com.br\/site\/?p=80075"},"modified":"2024-04-04T17:38:43","modified_gmt":"2024-04-04T20:38:43","slug":"compra-de-respiradores-em-nota-rui-costa-nega-acusacoes-de-delatora","status":"publish","type":"post","link":"https:\/\/blogdoeloiltoncajuhy.com.br\/site\/compra-de-respiradores-em-nota-rui-costa-nega-acusacoes-de-delatora\/","title":{"rendered":"Compra de respiradores: Em nota, Rui Costa nega acusa\u00e7\u00f5es de delatora"},"content":{"rendered":"\n<p><strong>Blog do Eloilton Cajuhy<\/strong><\/p>\n\n\n\n<figure class=\"wp-block-image aligncenter size-full is-resized\"><a href=\"https:\/\/i0.wp.com\/blogdoeloiltoncajuhy.com.br\/site\/wp-content\/uploads\/2024\/04\/Ministro-da-Casa-Civil-Rui-Costa-Foto-Fabio-Rodrigues-Pozzebom-Agencia-Brasil.jpeg?ssl=1\"><img data-recalc-dims=\"1\" fetchpriority=\"high\" decoding=\"async\" width=\"700\" height=\"351\" src=\"https:\/\/i0.wp.com\/blogdoeloiltoncajuhy.com.br\/site\/wp-content\/uploads\/2024\/04\/Ministro-da-Casa-Civil-Rui-Costa-Foto-Fabio-Rodrigues-Pozzebom-Agencia-Brasil.jpeg?resize=700%2C351&#038;ssl=1\" alt=\"\" class=\"wp-image-80076\" style=\"width:844px;height:auto\" srcset=\"https:\/\/i0.wp.com\/blogdoeloiltoncajuhy.com.br\/site\/wp-content\/uploads\/2024\/04\/Ministro-da-Casa-Civil-Rui-Costa-Foto-Fabio-Rodrigues-Pozzebom-Agencia-Brasil.jpeg?w=700&amp;ssl=1 700w, https:\/\/i0.wp.com\/blogdoeloiltoncajuhy.com.br\/site\/wp-content\/uploads\/2024\/04\/Ministro-da-Casa-Civil-Rui-Costa-Foto-Fabio-Rodrigues-Pozzebom-Agencia-Brasil.jpeg?resize=300%2C150&amp;ssl=1 300w\" sizes=\"(max-width: 700px) 100vw, 700px\" \/><\/a><figcaption class=\"wp-element-caption\"><sub>Ministro da Casa Civil Rui Costa &#8211; Foto: F\u00e1bio Rodrigues Pozzebom\/Ag\u00eancia Brasil<\/sub><\/figcaption><\/figure>\n\n\n\n<p>O Ministro da Casa Civil, Rui Costa, divulgou nota nesta quinta-feira (04), para rebater informa\u00e7\u00f5es publicadas nos \u00faltimos dias a respeito da compra de respiradores durante o per\u00edodo em que foi governador da Bahia, e que foram alvo de investiga\u00e7\u00e3o da Pol\u00edcia Federal.<\/p>\n\n\n\n<p>O ex-governador afirma que ap\u00f3s a n\u00e3o entrega dos respiradores, determinou &#8220;que a Secretaria de Seguran\u00e7a P\u00fablica da Bahia abrisse uma investiga\u00e7\u00e3o contra os autores do desvio dos recursos destinados \u00e0 compra desses equipamentos&#8221;, e diz que estranha &#8220;que o caso volte \u00e0 tona, agora, por for\u00e7a de uma mat\u00e9ria baseada nas palavras da principal autora do crime&#8221;.<\/p>\n\n\n\n<p>A empres\u00e1ria Cristiana Taddeo, dona da empresa Hempcare, afirmou \u00e0 Pol\u00edcia Federal que o contrato firmado com o Estado da Bahia foi fechado em R$ 48 milh\u00f5es. Os respiradores, apesar de comprados em abril de 2020, n\u00e3o foram entregues. Conforme Cristiana, a venda teve autoriza\u00e7\u00e3o do ent\u00e3o governador.<\/p>\n\n\n\n<h2 class=\"wp-block-heading\"><strong><mark style=\"background-color:rgba(0, 0, 0, 0)\" class=\"has-inline-color has-black-color\">Leia a nota de Rui Costa na \u00edntegra:<\/mark><\/strong><\/h2>\n\n\n\n<p><em>Ao longo dos meus oito anos \u00e0 frente do Governo do Bahia, observei o estrito cumprimento da lei, sempre me pautando por valores \u00e9ticos e morais. Junto com minha equipe, trabalhei incansavelmente para minimizar a perda de vidas humanas durante a pandemia da Covid-19, tendo como base os preceitos cient\u00edficos.<\/em><\/p>\n\n\n\n<p><em>Ap\u00f3s a n\u00e3o entrega dos respiradores, determinei que a Secretaria de Seguran\u00e7a P\u00fablica da Bahia abrisse uma investiga\u00e7\u00e3o contra os autores do desvio dos recursos destinados \u00e0 compra desses equipamentos. Os implicados foram presos pela Pol\u00edcia Civil por ordem da Justi\u00e7a baiana semanas ap\u00f3s a den\u00fancia.<\/em><\/p>\n\n\n\n<p><em>A partir da apura\u00e7\u00e3o e investiga\u00e7\u00e3o da Pol\u00edcia Federal, por quase tr\u00eas anos, a Justi\u00e7a Federal enviou o processo \u00e0 primeira inst\u00e2ncia. Estranho que o caso volte \u00e0 tona, agora, por for\u00e7a de uma mat\u00e9ria baseada nas palavras da principal autora do crime.<\/em><\/p>\n\n\n\n<p><em>Refor\u00e7o que jamais tratei com nenhum preposto ou intermedi\u00e1rio sobre a compra de respiradores ou de qualquer outro equipamento de sa\u00fade durante minha gest\u00e3o.<\/em><\/p>\n\n\n\n<p><em>Nos duros anos da pandemia, as compras realizadas por estados e munic\u00edpios no Brasil e no mundo foram feitas com pagamento antecipado. Esta era a condi\u00e7\u00e3o vigente naquele momento.<\/em><\/p>\n\n\n\n<p><em>O processo retornou \u00e0 primeira inst\u00e2ncia com o reconhecimento do Minist\u00e9rio P\u00fablico Federal e do Judici\u00e1rio, atrav\u00e9s do STJ, da inexist\u00eancia de qualquer ind\u00edcio da minha participa\u00e7\u00e3o nos fatos apurados na investiga\u00e7\u00e3o.<\/em><\/p>\n\n\n\n<p><em>Desejo que a investiga\u00e7\u00e3o seja conclu\u00edda e que os respons\u00e1veis sejam punidos por seus crimes, n\u00e3o s\u00f3 do desvio do dinheiro p\u00fablico, mas tamb\u00e9m do crime absolutamente cruel de impedir, atrav\u00e9s de um roubo, que vidas humanas fossem salvas.<\/em><\/p>\n\n\n\n<p class=\"has-text-align-center\"><strong><mark style=\"background-color:rgba(0, 0, 0, 0)\" class=\"has-inline-color has-black-color\">Rui Costa<\/mark><\/strong><br><em>Ministro da Casa Civil<\/em><\/p>\n","protected":false},"excerpt":{"rendered":"<p>Blog do Eloilton Cajuhy O Ministro da Casa Civil, Rui Costa, divulgou nota nesta quinta-feira (04), para rebater informa\u00e7\u00f5es publicadas nos \u00faltimos dias a respeito da compra de respiradores durante o per\u00edodo em que foi governador da Bahia, e que foram alvo de investiga\u00e7\u00e3o da Pol\u00edcia Federal. O ex-governador afirma que ap\u00f3s a n\u00e3o entrega [&hellip;]<\/p>\n","protected":false},"author":2,"featured_media":80076,"comment_status":"open","ping_status":"open","sticky":false,"template":"","format":"standard","meta":{"_acf_changed":false,"_monsterinsights_skip_tracking":false,"_monsterinsights_sitenote_active":false,"_monsterinsights_sitenote_note":"","_monsterinsights_sitenote_category":0,"_jetpack_memberships_contains_paid_content":false,"footnotes":"","jetpack_publicize_message":"","jetpack_publicize_feature_enabled":true,"jetpack_social_post_already_shared":true,"jetpack_social_options":{"image_generator_settings":{"template":"highway","default_image_id":0,"font":"","enabled":false},"version":2}},"categories":[3],"tags":[],"class_list":["post-80075","post","type-post","status-publish","format-standard","has-post-thumbnail","hentry","category-politica"],"acf":[],"jetpack_publicize_connections":[],"jetpack_featured_media_url":"https:\/\/i0.wp.com\/blogdoeloiltoncajuhy.com.br\/site\/wp-content\/uploads\/2024\/04\/Ministro-da-Casa-Civil-Rui-Costa-Foto-Fabio-Rodrigues-Pozzebom-Agencia-Brasil.jpeg?fit=700%2C351&ssl=1","jetpack_sharing_enabled":true,"publishpress_future_workflow_manual_trigger":{"enabledWorkflows":[]},"_links":{"self":[{"href":"https:\/\/blogdoeloiltoncajuhy.com.br\/site\/wp-json\/wp\/v2\/posts\/80075","targetHints":{"allow":["GET"]}}],"collection":[{"href":"https:\/\/blogdoeloiltoncajuhy.com.br\/site\/wp-json\/wp\/v2\/posts"}],"about":[{"href":"https:\/\/blogdoeloiltoncajuhy.com.br\/site\/wp-json\/wp\/v2\/types\/post"}],"author":[{"embeddable":true,"href":"https:\/\/blogdoeloiltoncajuhy.com.br\/site\/wp-json\/wp\/v2\/users\/2"}],"replies":[{"embeddable":true,"href":"https:\/\/blogdoeloiltoncajuhy.com.br\/site\/wp-json\/wp\/v2\/comments?post=80075"}],"version-history":[{"count":3,"href":"https:\/\/blogdoeloiltoncajuhy.com.br\/site\/wp-json\/wp\/v2\/posts\/80075\/revisions"}],"predecessor-version":[{"id":80079,"href":"https:\/\/blogdoeloiltoncajuhy.com.br\/site\/wp-json\/wp\/v2\/posts\/80075\/revisions\/80079"}],"wp:featuredmedia":[{"embeddable":true,"href":"https:\/\/blogdoeloiltoncajuhy.com.br\/site\/wp-json\/wp\/v2\/media\/80076"}],"wp:attachment":[{"href":"https:\/\/blogdoeloiltoncajuhy.com.br\/site\/wp-json\/wp\/v2\/media?parent=80075"}],"wp:term":[{"taxonomy":"category","embeddable":true,"href":"https:\/\/blogdoeloiltoncajuhy.com.br\/site\/wp-json\/wp\/v2\/categories?post=80075"},{"taxonomy":"post_tag","embeddable":true,"href":"https:\/\/blogdoeloiltoncajuhy.com.br\/site\/wp-json\/wp\/v2\/tags?post=80075"}],"curies":[{"name":"wp","href":"https:\/\/api.w.org\/{rel}","templated":true}]}}